{"id":16642,"date":"2024-11-29T22:36:22","date_gmt":"2024-11-29T22:36:22","guid":{"rendered":"https:\/\/fmamiga909.com.ar\/?p=16642"},"modified":"2024-11-29T22:36:22","modified_gmt":"2024-11-29T22:36:22","slug":"el-presidente-del-inter-de-italia-salio-a-defender-a-lautaro-martinez","status":"publish","type":"post","link":"https:\/\/fmamiga909.com.ar\/?p=16642","title":{"rendered":"El presidente del Inter de Italia sali\u00f3 a defender a Lautaro Mart\u00ednez"},"content":{"rendered":"<div><!-- Body --><\/p>\n<p>El presidente del Inter de Mil\u00e1n, Giuseppe Marotta, critic\u00f3 la decisi\u00f3n de la FIFA de no colocar al delantero argentino <b>Lautaro Mart\u00ednez<\/b> entre los nominados al premio The Best, y que s\u00f3lo lo ternara para \u00abMejor Delantero\u00bb.<\/p>\n<p>\u00abEs sorprendente y decepcionante que Lautaro Mart\u00ednez no haya sido considerado entre los candidatos a <b>Mejor Jugador de la FIFA,<\/b> despu\u00e9s de una temporada excepcional\u00bb, expres\u00f3 el presidente del Inter en una entrevista con el medio ANSA.<\/p>\n<p>Y prosigui\u00f3: \u00abSus extraordinarias actuaciones contribuyeron a llevar al Inter a un hito hist\u00f3rico y a la <b>Selecci\u00f3n Argentina a la victoria en la Copa Am\u00e9rica.<\/b> En ambas competiciones tambi\u00e9n fue el m\u00e1ximo goleador del torneo. Lautaro merece m\u00e1s respeto y mayor reconocimiento\u00bb.<\/p>\n<p>Marotta asegur\u00f3 que la decisi\u00f3n de FIFA desmerece los logros y n\u00fameros de Lautaro: \u00abEsta exclusi\u00f3n parece ignorar no s\u00f3lo los n\u00fameros y los \u00e9xitos, sino tambi\u00e9n el impacto que tuvo en los partidos decisivos. <b>Esta es una se\u00f1al negativa,<\/b> los jugadores que destacan de forma tan significativa deber\u00edan ser recompensados. Esperamos que en el futuro se d\u00e9 el reconocimiento adecuado a quienes, como Lautaro, siguen brillando en el campo\u00bb.<\/p>\n<p>El \u00abToro\u00bb Mart\u00ednez es el primer argentino en ganar el premio <b>Pie de Oro<\/b> como mejor futbolista mayor de 28 a\u00f1os, entregado por la empresa World Champions Club.<\/p>\n<p>El atacante de la escuadra italiana viene de no poder conseguir el <b>Bal\u00f3n de Oro, <\/b>en donde fue nominado entre otras figuras del f\u00fatbol mundial, pero pudo quedarse con el premio que se entrega desde el a\u00f1o 2003; adem\u00e1s es el primer argentino en lograrlo.<\/p>\n<p><!-- Live Blog Post --><\/div>\n<p><a href=\"https:\/\/www.pagina12.com.ar\/786661-el-presidente-del-inter-de-italia-salio-a-defender-a-lautaro\">source<\/a><\/p>\n","protected":false},"excerpt":{"rendered":"<p>El presidente del Inter de Mil\u00e1n, Giuseppe Marotta, critic\u00f3 la decisi\u00f3n de la FIFA de&#8230;<\/p>\n","protected":false},"author":3,"featured_media":16643,"comment_status":"closed","ping_status":"closed","sticky":false,"template":"","format":"standard","meta":{"footnotes":""},"categories":[21],"tags":[],"class_list":["post-16642","post","type-post","status-publish","format-standard","has-post-thumbnail","hentry","category-deportes"],"featured_image_urls":{"full":["https:\/\/fmamiga909.com.ar\/wp-content\/uploads\/2024\/11\/wp-header-logo-416.png",960,540,false],"thumbnail":["https:\/\/fmamiga909.com.ar\/wp-content\/uploads\/2024\/11\/wp-header-logo-416-150x150.png",150,150,true],"medium":["https:\/\/fmamiga909.com.ar\/wp-content\/uploads\/2024\/11\/wp-header-logo-416-300x169.png",300,169,true],"medium_large":["https:\/\/fmamiga909.com.ar\/wp-content\/uploads\/2024\/11\/wp-header-logo-416.png",960,540,false],"large":["https:\/\/fmamiga909.com.ar\/wp-content\/uploads\/2024\/11\/wp-header-logo-416.png",640,360,false],"1536x1536":["https:\/\/fmamiga909.com.ar\/wp-content\/uploads\/2024\/11\/wp-header-logo-416.png",960,540,false],"2048x2048":["https:\/\/fmamiga909.com.ar\/wp-content\/uploads\/2024\/11\/wp-header-logo-416.png",960,540,false],"newsium-slider-full":["https:\/\/fmamiga909.com.ar\/wp-content\/uploads\/2024\/11\/wp-header-logo-416.png",960,540,false],"newsium-featured":["https:\/\/fmamiga909.com.ar\/wp-content\/uploads\/2024\/11\/wp-header-logo-416.png",960,540,false],"newsium-medium":["https:\/\/fmamiga909.com.ar\/wp-content\/uploads\/2024\/11\/wp-header-logo-416-720x475.png",720,475,true]},"author_info":{"display_name":"Fredy Giuliano","author_link":"https:\/\/fmamiga909.com.ar\/?author=3"},"category_info":"<a href=\"https:\/\/fmamiga909.com.ar\/?cat=21\" rel=\"category\">Deportes<\/a>","tag_info":"Deportes","comment_count":"0","_links":{"self":[{"href":"https:\/\/fmamiga909.com.ar\/index.php?rest_route=\/wp\/v2\/posts\/16642","targetHints":{"allow":["GET"]}}],"collection":[{"href":"https:\/\/fmamiga909.com.ar\/index.php?rest_route=\/wp\/v2\/posts"}],"about":[{"href":"https:\/\/fmamiga909.com.ar\/index.php?rest_route=\/wp\/v2\/types\/post"}],"author":[{"embeddable":true,"href":"https:\/\/fmamiga909.com.ar\/index.php?rest_route=\/wp\/v2\/users\/3"}],"replies":[{"embeddable":true,"href":"https:\/\/fmamiga909.com.ar\/index.php?rest_route=%2Fwp%2Fv2%2Fcomments&post=16642"}],"version-history":[{"count":0,"href":"https:\/\/fmamiga909.com.ar\/index.php?rest_route=\/wp\/v2\/posts\/16642\/revisions"}],"wp:featuredmedia":[{"embeddable":true,"href":"https:\/\/fmamiga909.com.ar\/index.php?rest_route=\/wp\/v2\/media\/16643"}],"wp:attachment":[{"href":"https:\/\/fmamiga909.com.ar\/index.php?rest_route=%2Fwp%2Fv2%2Fmedia&parent=16642"}],"wp:term":[{"taxonomy":"category","embeddable":true,"href":"https:\/\/fmamiga909.com.ar\/index.php?rest_route=%2Fwp%2Fv2%2Fcategories&post=16642"},{"taxonomy":"post_tag","embeddable":true,"href":"https:\/\/fmamiga909.com.ar\/index.php?rest_route=%2Fwp%2Fv2%2Ftags&post=16642"}],"curies":[{"name":"wp","href":"https:\/\/api.w.org\/{rel}","templated":true}]}}