{"id":16660,"date":"2024-11-30T16:35:47","date_gmt":"2024-11-30T16:35:47","guid":{"rendered":"https:\/\/fmamiga909.com.ar\/?p=16660"},"modified":"2024-11-30T16:35:47","modified_gmt":"2024-11-30T16:35:47","slug":"franco-colapinto-hoy-en-la-formula-1-18o-en-la-carrrera-sprint","status":"publish","type":"post","link":"https:\/\/fmamiga909.com.ar\/?p=16660","title":{"rendered":"Franco Colapinto hoy en la F\u00f3rmula 1: 18\u00ba en la Carrrera Sprint"},"content":{"rendered":"<div id=\"post-1300\">\n<div class=\"col 2-col\">\n<h2>El homenaje de Colapinto a la Selecci\u00f3n Argentina: as\u00ed es el casco que utiliza en el GP de Qatar<\/h2>\n<p><b>Franco Colapinto<\/b> tiene acci\u00f3n este fin de semana en el <b>Circuito Internacional de Lusail<\/b>. Precisamente, a 11 kil\u00f3metros de la pista, se ubica el estadio donde el 18 de diciembre de 2022 la <b>selecci\u00f3n argentina<\/b> gan\u00f3 el <b>Mundial de Qatar<\/b>. Como no pod\u00eda ser de otra manera, el piloto de Pilar le rinde homenaje a los campeones y <a href=\"https:\/\/www.pagina12.com.ar\/786424-el-homenaje-de-colapinto-a-la-seleccion-argentina-asi-es-el-\">corre con un casco especial<\/a>, como lo hizo con Carlos \u00abLole\u00bb Reutemann aquella vez en los Gran Premio de M\u00e9xico y Brasil.<\/p>\n<div class=\"iframely-embed medium-embedded-content\" data-html=\"Jmx0O2RpdiZndDsmbHQ7ZGl2IHN0eWxlPSJsZWZ0OiAwOyB3aWR0aDogMTAwJTsgaGVpZ2h0OiAwOyBwb3NpdGlvbjogcmVsYXRpdmU7IHBhZGRpbmctYm90dG9tOiA1Ni4wNDE3JTsiJmd0OyZsdDtpZnJhbWUgc3JjPSIvL2Nkbi5pZnJhbWUubHkvYXBpL2lmcmFtZT9jbGlja190b19wbGF5PTEmYW1wO3VybD1odHRwcyUzQSUyRiUyRmdlby5kYWlseW1vdGlvbi5jb20lMkZwbGF5ZXIlMkZ4dDVlZS5odG1sJTNGdmlkZW8lM0R4OTl4bmRxJmFtcDtrZXk9Mjg0ZDZiNDkyOTM0NjY2Mjc0NTYzZTNlMWE2N2NhZGQiIHN0eWxlPSJ0b3A6IDA7IGxlZnQ6IDA7IHdpZHRoOiAxMDAlOyBoZWlnaHQ6IDEwMCU7IHBvc2l0aW9uOiBhYnNvbHV0ZTsgYm9yZGVyOiAwOyIgYWxsb3dmdWxsc2NyZWVuIHNjcm9sbGluZz0ibm8iIGFsbG93PSJlbmNyeXB0ZWQtbWVkaWEgKjsiJmd0OyZsdDsvaWZyYW1lJmd0OyZsdDsvZGl2Jmd0OyZsdDsvZGl2Jmd0OyZsdDtkaXYgY2xhc3M9Im1lZGl1bS1pbnNlcnQtZW1iZWRzLW1ldGEiJmd0OyZsdDtzY3JpcHQgdHlwZT0idGV4dC9qc29uIiZndDt7InVybCI6Imh0dHBzOi8vZ2VvLmRhaWx5bW90aW9uLmNvbS9wbGF5ZXIveHQ1ZWUuaHRtbD92aWRlbz14OTl4bmRxIiwidHlwZSI6InZpZGVvIiwidmVyc2lvbiI6IjEuMCIsInRpdGxlIjoiQXPDrSBlcyBlbCBjYXNjbyBlc3BlY2lhbCBkZSBDb2xhcGludG8gcGFyYSBlbCBHcmFuIFByZW1pbyBkZSBRYXRhciAyMDI0IiwiYXV0aG9yIjoiUMOhZ2luYTEyIiwiYXV0aG9yX3VybCI6Imh0dHBzOi8vd3d3LmRhaWx5bW90aW9uLmNvbS9QYWdpbmExMiIsInByb3ZpZGVyX25hbWUiOiJEYWlseW1vdGlvbiIsImRlc2NyaXB0aW9uIjoiQ3LDqWRpdG86IEBicmljY29kZXNpZ24iLCJ0aHVtYm5haWxfdXJsIjoiaHR0cHM6Ly9zMi5kbWNkbi5uZXQvdi9YUmM2VTFkSUdDVkdCSTY3SC94NzIwIiwidGh1bWJuYWlsX3dpZHRoIjoxMjgwLCJ0aHVtYm5haWxfaGVpZ2h0Ijo3MjAsImNhY2hlX2FnZSI6NjB9Jmx0Oy9zY3JpcHQmZ3Q7Jmx0Oy9kaXYmZ3Q7\">\n                <a data-iframely-url=\"\" href=\"https:\/\/geo.dailymotion.com\/player\/xt5ee.html?video=x99xndq\">https:\/\/geo.dailymotion.com\/player\/xt5ee.html?video=x99xndq<\/a>\n              <\/div>\n<p><b>\u00abNo pod\u00eda correr en Qatar sin traerles algo especial. Espero que les guste y los represente. Vamos x un buen finde\u00bb<\/b>, public\u00f3 v\u00eda Instagram Colapinto con un video animado de im\u00e1genes que dura poco m\u00e1s de un minuto donde aparecen el casco en cuesti\u00f3n, junto a la Copa del Mundo y, de fondo, el himno nacional argentino.<\/p>\n<\/div>\n<\/div>\n<div id=\"post-1300\">\n<div class=\"col 2-col\">\n<h2>Colapinto asumi\u00f3 que no tendr\u00e1 butaca en 2025<\/h2>\n<p>Tras su participaci\u00f3n en el Gran Premio de Las Vegas y en la previa del fin de semana de la carrera de Qatar, Franco Colapino asumi\u00f3 que no tendr\u00e1 butaca en 2025 en la F\u00f3rmula 1, pero que <b>est\u00e1 abierta la chance de regresar en 2026 o 2027<\/b>, cuando incluso se sumar\u00e1 el equipo Cadillac.<\/p>\n<p>El pilarense se mostr\u00f3 realista en cuanto a sus posibilidades y contento con el apoyo de los hinchas argentinos, a los que calific\u00f3 como muy incondicionales y que lo acompa\u00f1an en los buenos y malos resultados: \u00abVolveremos en el futuro, en 2026, 2027, anda a saber cu\u00e1ndo, a disfrutar con los hinchas argentinos que me bancaron en las buenas y en las malas. Son incondicionales, estoy muy feliz de tenerlos. La gente es una locura, a veces parece una cancha de f\u00fatbol. Es algo que yo no hab\u00eda visto nunca en el automovilismo, y creo que no lo hab\u00eda visto nadie\u00bb.<\/p>\n<h3\/><\/div>\n<\/div>\n<div id=\"post-1138\">\n<div class=\"col 2-col\">\n<h2>Colapinto termin\u00f3 18\u00ba en la Carrera Sprint<\/h2>\n<p><b>Franco Colapinto <\/b>tuvo un buen desempe\u00f1o en la Carrera Sprint de este s\u00e1bado en Qatar. El piloto de Willaims <b>termin\u00f3 18\u00ba<\/b> despu\u00e9s de haber largo \u00faltimo entre los 20 pilotos de la parrrilla.<\/p>\n<p>En la prueba a 19 vueltas, <b>Colapinto sali\u00f3 desde boxes detr\u00e1s del mexicano Sergio P\u00e9rez<\/b> (Red Bull). Apenas largaron, el argentino pudo sobrepasar a P\u00e9rez, uno de los pilotos a los que, se rumrea, podr\u00eda reemplazar en 2025.<\/p>\n<div class=\"iframely-embed medium-embedded-content\" data-html=\"Jmx0O2Jsb2NrcXVvdGUgY2xhc3M9InR3aXR0ZXItdHdlZXQiIGRhdGEtZG50PSJ0cnVlIiBhbGlnbj0iY2VudGVyIiZndDsmbHQ7cCBsYW5nPSJlcyIgZGlyPSJsdHIiJmd0O0NvbGFwaW50byBwYXNhbmRvIGEgQ2hlY28gUMOpcmV6IGVuIGxhIHNhbGlkYSBkZWwgUGl0IExhbmUuIE5vIHB1ZWRlIHNlci4gICZsdDthIGhyZWY9Imh0dHBzOi8vdC5jby9TRFpnY202alpoIiZndDtwaWMudHdpdHRlci5jb20vU0RaZ2NtNmpaaCZsdDsvYSZndDsmbHQ7L3AmZ3Q7JmFtcDttZGFzaDsg8J2ZhfCdmL8gKEBKdWFubkRpcykgJmx0O2EgaHJlZj0iaHR0cHM6Ly90d2l0dGVyLmNvbS9KdWFubkRpcy9zdGF0dXMvMTg2Mjg2MTA2MDkyOTE3NTk1Mz9yZWZfc3JjPXR3c3JjJTVFdGZ3IiZndDtOb3ZlbWJlciAzMCwgMjAyNCZsdDsvYSZndDsmbHQ7L2Jsb2NrcXVvdGUmZ3Q7CiZsdDtzY3JpcHQgYXN5bmMgc3JjPSJodHRwczovL3BsYXRmb3JtLnR3aXR0ZXIuY29tL3dpZGdldHMuanMiIGNoYXJzZXQ9InV0Zi04IiZndDsmbHQ7L3NjcmlwdCZndDsKCiZsdDtkaXYgY2xhc3M9Im1lZGl1bS1pbnNlcnQtZW1iZWRzLW1ldGEiJmd0OyZsdDtzY3JpcHQgdHlwZT0idGV4dC9qc29uIiZndDt7InVybCI6Imh0dHBzOi8vdHdpdHRlci5jb20vSnVhbm5EaXMvc3RhdHVzLzE4NjI4NjEwNjA5MjkxNzU5NTMiLCJ0eXBlIjoicmljaCIsInZlcnNpb24iOiIxLjAiLCJ0aXRsZSI6IvCdmYXwnZi\/IG9uIFR3aXR0ZXIgLyBYIiwiYXV0aG9yIjoi8J2ZhfCdmL8iLCJhdXRob3JfdXJsIjoiaHR0cHM6Ly90d2l0dGVyLmNvbS9KdWFubkRpcyIsInByb3ZpZGVyX25hbWUiOiJUd2l0dGVyIiwiZGVzY3JpcHRpb24iOiJDb2xhcGludG8gcGFzYW5kbyBhIENoZWNvIFDDqXJleiBlbiBsYSBzYWxpZGEgZGVsIFBpdCBMYW5lLiBObyBwdWVkZSBzZXIuICBwaWMudHdpdHRlci5jb20vU0RaZ2NtNmpaaOKAlCDwnZmF8J2YvyAoQEp1YW5uRGlzKSBOb3ZlbWJlciAzMCwgMjAyNFxuXG5cbiIsInRodW1ibmFpbF91cmwiOiJodHRwczovL3Bicy50d2ltZy5jb20vZXh0X3R3X3ZpZGVvX3RodW1iLzE4NjI4NjA0MDM2OTg0NTQ1MjgvcHUvaW1nLzJGOEdNWUlXYWlBQWFQMEguanBnOmxhcmdlIiwidGh1bWJuYWlsX3dpZHRoIjoxMjgwLCJ0aHVtYm5haWxfaGVpZ2h0Ijo3MjAsImNhY2hlX2FnZSI6ODY0MDAsIm9wdGlvbnMiOnsiX2hpZGVfbWVkaWEiOnsibGFiZWwiOiJIaWRlIHBob3RvcywgdmlkZW9zLCBhbmQgY2FyZHMiLCJ2YWx1ZSI6ZmFsc2V9LCJfdGhlbWUiOnsidmFsdWUiOiIiLCJ2YWx1ZXMiOnsiZGFyayI6IlVzZSBkYXJrIHRoZW1lIn19LCJfbWF4d2lkdGgiOnsidmFsdWUiOiIiLCJsYWJlbCI6IkFkanVzdCB3aWR0aCIsInBsYWNlaG9sZGVyIjoiMjIwLTU1MCwgaW4gcHgifX19Jmx0Oy9zY3JpcHQmZ3Q7Jmx0Oy9kaXYmZ3Q7\">\n                <a data-iframely-url=\"\" href=\"https:\/\/twitter.com\/JuannDis\/status\/1862861060929175953\">https:\/\/twitter.com\/JuannDis\/status\/1862861060929175953<\/a>\n              <\/div>\n<p>Durante la prueba, Colapinto<b> super\u00f3 al chino\u00a0Guanyu Zhou<\/b> y acab\u00f3 la competencia en el 18\u00ba lugar. Una entrada a boxes de P\u00e9rez para cambiar la trompa de su auto le quit\u00f3 posibilidades de recuperar posiciones.<\/p>\n<p>El compa\u00f1ero de Colapinto en Williams, <b>Alex Albon, finaliz\u00f3 15\u00ba<\/b>. McLaren se impuso en la prueba, que gan\u00f3 Oscar Piastri, seguido de su compa\u00f1ero Lando Norris. Este \u00faltimo punte\u00f3 toda la prueba y dej\u00f3 pasar a Piastri sobre el final. George Russell, con Mercedes, finaliz\u00f3 tercero.\u00a0<\/p>\n<\/div>\n<\/div>\n<div id=\"post-1102\">\n<div class=\"col 2-col\">\n<h2>Colapinto ya disputa la carrera Sprint<\/h2>\n<p>El piloto argentino de Williams, Franco Colapinto, ya disputa la carrera Sprint del Gran Premio de Qatar de la F\u00f3rmula 1, donde larg\u00f3 desde la \u00faltima posici\u00f3n.<\/p>\n<p>Colapinto viene de tener un viernes para el olvido, en el que termin\u00f3 19\u00b0 en las Pr\u00e1cticas Libres y \u00faltimo en la clasificaci\u00f3n.<\/p>\n<p>La primera fila de la grilla est\u00e1 compuesta por los brit\u00e1nicos Lando Norris y George Russell, quienes corren para McLaren y Mercedes, respectivamente.<\/p>\n<p>A su vez, el tetracampe\u00f3n, el neerland\u00e9s Max Verstappen, comenzar\u00e1 desde la sexta colocaci\u00f3n.<\/p>\n<\/div>\n<\/div>\n<div id=\"post-1045\">\n<div class=\"col 2-col\">\n<h2>\u00bfQu\u00e9 es el Sprint y cu\u00e1ntos puntos da la mini carrera?<\/h2>\n<p>El <b>Sprint <\/b>es una carrera de 100 kilometros que se disputa antes de la Clasificaci\u00f3n. No tiene parada en boxes (salvo por rotura), deja de lado las estrategias y <b>apunta pura y exclusivamente a la velocidad<\/b>. Los 8 primeros suman puntos para el campeonato, aunque menos de los que entrega la carrera del domingo.<\/p>\n<p>Para determinar el orden de salida del <i>Sprint <\/i>se realiza el <i>shootout<\/i>, la Qualy del Sprint. El sprint shootout es una sesi\u00f3n m\u00e1s corta que la clasificaci\u00f3n tradicional, con la SQ1 de 12 minutos, la SQ2 de 10 minutos y la SQ3 de 8 minutos.<\/p>\n<p>Los equipos tienen que guardar tres juegos de neum\u00e1ticos para usarlos en dicho shootout. Los medios van para la Q1 y la Q2, mientras que para la Q3 se usan los blandos. <\/p>\n<h3>\u00bfCu\u00e1ntos puntos da el Sprint en F\u00f3rmula 1?<\/h3>\n<ul>\n<li>Primer clasificado: 8 puntos<\/li>\n<li>Segundo clasificado: 7 puntos<\/li>\n<li>Tercer clasificado: 6 puntos<\/li>\n<li>Cuarto clasificado: 5 puntos<\/li>\n<li>Quinto clasificado: 4 puntos<\/li>\n<li>Sexto clasificado: 3 puntos<\/li>\n<li>S\u00e9ptimo clasificado: 2 puntos<\/li>\n<li>Octavo clasificado: 1 punto\u00a0<\/li>\n<\/ul>\n<\/div>\n<\/div>\n<div id=\"post-1015\">\n<div class=\"col 2-col\">\n<h2>Posiciones del campeonato de pilotos de la F\u00f3rmula 1<\/h2>\n<ol>\n<li>Max<b> Verstappen<\/b> (Red Bull) &#8211; 403 puntos<\/li>\n<li>Lando <b>Norris<\/b> (McLaren) &#8211; 340 puntos<\/li>\n<li>Charles<b> Leclerc <\/b>(Ferrari) &#8211; 319 puntos<\/li>\n<li>Oscar <b>Piastri <\/b>(McLaren) &#8211; 268 puntos<\/li>\n<li>Carlos <b>Sainz Jr.<\/b> (Ferrari) &#8211; 259 puntos<\/li>\n<li>George <b>Russell <\/b>(Mercedes) &#8211; 217 puntos<\/li>\n<li>Lewis <b>Hamilton <\/b>(Mercedes) &#8211; 208 puntos<\/li>\n<li>Sergio <b>P\u00e9rez <\/b>(Red Bull) &#8211; 152 puntos<\/li>\n<li>Fernando <b>Alonso<\/b> (Aston Martin) &#8211; 62 puntos<\/li>\n<li>Nico <b>Hulkenberg <\/b>(Haas) &#8211; 35 puntos<\/li>\n<li>Yuki <b>Tsunoda <\/b>(RB) &#8211; 30 puntos<\/li>\n<li>Pierre <b>Gasly <\/b>(Alpine) &#8211; 26 puntos<\/li>\n<li>Lance <b>Stroll<\/b> (Aston Martin) &#8211; 24 puntos<\/li>\n<li>Esteban <b>Ocon <\/b>(Alpine) &#8211; 23 puntos<\/li>\n<li>Kevin <b>Magnussen <\/b>(Haas) &#8211; 14 puntos<\/li>\n<li>Alex <b>Albon<\/b> (Williams) -12 puntos<\/li>\n<li>Daniel <b>Ricciardo<\/b> (RB) &#8211; 12 puntos **<\/li>\n<li>Oliver <b>Bearman<\/b> (Ferrari y Haas) &#8211; 7 puntos<\/li>\n<li>Franco <b>Colapinto <\/b>(Williams) &#8211; 5 puntos<\/li>\n<li>Liam <b>Lawson <\/b>(RB) &#8211; 4 puntos<\/li>\n<li>Guanyu <b>Zhou<\/b> (Kick Sauber) &#8211; 0 puntos<\/li>\n<li>Valtteri <b>Bottas <\/b>(Kick Sauber) &#8211; 0 puntos<\/li>\n<li>Logan <b>Sargeant <\/b>(Williams) &#8211; 0 puntos*<\/li>\n<\/ol>\n<p><i>*Fue reemplazado por Colapinto.<\/i><\/p>\n<p><i>**Fue reemplazado por Lawson.<\/i><\/p>\n<\/div>\n<\/div>\n<div id=\"post-0945\">\n<div class=\"col 2-col\">\n<h2>Pr\u00e1ctica Libre 1: as\u00ed le fue a Colapinto el viernes<\/h2>\n<p><b>El piloto de Williams termin\u00f3 en el 19\u00ba puesto en la \u00fanica Pr\u00e1ctica libre del GP de Qatar de F\u00f3rmula 1<\/b>. Su mejor tiempo fue de  1:24.200. El argentino hizo 29 vueltas: solo Charles Leclerc y Carlos Sainz estuvieron m\u00e1s tiempo en la pista, mientras que su compa\u00f1ero Alexander Albon. Liam Lawson y Valterri Bottas hicieron 29 tambi\u00e9n.<\/p>\n<\/div>\n<\/div>\n<div id=\"post-0930\">\n<div class=\"col 2-col\">\n<h2>C\u00f3mo es el\u00a0Circuito Internacional de Lusail<\/h2>\n<p>El <b>Gran Premio de Qatar<\/b> se corre en el Circuito Internacional de Lusail, ubicado en las afueras de Doha. Fue construido en 2004 para recibir al MotoGP. El primer GP de F\u00f3rmula 1 se corri\u00f3 en 2021. En 2023 se firm\u00f3 un contrato para que fuera parte del calendario durante los pr\u00f3ximos 10 a\u00f1os.<\/p>\n<p>Dise\u00f1ado principalmente para las competiciones de motociclismo, el Circuito Internacional de Lusail, de 5,4 kil\u00f3metros de longitud, es una pista r\u00e1pida y fluida, dominada por curvas de velocidad media y alta. M\u00e1s de un kil\u00f3metro del trazado corresponde a la recta principal, lo que ofrece numerosas oportunidades de adelantamiento en la curva 1.<\/p>\n<\/div>\n<\/div>\n<p><script async src=\"\/\/platform.twitter.com\/widgets.js\" charset=\"utf-8\"><\/script><br \/><a href=\"https:\/\/www.pagina12.com.ar\/786774-franco-colapinto-hoy-en-la-formula-1-a-que-hora-es-la-sprint\">source<\/a><\/p>\n","protected":false},"excerpt":{"rendered":"<p>El homenaje de Colapinto a la Selecci\u00f3n Argentina: as\u00ed es el casco que utiliza en&#8230;<\/p>\n","protected":false},"author":3,"featured_media":16661,"comment_status":"closed","ping_status":"closed","sticky":false,"template":"","format":"standard","meta":{"footnotes":""},"categories":[21],"tags":[],"class_list":["post-16660","post","type-post","status-publish","format-standard","has-post-thumbnail","hentry","category-deportes"],"featured_image_urls":{"full":["https:\/\/fmamiga909.com.ar\/wp-content\/uploads\/2024\/11\/wp-header-logo-425.png",960,540,false],"thumbnail":["https:\/\/fmamiga909.com.ar\/wp-content\/uploads\/2024\/11\/wp-header-logo-425-150x150.png",150,150,true],"medium":["https:\/\/fmamiga909.com.ar\/wp-content\/uploads\/2024\/11\/wp-header-logo-425-300x169.png",300,169,true],"medium_large":["https:\/\/fmamiga909.com.ar\/wp-content\/uploads\/2024\/11\/wp-header-logo-425.png",960,540,false],"large":["https:\/\/fmamiga909.com.ar\/wp-content\/uploads\/2024\/11\/wp-header-logo-425.png",640,360,false],"1536x1536":["https:\/\/fmamiga909.com.ar\/wp-content\/uploads\/2024\/11\/wp-header-logo-425.png",960,540,false],"2048x2048":["https:\/\/fmamiga909.com.ar\/wp-content\/uploads\/2024\/11\/wp-header-logo-425.png",960,540,false],"newsium-slider-full":["https:\/\/fmamiga909.com.ar\/wp-content\/uploads\/2024\/11\/wp-header-logo-425.png",960,540,false],"newsium-featured":["https:\/\/fmamiga909.com.ar\/wp-content\/uploads\/2024\/11\/wp-header-logo-425.png",960,540,false],"newsium-medium":["https:\/\/fmamiga909.com.ar\/wp-content\/uploads\/2024\/11\/wp-header-logo-425-720x475.png",720,475,true]},"author_info":{"display_name":"Fredy Giuliano","author_link":"https:\/\/fmamiga909.com.ar\/?author=3"},"category_info":"<a href=\"https:\/\/fmamiga909.com.ar\/?cat=21\" rel=\"category\">Deportes<\/a>","tag_info":"Deportes","comment_count":"0","_links":{"self":[{"href":"https:\/\/fmamiga909.com.ar\/index.php?rest_route=\/wp\/v2\/posts\/16660","targetHints":{"allow":["GET"]}}],"collection":[{"href":"https:\/\/fmamiga909.com.ar\/index.php?rest_route=\/wp\/v2\/posts"}],"about":[{"href":"https:\/\/fmamiga909.com.ar\/index.php?rest_route=\/wp\/v2\/types\/post"}],"author":[{"embeddable":true,"href":"https:\/\/fmamiga909.com.ar\/index.php?rest_route=\/wp\/v2\/users\/3"}],"replies":[{"embeddable":true,"href":"https:\/\/fmamiga909.com.ar\/index.php?rest_route=%2Fwp%2Fv2%2Fcomments&post=16660"}],"version-history":[{"count":0,"href":"https:\/\/fmamiga909.com.ar\/index.php?rest_route=\/wp\/v2\/posts\/16660\/revisions"}],"wp:featuredmedia":[{"embeddable":true,"href":"https:\/\/fmamiga909.com.ar\/index.php?rest_route=\/wp\/v2\/media\/16661"}],"wp:attachment":[{"href":"https:\/\/fmamiga909.com.ar\/index.php?rest_route=%2Fwp%2Fv2%2Fmedia&parent=16660"}],"wp:term":[{"taxonomy":"category","embeddable":true,"href":"https:\/\/fmamiga909.com.ar\/index.php?rest_route=%2Fwp%2Fv2%2Fcategories&post=16660"},{"taxonomy":"post_tag","embeddable":true,"href":"https:\/\/fmamiga909.com.ar\/index.php?rest_route=%2Fwp%2Fv2%2Ftags&post=16660"}],"curies":[{"name":"wp","href":"https:\/\/api.w.org\/{rel}","templated":true}]}}