{"id":16720,"date":"2024-12-01T23:20:51","date_gmt":"2024-12-01T23:20:51","guid":{"rendered":"https:\/\/fmamiga909.com.ar\/?p=16720"},"modified":"2024-12-01T23:20:51","modified_gmt":"2024-12-01T23:20:51","slug":"leandro-diaz-anuncio-su-salida-de-lanus","status":"publish","type":"post","link":"https:\/\/fmamiga909.com.ar\/?p=16720","title":{"rendered":"Leandro D\u00edaz anunci\u00f3 su salida de Lan\u00fas"},"content":{"rendered":"<div><!-- Body --><\/p>\n<p><b>El delantero de Lan\u00fas, Leandro D\u00edaz, anunci\u00f3 que el cl\u00e1sico del Sur <\/b>del conurbano <b>ante Banfield<\/b> del \u00faltimo s\u00e1bado <b>fue \u00absu \u00faltimo partido con el club\u00bb<\/b> debido a que \u00abno tiene m\u00e1s nada para darle a la instituci\u00f3n\u00bb, y apunt\u00f3 contra la dirigencia.<\/p>\n<p><b>El atacante de 32 a\u00f1os fue el autor del \u00fanico gol del encuentro ante el Taladro<\/b> y que sirvi\u00f3 para darle el triunfo al Granate, v\u00e1lido por la <b>fecha 25<\/b> de la <b>Liga Profesional.<\/b><\/p>\n<p>Asimismo, <b>tras la victoria, remarc\u00f3 <\/b>en una entrevista con ESPN fue su \u00faltimo duelo bajo el mando de Ricardo Zielinski en el club.\u00a0<\/p>\n<p><iframe style=\"border: 0px; position: absolute; top: 0px; left: 0px; height: 100%;\" allowfullscreen=\"\" frameborder=\"0\" src=\"https:\/\/www.youtube.com\/embed\/0jb9bLllUW4\"><\/iframe><\/p>\n<p><b>\u00abContento por el gol. Tambi\u00e9n quiero decirles que no juego m\u00e1s con la camiseta de Lan\u00fas. Este es mi \u00faltimo partido\u00bb, <\/b>solt\u00f3, y agreg\u00f3: <b>\u00abLes dije a los chicos que, si hac\u00edamos un gol y gan\u00e1bamos, el lunes ya no ven\u00eda m\u00e1s al club. <\/b>Se est\u00e1n enterando reci\u00e9n ahora los dirigentes\u00bb.<\/p>\n<p><b>\u00abVoy a cumplir. Mi etapa en Lan\u00fas ya estaba cerrada. <\/b>No me iba a ir del campeonato sin hacer un gol. Tuve muchas lesiones esta temporada.<b> Renegu\u00e9 con mucha gente del club. Ya est\u00e1, no tengo m\u00e1s nada para darle a Lan\u00fas.<\/b> No tengo m\u00e1s nada. Creo que <b>necesito un cambio<\/b>\u00ab, <b>dijo el ex Estudiantes de La Plata<\/b>, que disput\u00f3 21 partidos en todo el a\u00f1o, en el que anot\u00f3 tres goles y brind\u00f3 dos asistencias.<\/p>\n<p>Por otro lado, <b>D\u00edaz apunt\u00f3 contra <\/b>el presidente granate, Luis Chebel, y el resto de<b> los miembros de la dirigencia.<\/b> <b>\u00abAhora, a disfrutar con mi se\u00f1ora y con mi hija<\/b>, que me est\u00e1n esperando en mi casa. Son <b>los \u00fanicos que est\u00e1n cuando est\u00e1s mal.<\/b> Despu\u00e9s, <b>de los dirigentes, no est\u00e1 ninguno<\/b>\u00ab, sentenci\u00f3.<\/p>\n<p>Y concluy\u00f3: <b>\u00abAgradecido a Lan\u00fas por estos dos a\u00f1os.<\/b> El \u00faltimo a\u00f1o no fue bueno para m\u00ed. La verdad, no fue bueno. <b>Me voy tranquilo porque dej\u00e9 todo.<\/b> Vine cuando estaban las cosas muy complicadas y disfrut\u00e9. <b>No tengo m\u00e1s nada para dar\u00bb.<\/b><\/p>\n<p><!-- Live Blog Post --><\/div>\n<p><a href=\"https:\/\/www.pagina12.com.ar\/787029-leandro-diaz-anuncio-su-salida-de-lanus\">source<\/a><\/p>\n","protected":false},"excerpt":{"rendered":"<p>El delantero de Lan\u00fas, Leandro D\u00edaz, anunci\u00f3 que el cl\u00e1sico del Sur del conurbano ante&#8230;<\/p>\n","protected":false},"author":3,"featured_media":16721,"comment_status":"closed","ping_status":"closed","sticky":false,"template":"","format":"standard","meta":{"footnotes":""},"categories":[21],"tags":[],"class_list":["post-16720","post","type-post","status-publish","format-standard","has-post-thumbnail","hentry","category-deportes"],"featured_image_urls":{"full":["https:\/\/fmamiga909.com.ar\/wp-content\/uploads\/2024\/12\/wp-header-logo-17.png",960,540,false],"thumbnail":["https:\/\/fmamiga909.com.ar\/wp-content\/uploads\/2024\/12\/wp-header-logo-17-150x150.png",150,150,true],"medium":["https:\/\/fmamiga909.com.ar\/wp-content\/uploads\/2024\/12\/wp-header-logo-17-300x169.png",300,169,true],"medium_large":["https:\/\/fmamiga909.com.ar\/wp-content\/uploads\/2024\/12\/wp-header-logo-17.png",960,540,false],"large":["https:\/\/fmamiga909.com.ar\/wp-content\/uploads\/2024\/12\/wp-header-logo-17.png",640,360,false],"1536x1536":["https:\/\/fmamiga909.com.ar\/wp-content\/uploads\/2024\/12\/wp-header-logo-17.png",960,540,false],"2048x2048":["https:\/\/fmamiga909.com.ar\/wp-content\/uploads\/2024\/12\/wp-header-logo-17.png",960,540,false],"newsium-slider-full":["https:\/\/fmamiga909.com.ar\/wp-content\/uploads\/2024\/12\/wp-header-logo-17.png",960,540,false],"newsium-featured":["https:\/\/fmamiga909.com.ar\/wp-content\/uploads\/2024\/12\/wp-header-logo-17.png",960,540,false],"newsium-medium":["https:\/\/fmamiga909.com.ar\/wp-content\/uploads\/2024\/12\/wp-header-logo-17-720x475.png",720,475,true]},"author_info":{"display_name":"Fredy Giuliano","author_link":"https:\/\/fmamiga909.com.ar\/?author=3"},"category_info":"<a href=\"https:\/\/fmamiga909.com.ar\/?cat=21\" rel=\"category\">Deportes<\/a>","tag_info":"Deportes","comment_count":"0","_links":{"self":[{"href":"https:\/\/fmamiga909.com.ar\/index.php?rest_route=\/wp\/v2\/posts\/16720","targetHints":{"allow":["GET"]}}],"collection":[{"href":"https:\/\/fmamiga909.com.ar\/index.php?rest_route=\/wp\/v2\/posts"}],"about":[{"href":"https:\/\/fmamiga909.com.ar\/index.php?rest_route=\/wp\/v2\/types\/post"}],"author":[{"embeddable":true,"href":"https:\/\/fmamiga909.com.ar\/index.php?rest_route=\/wp\/v2\/users\/3"}],"replies":[{"embeddable":true,"href":"https:\/\/fmamiga909.com.ar\/index.php?rest_route=%2Fwp%2Fv2%2Fcomments&post=16720"}],"version-history":[{"count":0,"href":"https:\/\/fmamiga909.com.ar\/index.php?rest_route=\/wp\/v2\/posts\/16720\/revisions"}],"wp:featuredmedia":[{"embeddable":true,"href":"https:\/\/fmamiga909.com.ar\/index.php?rest_route=\/wp\/v2\/media\/16721"}],"wp:attachment":[{"href":"https:\/\/fmamiga909.com.ar\/index.php?rest_route=%2Fwp%2Fv2%2Fmedia&parent=16720"}],"wp:term":[{"taxonomy":"category","embeddable":true,"href":"https:\/\/fmamiga909.com.ar\/index.php?rest_route=%2Fwp%2Fv2%2Fcategories&post=16720"},{"taxonomy":"post_tag","embeddable":true,"href":"https:\/\/fmamiga909.com.ar\/index.php?rest_route=%2Fwp%2Fv2%2Ftags&post=16720"}],"curies":[{"name":"wp","href":"https:\/\/api.w.org\/{rel}","templated":true}]}}