{"id":16726,"date":"2024-12-02T01:44:46","date_gmt":"2024-12-02T01:44:46","guid":{"rendered":"https:\/\/fmamiga909.com.ar\/?p=16726"},"modified":"2024-12-02T01:44:46","modified_gmt":"2024-12-02T01:44:46","slug":"djokovic-el-abrazo-de-la-gente-y-el-alma-al-desnudo-un-dia-del-potro-dijo-adios","status":"publish","type":"post","link":"https:\/\/fmamiga909.com.ar\/?p=16726","title":{"rendered":"Djokovic, el abrazo de la gente y el alma al desnudo: un d\u00eda Del Potro dijo adi\u00f3s"},"content":{"rendered":"<div><!-- Body --><\/p>\n<p>\u201cEs muy triste todo lo que le pas\u00f3 a Juan Mart\u00edn, <b>pero hoy estamos ac\u00e1 para celebrar todo lo que logr\u00f3\u201d<\/b>. Las palabras no son de cualquier deportista. Tampoco de cualquier ser humano. Corresponden nada menos que a <b><a href=\"https:\/\/www.pagina12.com.ar\/tags\/3604-novak-djokovic\">Novak Djokovic<\/a><\/b>, el tenista m\u00e1s ganador de todos los tiempos, el que sentenci\u00f3 el debate tras colgarse la medalla de oro ol\u00edmpica.<b> Las pronunci\u00f3 en territorio argentino, en un coqueto hotel del barrio porte\u00f1o de Retiro, en (casi) perfecto espa\u00f1ol, <\/b>con un gran amigo a su lado: <b><a href=\"https:\/\/www.pagina12.com.ar\/tags\/1600-juan-martin-del-potro\">Juan Mart\u00edn Del Potro.<\/a><\/b><\/p>\n<p><b>Si\u00a0existe un suceso para sintetizar la representaci\u00f3n del ex tenista tandilense, un \u00edcono del deporte argentino,<\/b> un hombre franquicia en cada rinc\u00f3n del mundo de las raquetas, alcanza con mencionar que Djokovic, plagado de \u201cobligaciones\u201d,<b> haya volado para pasar tres d\u00edas con \u00e9l, en la otra punta del planeta, para acompa\u00f1arlo en su adi\u00f3s del tenis.<\/b><b>\u00a0\u201cLa amistad que tenemos supera la rivalidad que tuvimos\u201d, <\/b>expres\u00f3 el serbio, la figura rutilante de una tarde que quedar\u00e1 grabada en el alma de<b> Del Potro, un campe\u00f3n tan potente como emocional.<\/b><\/p>\n<div class=\"iframely-embed medium-embedded-content\" data-html=\"Jmx0O2Jsb2NrcXVvdGUgY2xhc3M9InR3aXR0ZXItdHdlZXQiIGRhdGEtZG50PSJ0cnVlIiBhbGlnbj0iY2VudGVyIiZndDsmbHQ7cCBsYW5nPSJlcyIgZGlyPSJsdHIiJmd0O8KhTWlzacOzbiBjdW1wbGlkYSEg8J+HpvCfh7cgU2UgZGVzcGlkZSB1bmEgbGV5ZW5kYSBsbGFtYWRhIEp1YW4gTWFydMOtbiBEZWwgUG90cm8g8J+ksiDCoUdyYWNpYXMgcG9yIHRvZG8hIPCfpbkmbHQ7YnImZ3Q7Jmx0O2JyJmd0O\/Cfk7IgVml2w60gbGEgZGVzcGVkaWRhIGRlIERlbHBvIGVuIHZpdm8gZW4gWW91dHViZSBUZWxlZmUgeSAmbHQ7YSBocmVmPSJodHRwczovL3QuY28vMkVDdXJ6NkttbiImZ3Q7aHR0cHM6Ly90LmNvLzJFQ3VyejZLbW4mbHQ7L2EmZ3Q7IPCfjr4gJmx0O2EgaHJlZj0iaHR0cHM6Ly90d2l0dGVyLmNvbS9oYXNodGFnL0VsVWx0aW1vRGVzYWZpbz9zcmM9aGFzaCZhbXA7YW1wO3JlZl9zcmM9dHdzcmMlNUV0ZnciJmd0OyNFbFVsdGltb0Rlc2FmaW8mbHQ7L2EmZ3Q7ICZsdDthIGhyZWY9Imh0dHBzOi8vdC5jby9PVlNqZHc2Uk1uIiZndDtwaWMudHdpdHRlci5jb20vT1ZTamR3NlJNbiZsdDsvYSZndDsmbHQ7L3AmZ3Q7JmFtcDttZGFzaDsgdGVsZWZlIChAdGVsZWZlKSAmbHQ7YSBocmVmPSJodHRwczovL3R3aXR0ZXIuY29tL3RlbGVmZS9zdGF0dXMvMTg2MzM1NTI4Mzc1MTI5MzA2Mj9yZWZfc3JjPXR3c3JjJTVFdGZ3IiZndDtEZWNlbWJlciAxLCAyMDI0Jmx0Oy9hJmd0OyZsdDsvYmxvY2txdW90ZSZndDsKJmx0O3NjcmlwdCBhc3luYyBzcmM9Imh0dHBzOi8vcGxhdGZvcm0udHdpdHRlci5jb20vd2lkZ2V0cy5qcyIgY2hhcnNldD0idXRmLTgiJmd0OyZsdDsvc2NyaXB0Jmd0OwoKJmx0O2RpdiBjbGFzcz0ibWVkaXVtLWluc2VydC1lbWJlZHMtbWV0YSImZ3Q7Jmx0O3NjcmlwdCB0eXBlPSJ0ZXh0L2pzb24iJmd0O3sidXJsIjoiaHR0cHM6Ly90d2l0dGVyLmNvbS90ZWxlZmUvc3RhdHVzLzE4NjMzNTUyODM3NTEyOTMwNjIiLCJ0eXBlIjoicmljaCIsInZlcnNpb24iOiIxLjAiLCJ0aXRsZSI6InRlbGVmZSBvbiBUd2l0dGVyIC8gWCIsImF1dGhvciI6InRlbGVmZSIsImF1dGhvcl91cmwiOiJodHRwczovL3R3aXR0ZXIuY29tL3RlbGVmZSIsInByb3ZpZGVyX25hbWUiOiJUd2l0dGVyIiwiZGVzY3JpcHRpb24iOiLCoU1pc2nDs24gY3VtcGxpZGEhIPCfh6bwn4e3IFNlIGRlc3BpZGUgdW5hIGxleWVuZGEgbGxhbWFkYSBKdWFuIE1hcnTDrW4gRGVsIFBvdHJvIPCfpLIgwqFHcmFjaWFzIHBvciB0b2RvISDwn6W58J+TsiBWaXbDrSBsYSBkZXNwZWRpZGEgZGUgRGVscG8gZW4gdml2byBlbiBZb3V0dWJlIFRlbGVmZSB5IGh0dHBzOi8vdC5jby8yRUN1cno2S21uIPCfjr4gI0VsVWx0aW1vRGVzYWZpbyBwaWMudHdpdHRlci5jb20vT1ZTamR3NlJNbuKAlCB0ZWxlZmUgKEB0ZWxlZmUpIERlY2VtYmVyIDEsIDIwMjRcblxuXG4iLCJ0aHVtYm5haWxfdXJsIjoiaHR0cHM6Ly9wYnMudHdpbWcuY29tL2V4dF90d192aWRlb190aHVtYi8xODYzMzU1MDUxNTk2NDgwNTEyL3B1L2ltZy96WkxrY2xuVGJUSDdza1ltLmpwZzpsYXJnZSIsInRodW1ibmFpbF93aWR0aCI6MTI4MCwidGh1bWJuYWlsX2hlaWdodCI6NzIwLCJjYWNoZV9hZ2UiOjg2NDAwLCJvcHRpb25zIjp7Il9oaWRlX21lZGlhIjp7ImxhYmVsIjoiSGlkZSBwaG90b3MsIHZpZGVvcywgYW5kIGNhcmRzIiwidmFsdWUiOmZhbHNlfSwiX3RoZW1lIjp7InZhbHVlIjoiIiwidmFsdWVzIjp7ImRhcmsiOiJVc2UgZGFyayB0aGVtZSJ9fSwiX21heHdpZHRoIjp7InZhbHVlIjoiIiwibGFiZWwiOiJBZGp1c3Qgd2lkdGgiLCJwbGFjZWhvbGRlciI6IjIyMC01NTAsIGluIHB4In19fSZsdDsvc2NyaXB0Jmd0OyZsdDsvZGl2Jmd0Ow==\">\n                <a data-iframely-url=\"\" href=\"https:\/\/twitter.com\/telefe\/status\/1863355283751293062\">https:\/\/twitter.com\/telefe\/status\/1863355283751293062<\/a>\n              <\/div>\n<p><b><a href=\"https:\/\/www.pagina12.com.ar\/785778-el-desgarrador-testimonio-de-del-potro-hay-veces-que-no-teng\">\u201cEn los \u00faltimos d\u00edas abr\u00ed mi coraz\u00f3n. Tuve una carrera maravillosa<\/a><\/b>; fue dificil y un privilegio haber convivido al mismo tiempo con los mejores de la historia\u201d, <b>cont\u00f3, con una orgullosa sonrisa en el semblante, un Delpo que cambi\u00f3, <\/b>en casi tres a\u00f1os, la imagen de la tristeza con la de la \u201ccelebraci\u00f3n\u201d. <b>Le cost\u00f3 trabajo emocional, padecimiento, sufrimiento. Dolor.<\/b><\/p>\n<p>Hab\u00eda atravesado <b><a href=\"https:\/\/www.pagina12.com.ar\/400520-juan-martin-del-potro-y-una-noche-de-gratitud-para-su-desped\">su despedida en un partido oficial el 8 de febrero de 2022, en una conmovedora velada en el ATP de Buenos Aires<\/a><\/b>, ante su amigo Federico Delbonis, m\u00e1s de tres a\u00f1os luego de la fat\u00eddica jornada: el 11 de octubre de 2018, cuando estaba a punto de asaltar lo m\u00e1s alto del ranking ATP, <b>se derrumb\u00f3 en la cancha dura del Masters 1000 de Shanghai<\/b>. Aquella fractura de la r\u00f3tula derecha le demandar\u00eda a\u00f1os de zozobra, congoja, esfuerzo, visitas al quir\u00f3fano, <b>consultas con m\u00e9dicos de toda procedencia y da\u00f1os de todo tipo. <\/b>Estaba en la cima y, <b>en un santiam\u00e9n, todo se desmoron\u00f3. <\/b>Aquella despedida, con la presencia de su madre Patricia por primera vez en uno de sus partidos, a un mes del fallecimiento de su padre Daniel,\u00a0<b>estuvo enmara\u00f1ada de tristeza.<\/b><\/p>\n<p>Pero un d\u00eda todo cambi\u00f3.<b> Del Potro decidi\u00f3 celebrar su carrera<\/b>, cuyos logros lo habr\u00e1n colocado como el mejor tenista de la historia de la Argentina despu\u00e9s de <b><a href=\"https:\/\/www.pagina12.com.ar\/tags\/9645-guillermo-vilas\">Guillermo Vilas.<\/a><\/b> Luego de varios a\u00f1os de eludir la famosa palabra retiro,<b> tom\u00f3 la determinaci\u00f3n de compartir el adi\u00f3s -forzado, como siempre sostiene- con su gente y con un amigo como Djokovic.<\/b><\/p>\n<div class=\"iframely-embed medium-embedded-content\" data-html=\"Jmx0O2Jsb2NrcXVvdGUgY2xhc3M9InR3aXR0ZXItdHdlZXQiIGRhdGEtZG50PSJ0cnVlIiBhbGlnbj0iY2VudGVyIiZndDsmbHQ7cCBsYW5nPSJlcyIgZGlyPSJsdHIiJmd0O\/Cfh6bwn4e3IEdhYnkgU2FiYXRpbmkgeSBEam9rb3ZpYyBtZXRpZXJvbiB1biB0cmVtZW5kbyBwdW50byBlIGhpY2llcm9uIHF1ZSBHaXNlbGEgeSBEZWxwbyBzZSByZXRpcmVuIGRlIGxhIGNhbmNoYfCfmIUmbHQ7YnImZ3Q7Jmx0O2JyJmd0O\/Cfk7IgVml2w60gbGEgZGVzcGVkaWRhIGRlIERlbHBvIGVuIHZpdm8gZW4gWW91dHViZSBUZWxlZmUgeSAmbHQ7YSBocmVmPSJodHRwczovL3QuY28vMkVDdXJ6NkttbiImZ3Q7aHR0cHM6Ly90LmNvLzJFQ3VyejZLbW4mbHQ7L2EmZ3Q7IPCfjr4gJmx0O2EgaHJlZj0iaHR0cHM6Ly90d2l0dGVyLmNvbS9oYXNodGFnL0VsVWx0aW1vRGVzYWZpbz9zcmM9aGFzaCZhbXA7YW1wO3JlZl9zcmM9dHdzcmMlNUV0ZnciJmd0OyNFbFVsdGltb0Rlc2FmaW8mbHQ7L2EmZ3Q7ICZsdDthIGhyZWY9Imh0dHBzOi8vdC5jby9uNHpoNXo2WTVJIiZndDtwaWMudHdpdHRlci5jb20vbjR6aDV6Nlk1SSZsdDsvYSZndDsmbHQ7L3AmZ3Q7JmFtcDttZGFzaDsgdGVsZWZlIChAdGVsZWZlKSAmbHQ7YSBocmVmPSJodHRwczovL3R3aXR0ZXIuY29tL3RlbGVmZS9zdGF0dXMvMTg2MzM0NDIxMDYyNTA2NTQxNz9yZWZfc3JjPXR3c3JjJTVFdGZ3IiZndDtEZWNlbWJlciAxLCAyMDI0Jmx0Oy9hJmd0OyZsdDsvYmxvY2txdW90ZSZndDsKJmx0O3NjcmlwdCBhc3luYyBzcmM9Imh0dHBzOi8vcGxhdGZvcm0udHdpdHRlci5jb20vd2lkZ2V0cy5qcyIgY2hhcnNldD0idXRmLTgiJmd0OyZsdDsvc2NyaXB0Jmd0OwoKJmx0O2RpdiBjbGFzcz0ibWVkaXVtLWluc2VydC1lbWJlZHMtbWV0YSImZ3Q7Jmx0O3NjcmlwdCB0eXBlPSJ0ZXh0L2pzb24iJmd0O3sidXJsIjoiaHR0cHM6Ly90d2l0dGVyLmNvbS90ZWxlZmUvc3RhdHVzLzE4NjMzNDQyMTA2MjUwNjU0MTciLCJ0eXBlIjoicmljaCIsInZlcnNpb24iOiIxLjAiLCJ0aXRsZSI6InRlbGVmZSBvbiBUd2l0dGVyIC8gWCIsImF1dGhvciI6InRlbGVmZSIsImF1dGhvcl91cmwiOiJodHRwczovL3R3aXR0ZXIuY29tL3RlbGVmZSIsInByb3ZpZGVyX25hbWUiOiJUd2l0dGVyIiwiZGVzY3JpcHRpb24iOiLwn4em8J+HtyBHYWJ5IFNhYmF0aW5pIHkgRGpva292aWMgbWV0aWVyb24gdW4gdHJlbWVuZG8gcHVudG8gZSBoaWNpZXJvbiBxdWUgR2lzZWxhIHkgRGVscG8gc2UgcmV0aXJlbiBkZSBsYSBjYW5jaGHwn5iF8J+TsiBWaXbDrSBsYSBkZXNwZWRpZGEgZGUgRGVscG8gZW4gdml2byBlbiBZb3V0dWJlIFRlbGVmZSB5IGh0dHBzOi8vdC5jby8yRUN1cno2S21uIPCfjr4gI0VsVWx0aW1vRGVzYWZpbyBwaWMudHdpdHRlci5jb20vbjR6aDV6Nlk1SeKAlCB0ZWxlZmUgKEB0ZWxlZmUpIERlY2VtYmVyIDEsIDIwMjRcblxuXG4iLCJ0aHVtYm5haWxfdXJsIjoiaHR0cHM6Ly9wYnMudHdpbWcuY29tL2V4dF90d192aWRlb190aHVtYi8xODYzMzQ0MTE2MTc3Nzc2NjQwL3B1L2ltZy9TVXNKekZDMTRiLTVSdlFDLmpwZzpsYXJnZSIsInRodW1ibmFpbF93aWR0aCI6MTI4MCwidGh1bWJuYWlsX2hlaWdodCI6NzIwLCJjYWNoZV9hZ2UiOjg2NDAwLCJvcHRpb25zIjp7Il9oaWRlX21lZGlhIjp7ImxhYmVsIjoiSGlkZSBwaG90b3MsIHZpZGVvcywgYW5kIGNhcmRzIiwidmFsdWUiOmZhbHNlfSwiX3RoZW1lIjp7InZhbHVlIjoiIiwidmFsdWVzIjp7ImRhcmsiOiJVc2UgZGFyayB0aGVtZSJ9fSwiX21heHdpZHRoIjp7InZhbHVlIjoiIiwibGFiZWwiOiJBZGp1c3Qgd2lkdGgiLCJwbGFjZWhvbGRlciI6IjIyMC01NTAsIGluIHB4In19fSZsdDsvc2NyaXB0Jmd0OyZsdDsvZGl2Jmd0Ow==\">\n                <a data-iframely-url=\"\" href=\"https:\/\/twitter.com\/telefe\/status\/1863344210625065417\">https:\/\/twitter.com\/telefe\/status\/1863344210625065417<\/a>\n              <\/div>\n<p><b>\u201cTodo el sufrimiento es parte de mi vida pero quiero disfrutar de este d\u00eda<\/b> porque tal vez no vuelva a vivir algo as\u00ed\u201d, dijo el hombre que todo lo pudo. Campe\u00f3n del US Open. N\u00famero tres del mundo. Ganador de 22 t\u00edtulos de ATP. Vencedor de Djokovic, de Federer, de Nadal, de Murray. <b>Campe\u00f3n indeleble de la Copa Davis. <\/b>Due\u00f1o de dos medallas ol\u00edmpicas.<b> Propietario de un carisma que trasciende fronteras.<\/b> Con una inactividad total de m\u00e1s de cinco a\u00f1os y medio, producto de las lesiones en las mu\u00f1ecas -cuatro operaciones- y en la rodilla derecha -ocho cirug\u00edas; todav\u00eda persigue la calidad de vida en el mundo cotidiano-, <b>le alcanz\u00f3 para grabar su nombre en la historia.<\/b><\/p>\n<p>Y un d\u00eda decidi\u00f3 celebrarlo. En el estadio del Parque Roca, <b>el sitio en el que alguna vez se despidi\u00f3 con silbidos<\/b>, entre fr\u00edas l\u00e1grimas, en <b>una etapa de suplicio y tortura que pudo enterrar en 2016 con la proeza en la Davis. <\/b>Lo celebr\u00f3 con Djokovic, pero tambi\u00e9n con Sabatini, con Dulko, con diferentes colegas que oficiaron de teloneros, con el cari\u00f1o de 15 mil personas. <b>Con una venda negra en la rodilla derecha. Rodeado de amor.<\/b><\/p>\n<p><a href=\"\/cdn-cgi\/l\/email-protection\" class=\"__cf_email__\" data-cfemail=\"f48495999598929d80959a9bb48495939d9a95c5c6da979b99da9586\">[email\u00a0protected]<\/a><\/p>\n<p><!-- Live Blog Post --><\/div>\n<p><script async src=\"\/\/platform.twitter.com\/widgets.js\" charset=\"utf-8\"><\/script><br \/><a href=\"https:\/\/www.pagina12.com.ar\/787050-djokovic-el-abrazo-de-la-gente-y-el-alma-al-desnudo-un-dia-d\">source<\/a><\/p>\n","protected":false},"excerpt":{"rendered":"<p>\u201cEs muy triste todo lo que le pas\u00f3 a Juan Mart\u00edn, pero hoy estamos ac\u00e1&#8230;<\/p>\n","protected":false},"author":3,"featured_media":16727,"comment_status":"closed","ping_status":"closed","sticky":false,"template":"","format":"standard","meta":{"footnotes":""},"categories":[21],"tags":[],"class_list":["post-16726","post","type-post","status-publish","format-standard","has-post-thumbnail","hentry","category-deportes"],"featured_image_urls":{"full":["https:\/\/fmamiga909.com.ar\/wp-content\/uploads\/2024\/12\/wp-header-logo-20.png",960,540,false],"thumbnail":["https:\/\/fmamiga909.com.ar\/wp-content\/uploads\/2024\/12\/wp-header-logo-20-150x150.png",150,150,true],"medium":["https:\/\/fmamiga909.com.ar\/wp-content\/uploads\/2024\/12\/wp-header-logo-20-300x169.png",300,169,true],"medium_large":["https:\/\/fmamiga909.com.ar\/wp-content\/uploads\/2024\/12\/wp-header-logo-20.png",960,540,false],"large":["https:\/\/fmamiga909.com.ar\/wp-content\/uploads\/2024\/12\/wp-header-logo-20.png",640,360,false],"1536x1536":["https:\/\/fmamiga909.com.ar\/wp-content\/uploads\/2024\/12\/wp-header-logo-20.png",960,540,false],"2048x2048":["https:\/\/fmamiga909.com.ar\/wp-content\/uploads\/2024\/12\/wp-header-logo-20.png",960,540,false],"newsium-slider-full":["https:\/\/fmamiga909.com.ar\/wp-content\/uploads\/2024\/12\/wp-header-logo-20.png",960,540,false],"newsium-featured":["https:\/\/fmamiga909.com.ar\/wp-content\/uploads\/2024\/12\/wp-header-logo-20.png",960,540,false],"newsium-medium":["https:\/\/fmamiga909.com.ar\/wp-content\/uploads\/2024\/12\/wp-header-logo-20-720x475.png",720,475,true]},"author_info":{"display_name":"Fredy Giuliano","author_link":"https:\/\/fmamiga909.com.ar\/?author=3"},"category_info":"<a href=\"https:\/\/fmamiga909.com.ar\/?cat=21\" rel=\"category\">Deportes<\/a>","tag_info":"Deportes","comment_count":"0","_links":{"self":[{"href":"https:\/\/fmamiga909.com.ar\/index.php?rest_route=\/wp\/v2\/posts\/16726","targetHints":{"allow":["GET"]}}],"collection":[{"href":"https:\/\/fmamiga909.com.ar\/index.php?rest_route=\/wp\/v2\/posts"}],"about":[{"href":"https:\/\/fmamiga909.com.ar\/index.php?rest_route=\/wp\/v2\/types\/post"}],"author":[{"embeddable":true,"href":"https:\/\/fmamiga909.com.ar\/index.php?rest_route=\/wp\/v2\/users\/3"}],"replies":[{"embeddable":true,"href":"https:\/\/fmamiga909.com.ar\/index.php?rest_route=%2Fwp%2Fv2%2Fcomments&post=16726"}],"version-history":[{"count":0,"href":"https:\/\/fmamiga909.com.ar\/index.php?rest_route=\/wp\/v2\/posts\/16726\/revisions"}],"wp:featuredmedia":[{"embeddable":true,"href":"https:\/\/fmamiga909.com.ar\/index.php?rest_route=\/wp\/v2\/media\/16727"}],"wp:attachment":[{"href":"https:\/\/fmamiga909.com.ar\/index.php?rest_route=%2Fwp%2Fv2%2Fmedia&parent=16726"}],"wp:term":[{"taxonomy":"category","embeddable":true,"href":"https:\/\/fmamiga909.com.ar\/index.php?rest_route=%2Fwp%2Fv2%2Fcategories&post=16726"},{"taxonomy":"post_tag","embeddable":true,"href":"https:\/\/fmamiga909.com.ar\/index.php?rest_route=%2Fwp%2Fv2%2Ftags&post=16726"}],"curies":[{"name":"wp","href":"https:\/\/api.w.org\/{rel}","templated":true}]}}