{"id":16744,"date":"2024-12-02T19:52:43","date_gmt":"2024-12-02T19:52:43","guid":{"rendered":"https:\/\/fmamiga909.com.ar\/?p=16744"},"modified":"2024-12-02T19:52:43","modified_gmt":"2024-12-02T19:52:43","slug":"autismo-discriminacion-y-cuando-el-futbol-argentino-sirve-para-dar-un-mensaje","status":"publish","type":"post","link":"https:\/\/fmamiga909.com.ar\/?p=16744","title":{"rendered":"Autismo, discriminaci\u00f3n y cuando el f\u00fatbol argentino sirve para dar un mensaje"},"content":{"rendered":"<div><!-- Body --><\/p>\n<p>El arquero de Independiente<b>\u00a0Rodrigo Rey<\/b>\u00a0hizo un<b> <\/b>emotivo descargo en redes sociales, luego de que el <b>Instituto Jos\u00e9 Manuel Estrada<\/b> de La Plata decidiera<b> no renovarle la matr\u00edcula a sus hijos<\/b>, uno de los cuales est\u00e1 diagnosticado con <b>Trastorno del Espectro Autista<\/b> (TEA). \u00abSi hay algo que me ense\u00f1\u00f3 el f\u00fatbol y la vida es a no bajar los brazos, es a hacer que las cosas sucedan, es que<b> vale la pena librar las batallas que son honestas, que son justas y eso haremos<\/b>\u00ab, escribi\u00f3 el deportista en su cuenta de Instagram.<\/p>\n<p>El pasado 14 de octubre, a pocos meses de terminar el a\u00f1o escolar, Rey y su esposa Mar\u00eda Laura recibieron una carta documento del colegio donde les informaban que ni Benicio, su hijo de 8 a\u00f1os diagnosticado con TEA, ni su hija Renata ser\u00edan matriculados en 2025. Seg\u00fan Rey, el colegio tom\u00f3 esa decisi\u00f3n\u00a0en \u201crepresalia\u201d a un posteo que el arquero del club de Avellaneda subi\u00f3 a sus redes en el mes de junio, donde se quejaba de la falta de inclusi\u00f3n para Benicio por parte de la instituci\u00f3n educativa.<\/p>\n<p>Tras la carta documento, el matrimonio<b> present\u00f3 un recurso de amparo para que sus hijos contin\u00faen en el mismo colegio<\/b> el a\u00f1o que viene, que tramita en Juzgado N\u00famero 3 de La Plata. Sin embargo, el pasado 28 de noviembre <b>la justicia rechaz\u00f3 la medida cautelar<\/b>, por lo que ahora <b>la pareja decidi\u00f3 apelar<\/b>.\u00a0\u00a0<\/p>\n<h2>El emotivo descargo que hizo el arquero<\/h2>\n<p>Este domingo, tras la victoria ante Central C\u00f3rdoba de Santiago del Estero, el arquero hizo un descargo en sus redes sociales, a trav\u00e9s de una emotiva carta que titul\u00f3 <b>\u00abNo son d\u00edas buenos ni son d\u00edas malos, son simplemente d\u00edas\u00bb<\/b>.<\/p>\n<p>\u00abNo logran ser buenos porque s\u00e9 que los m\u00edos, que mi familia, que mi mujer, que mis hijos al igual que yo tenemos esa sensaci\u00f3n de injusticia, esa impotencia que se canaliza como se puede, que te atraviesa\u00bb, comenz\u00f3 el descargo.<\/p>\n<p>Y continu\u00f3: \u00abEsa bronca de ver que a veces no alcanza con ser buena gente, que <b>a veces parece que defender los derechos de tus hijos le molesta a otras personas y deciden en represalia sacar a tus hijos de sus espacios<\/b>, de sus c\u00edrculos de amigos, sin importar si su estabilidad emocional est\u00e1 en juego, sin importar que son chicos, que su entorno los adora, sin importar que uno de ellos es TEA (autista) y que justamente<b> sus amigos lo ayudaron a avanzar este a\u00f1o a pasos agigantados al punto de poder reducir sus terapias de 5 a 3 semanales<\/b>, sin importar que la mayor lo \u00fanico que hizo en todo esto fue ser una gran amiga, compa\u00f1era y estudiante responsable. <b>ESTAMOS ROTOS<\/b>\u00ab.<\/p>\n<p>Ahora, sigui\u00f3 el arquero, \u00abtampoco puedo permitirme que sean malos (d\u00edas) porque en mi mundo, en mi trabajo no hay pausas, no hay tiempos, se sigue siempre para adelante y hay que estar listo para la pr\u00f3xima batalla. <b>Hay que juntar los pedacitos pegarlos r\u00e1pido y estar fuerte para seguir adelante\u00a0dando\u00a0pelea<\/b>\u00ab.<\/p>\n<p>Y concluy\u00f3: \u00ab<b>Si hay algo que me ense\u00f1\u00f3 el f\u00fatbol y la vida es eso, es a no bajar los brazos, es a hacer que las cosas sucedan, es que vale la pena librar las batallas que son honestas, que son justas y eso haremos.<\/b> Con el coraz\u00f3n en la mano, juntos como familia, como equipo para buscar fuerzas de donde hoy es dif\u00edcil encontrar. Gracias a cada persona que me escribe apoyando y brind\u00e1ndonos ayuda; perd\u00f3n a los que no pude contestarles. Confiamos mucho en Dios y en la justicia\u00bb.\u00a0<\/p>\n<h2>Trastorno del Espectro Autista<\/h2>\n<p>Los<a href=\"https:\/\/www.pagina12.com.ar\/725236-semana-azul-en-argentina-para-hablar-sobre-autismo\"> trastornos del espectro autista (TEA)<\/a> son particularidades del desarrollo que provocan grandes diferencias en la percepci\u00f3n de la realidad y las relaciones personales.\u00a0<\/p>\n<p>Las personas con TEA con frecuencia se encuentran con dificultades para la comunicaci\u00f3n y la interacci\u00f3n social, as\u00ed como tambi\u00e9n suelen necesitar rutinas espec\u00edficas para no sentirse desestabilizados.\u00a0<\/p>\n<p>Se dice que es un espectro porque los s\u00edntomas pueden variar, siendo leves o muy severos. No hay dos personas con autismo iguales.<\/p>\n<p>Esta problem\u00e1tica crece a\u00f1o tras a\u00f1o ya que, seg\u00fan prevalencias internacionales, en este momento 1 de cada 36 ni\u00f1os cuenta con diagn\u00f3stico TEA, mientras que en el 2000 la prevalencia era 1 en 150. Es decir que hubo un incremento del 317% en 20 a\u00f1os.<\/p>\n<p><!-- Live Blog Post --><\/div>\n<p><a href=\"https:\/\/www.pagina12.com.ar\/787206-autismo-discriminacion-y-cuando-el-futbol-argentino-sirve-pa\">source<\/a><\/p>\n","protected":false},"excerpt":{"rendered":"<p>El arquero de Independiente\u00a0Rodrigo Rey\u00a0hizo un emotivo descargo en redes sociales, luego de que el&#8230;<\/p>\n","protected":false},"author":3,"featured_media":16745,"comment_status":"closed","ping_status":"closed","sticky":false,"template":"","format":"standard","meta":{"footnotes":""},"categories":[21],"tags":[],"class_list":["post-16744","post","type-post","status-publish","format-standard","has-post-thumbnail","hentry","category-deportes"],"featured_image_urls":{"full":["https:\/\/fmamiga909.com.ar\/wp-content\/uploads\/2024\/12\/wp-header-logo-29.png",960,540,false],"thumbnail":["https:\/\/fmamiga909.com.ar\/wp-content\/uploads\/2024\/12\/wp-header-logo-29-150x150.png",150,150,true],"medium":["https:\/\/fmamiga909.com.ar\/wp-content\/uploads\/2024\/12\/wp-header-logo-29-300x169.png",300,169,true],"medium_large":["https:\/\/fmamiga909.com.ar\/wp-content\/uploads\/2024\/12\/wp-header-logo-29.png",960,540,false],"large":["https:\/\/fmamiga909.com.ar\/wp-content\/uploads\/2024\/12\/wp-header-logo-29.png",640,360,false],"1536x1536":["https:\/\/fmamiga909.com.ar\/wp-content\/uploads\/2024\/12\/wp-header-logo-29.png",960,540,false],"2048x2048":["https:\/\/fmamiga909.com.ar\/wp-content\/uploads\/2024\/12\/wp-header-logo-29.png",960,540,false],"newsium-slider-full":["https:\/\/fmamiga909.com.ar\/wp-content\/uploads\/2024\/12\/wp-header-logo-29.png",960,540,false],"newsium-featured":["https:\/\/fmamiga909.com.ar\/wp-content\/uploads\/2024\/12\/wp-header-logo-29.png",960,540,false],"newsium-medium":["https:\/\/fmamiga909.com.ar\/wp-content\/uploads\/2024\/12\/wp-header-logo-29-720x475.png",720,475,true]},"author_info":{"display_name":"Fredy Giuliano","author_link":"https:\/\/fmamiga909.com.ar\/?author=3"},"category_info":"<a href=\"https:\/\/fmamiga909.com.ar\/?cat=21\" rel=\"category\">Deportes<\/a>","tag_info":"Deportes","comment_count":"0","_links":{"self":[{"href":"https:\/\/fmamiga909.com.ar\/index.php?rest_route=\/wp\/v2\/posts\/16744","targetHints":{"allow":["GET"]}}],"collection":[{"href":"https:\/\/fmamiga909.com.ar\/index.php?rest_route=\/wp\/v2\/posts"}],"about":[{"href":"https:\/\/fmamiga909.com.ar\/index.php?rest_route=\/wp\/v2\/types\/post"}],"author":[{"embeddable":true,"href":"https:\/\/fmamiga909.com.ar\/index.php?rest_route=\/wp\/v2\/users\/3"}],"replies":[{"embeddable":true,"href":"https:\/\/fmamiga909.com.ar\/index.php?rest_route=%2Fwp%2Fv2%2Fcomments&post=16744"}],"version-history":[{"count":0,"href":"https:\/\/fmamiga909.com.ar\/index.php?rest_route=\/wp\/v2\/posts\/16744\/revisions"}],"wp:featuredmedia":[{"embeddable":true,"href":"https:\/\/fmamiga909.com.ar\/index.php?rest_route=\/wp\/v2\/media\/16745"}],"wp:attachment":[{"href":"https:\/\/fmamiga909.com.ar\/index.php?rest_route=%2Fwp%2Fv2%2Fmedia&parent=16744"}],"wp:term":[{"taxonomy":"category","embeddable":true,"href":"https:\/\/fmamiga909.com.ar\/index.php?rest_route=%2Fwp%2Fv2%2Fcategories&post=16744"},{"taxonomy":"post_tag","embeddable":true,"href":"https:\/\/fmamiga909.com.ar\/index.php?rest_route=%2Fwp%2Fv2%2Ftags&post=16744"}],"curies":[{"name":"wp","href":"https:\/\/api.w.org\/{rel}","templated":true}]}}