{"id":16752,"date":"2024-12-02T22:55:20","date_gmt":"2024-12-02T22:55:20","guid":{"rendered":"https:\/\/fmamiga909.com.ar\/?p=16752"},"modified":"2024-12-02T22:55:20","modified_gmt":"2024-12-02T22:55:20","slug":"mascherano-firmo-contrato-con-el-inter-miami-de-messi","status":"publish","type":"post","link":"https:\/\/fmamiga909.com.ar\/?p=16752","title":{"rendered":"Mascherano firm\u00f3 contrato con el Inter Miami de Messi"},"content":{"rendered":"<div><!-- Body --><\/p>\n<p>Javier Mascherano fue presentado oficialmente este lunes como nuevo entrenador del Inter Miami, tras su llegada a Estados Unidos y firmar un contrato que lo vincular\u00e1 al club hasta 2027.<\/p>\n<p>Mascherano expres\u00f3 su \u00abentusiasmo\u00bb en un video subido a las redes del club: \u00abEs un honor para m\u00ed ser parte de esta familia, muy ilusionado de empezar este nuevo sue\u00f1o y los espero a todos en 2025\u00bb.<\/p>\n<p>Por otra parte, la semana pasada tambi\u00e9n hab\u00eda comentado sin sonrojarse que lo hab\u00eda atra\u00eddo la \u00abambici\u00f3n e infraestructura del club\u00bb, y admiti\u00f3 el objetivo que tiene para el Inter: \u00abQuiero llevar al equipo a nuevas alturas y brindarles a los fan\u00e1ticos momentos inolvidables\u00bb.<\/p>\n<p>El \u00abJefecito\u00bb reemplaza a Gerardo \u00abTata\u00bb Martino, quien dej\u00f3 su cargo por razones personales luego de una temporada en la que gan\u00f3 la Supporter&#8217;s Shield, pero qued\u00f3 eliminado en la primera ronda de play-offs.<\/p>\n<div class=\"iframely-embed medium-embedded-content\" data-html=\"Jmx0O2Jsb2NrcXVvdGUgY2xhc3M9InR3aXR0ZXItdHdlZXQiIGRhdGEtZG50PSJ0cnVlIiBhbGlnbj0iY2VudGVyIiZndDsmbHQ7cCBsYW5nPSJlcyIgZGlyPSJsdHIiJmd0O0JpZW52ZW5pZG8gYSBjYXNhICZsdDthIGhyZWY9Imh0dHBzOi8vdHdpdHRlci5jb20vTWFzY2hlcmFubz9yZWZfc3JjPXR3c3JjJTVFdGZ3IiZndDtATWFzY2hlcmFubyZsdDsvYSZndDsg8J+PoCAmbHQ7YSBocmVmPSJodHRwczovL3QuY28vTjdYZW5pQUpDdSImZ3Q7cGljLnR3aXR0ZXIuY29tL043WGVuaUFKQ3UmbHQ7L2EmZ3Q7Jmx0Oy9wJmd0OyZhbXA7bWRhc2g7IEludGVyIE1pYW1pIENGIChASW50ZXJNaWFtaUNGKSAmbHQ7YSBocmVmPSJodHRwczovL3R3aXR0ZXIuY29tL0ludGVyTWlhbWlDRi9zdGF0dXMvMTg2MzYxODg2NDQ1OTY4MjExMD9yZWZfc3JjPXR3c3JjJTVFdGZ3IiZndDtEZWNlbWJlciAyLCAyMDI0Jmx0Oy9hJmd0OyZsdDsvYmxvY2txdW90ZSZndDsKJmx0O3NjcmlwdCBhc3luYyBzcmM9Imh0dHBzOi8vcGxhdGZvcm0udHdpdHRlci5jb20vd2lkZ2V0cy5qcyIgY2hhcnNldD0idXRmLTgiJmd0OyZsdDsvc2NyaXB0Jmd0OwoKJmx0O2RpdiBjbGFzcz0ibWVkaXVtLWluc2VydC1lbWJlZHMtbWV0YSImZ3Q7Jmx0O3NjcmlwdCB0eXBlPSJ0ZXh0L2pzb24iJmd0O3sidXJsIjoiaHR0cHM6Ly90d2l0dGVyLmNvbS9JbnRlck1pYW1pQ0Yvc3RhdHVzLzE4NjM2MTg4NjQ0NTk2ODIxMTAiLCJ0eXBlIjoicmljaCIsInZlcnNpb24iOiIxLjAiLCJ0aXRsZSI6IkludGVyIE1pYW1pIENGIG9uIFR3aXR0ZXIgLyBYIiwiYXV0aG9yIjoiSW50ZXIgTWlhbWkgQ0YiLCJhdXRob3JfdXJsIjoiaHR0cHM6Ly90d2l0dGVyLmNvbS9JbnRlck1pYW1pQ0YiLCJwcm92aWRlcl9uYW1lIjoiVHdpdHRlciIsImRlc2NyaXB0aW9uIjoiQmllbnZlbmlkbyBhIGNhc2EgQE1hc2NoZXJhbm8g8J+PoCBwaWMudHdpdHRlci5jb20vTjdYZW5pQUpDdeKAlCBJbnRlciBNaWFtaSBDRiAoQEludGVyTWlhbWlDRikgRGVjZW1iZXIgMiwgMjAyNFxuXG5cbiIsInRodW1ibmFpbF91cmwiOiJodHRwczovL3Bicy50d2ltZy5jb20vbWVkaWEvR2R6blU5RlhRQUVoT3lOLmpwZzpsYXJnZSIsInRodW1ibmFpbF93aWR0aCI6MjA0OCwidGh1bWJuYWlsX2hlaWdodCI6MTM2NSwiY2FjaGVfYWdlIjo4NjQwMCwib3B0aW9ucyI6eyJfaGlkZV9tZWRpYSI6eyJsYWJlbCI6IkhpZGUgcGhvdG9zLCB2aWRlb3MsIGFuZCBjYXJkcyIsInZhbHVlIjpmYWxzZX0sIl90aGVtZSI6eyJ2YWx1ZSI6IiIsInZhbHVlcyI6eyJkYXJrIjoiVXNlIGRhcmsgdGhlbWUifX0sIl9tYXh3aWR0aCI6eyJ2YWx1ZSI6IiIsImxhYmVsIjoiQWRqdXN0IHdpZHRoIiwicGxhY2Vob2xkZXIiOiIyMjAtNTUwLCBpbiBweCJ9fX0mbHQ7L3NjcmlwdCZndDsmbHQ7L2RpdiZndDs=\">\n                <a data-iframely-url=\"\" href=\"https:\/\/twitter.com\/InterMiamiCF\/status\/1863618864459682110\">https:\/\/twitter.com\/InterMiamiCF\/status\/1863618864459682110<\/a>\n              <\/div>\n<p>Jorge Mas, uno de los propietarios del club, destac\u00f3 la elecci\u00f3n de Mascherano como una apuesta estrat\u00e9gica: \u00abSu experiencia, tanto como jugador en escenarios internacionales como entrenador en selecciones juveniles, lo convierten en la combinaci\u00f3n ideal para liderar nuestro proyecto\u00bb.<\/p>\n<p>Adem\u00e1s, David Beckham elogi\u00f3 su determinaci\u00f3n y conocimiento como claves para dirigir a \u00abLas Garzas\u00bb en su camino hacia la elite del f\u00fatbol mundial. El desaf\u00edo inmediato para el ex jugador de la Selecci\u00f3n Argentina ser\u00e1 analizar el plantel y planificar movimientos de cara al 2025, con la reciente venta del paraguayo Diego G\u00f3mez al Brighton.<\/p>\n<p>Inter Miami enfrenta el reto de consolidar su posici\u00f3n en el panorama internacional, especialmente con la participaci\u00f3n en el pr\u00f3ximo Mundial de Clubes y varios nombres ya resuenan los pasillos del club, pero las restricciones de la MLS podr\u00edan dificultar las incorporaciones.<\/p>\n<p><!-- Live Blog Post --><\/div>\n<p><script async src=\"\/\/platform.twitter.com\/widgets.js\" charset=\"utf-8\"><\/script><br \/><a href=\"https:\/\/www.pagina12.com.ar\/787258-mascherano-firmo-contrato-con-el-inter-miami-de-messi\">source<\/a><\/p>\n","protected":false},"excerpt":{"rendered":"<p>Javier Mascherano fue presentado oficialmente este lunes como nuevo entrenador del Inter Miami, tras su&#8230;<\/p>\n","protected":false},"author":3,"featured_media":16753,"comment_status":"closed","ping_status":"closed","sticky":false,"template":"","format":"standard","meta":{"footnotes":""},"categories":[21],"tags":[],"class_list":["post-16752","post","type-post","status-publish","format-standard","has-post-thumbnail","hentry","category-deportes"],"featured_image_urls":{"full":["https:\/\/fmamiga909.com.ar\/wp-content\/uploads\/2024\/12\/wp-header-logo-33.png",960,540,false],"thumbnail":["https:\/\/fmamiga909.com.ar\/wp-content\/uploads\/2024\/12\/wp-header-logo-33-150x150.png",150,150,true],"medium":["https:\/\/fmamiga909.com.ar\/wp-content\/uploads\/2024\/12\/wp-header-logo-33-300x169.png",300,169,true],"medium_large":["https:\/\/fmamiga909.com.ar\/wp-content\/uploads\/2024\/12\/wp-header-logo-33.png",960,540,false],"large":["https:\/\/fmamiga909.com.ar\/wp-content\/uploads\/2024\/12\/wp-header-logo-33.png",640,360,false],"1536x1536":["https:\/\/fmamiga909.com.ar\/wp-content\/uploads\/2024\/12\/wp-header-logo-33.png",960,540,false],"2048x2048":["https:\/\/fmamiga909.com.ar\/wp-content\/uploads\/2024\/12\/wp-header-logo-33.png",960,540,false],"newsium-slider-full":["https:\/\/fmamiga909.com.ar\/wp-content\/uploads\/2024\/12\/wp-header-logo-33.png",960,540,false],"newsium-featured":["https:\/\/fmamiga909.com.ar\/wp-content\/uploads\/2024\/12\/wp-header-logo-33.png",960,540,false],"newsium-medium":["https:\/\/fmamiga909.com.ar\/wp-content\/uploads\/2024\/12\/wp-header-logo-33-720x475.png",720,475,true]},"author_info":{"display_name":"Fredy Giuliano","author_link":"https:\/\/fmamiga909.com.ar\/?author=3"},"category_info":"<a href=\"https:\/\/fmamiga909.com.ar\/?cat=21\" rel=\"category\">Deportes<\/a>","tag_info":"Deportes","comment_count":"0","_links":{"self":[{"href":"https:\/\/fmamiga909.com.ar\/index.php?rest_route=\/wp\/v2\/posts\/16752","targetHints":{"allow":["GET"]}}],"collection":[{"href":"https:\/\/fmamiga909.com.ar\/index.php?rest_route=\/wp\/v2\/posts"}],"about":[{"href":"https:\/\/fmamiga909.com.ar\/index.php?rest_route=\/wp\/v2\/types\/post"}],"author":[{"embeddable":true,"href":"https:\/\/fmamiga909.com.ar\/index.php?rest_route=\/wp\/v2\/users\/3"}],"replies":[{"embeddable":true,"href":"https:\/\/fmamiga909.com.ar\/index.php?rest_route=%2Fwp%2Fv2%2Fcomments&post=16752"}],"version-history":[{"count":0,"href":"https:\/\/fmamiga909.com.ar\/index.php?rest_route=\/wp\/v2\/posts\/16752\/revisions"}],"wp:featuredmedia":[{"embeddable":true,"href":"https:\/\/fmamiga909.com.ar\/index.php?rest_route=\/wp\/v2\/media\/16753"}],"wp:attachment":[{"href":"https:\/\/fmamiga909.com.ar\/index.php?rest_route=%2Fwp%2Fv2%2Fmedia&parent=16752"}],"wp:term":[{"taxonomy":"category","embeddable":true,"href":"https:\/\/fmamiga909.com.ar\/index.php?rest_route=%2Fwp%2Fv2%2Fcategories&post=16752"},{"taxonomy":"post_tag","embeddable":true,"href":"https:\/\/fmamiga909.com.ar\/index.php?rest_route=%2Fwp%2Fv2%2Ftags&post=16752"}],"curies":[{"name":"wp","href":"https:\/\/api.w.org\/{rel}","templated":true}]}}