{"id":16772,"date":"2024-12-03T20:17:32","date_gmt":"2024-12-03T20:17:32","guid":{"rendered":"https:\/\/fmamiga909.com.ar\/?p=16772"},"modified":"2024-12-03T20:17:32","modified_gmt":"2024-12-03T20:17:32","slug":"el-futuro-de-colapinto-en-2025-ya-sin-asiento-en-la-formula-1","status":"publish","type":"post","link":"https:\/\/fmamiga909.com.ar\/?p=16772","title":{"rendered":"El futuro de Colapinto en 2025, ya sin asiento en la F\u00f3rmula 1\u00a0"},"content":{"rendered":"<div><!-- Body --><\/p>\n<p>Tras sus grandes actuaciones iniciales en la <b>F\u00f3rmula 1<\/b>, <b><a href=\"https:\/\/www.pagina12.com.ar\/787156-la-ultima-carrera-del-ano-cuando-vuelve-a-correr-franco-cola\">Franco Colapinto<\/a><\/b> tuvo dos duros traspies en <b>Las Vegas<\/b> y <b>Qatar<\/b>. El piloto argentino de 21 a\u00f1os de edad, que luchaba por un asiento para la <b>temporada 2025<\/b>, qued\u00f3 relegado por los malos resultados recientes. Su futuro, al menos el inmediato, no ser\u00eda en la m\u00e1xima categor\u00eda del automovilismo mundial.<\/p>\n<h3\/>\n<h2>La llegada de Colapinto a la F\u00f3rmula 1<\/h2>\n<p>Colapinto reemplaz\u00f3 a <b>Logan Sargeant<\/b> a finales de agosto. El estadounidense ven\u00eda teniendo una muy mala temporada y la escuder\u00eda <b>Williams <\/b>decidi\u00f3 cambiarlo. La escuder\u00eda ya tiene firmado a <b>Carlos Sainz<\/b>, proveniente de <b>Ferrari<\/b>, para el a\u00f1o que viene. El espa\u00f1ol har\u00e1 pareja con<b> Alex Albon<\/b>.<\/p>\n<p>Tras unas buenas 5 carreras, en las que incluso lleg\u00f3 a sumar puntos en 2 de ellas, Colapinto parec\u00eda pedir a gritos un asiento en F\u00f3rmula 1. Pero sus malos resultados en Las Vegas y Qatar parecen haber sepultado sus oportunidades. Al menos por el momento. <b>\u00abEl inter\u00e9s por el argentino de 21 a\u00f1os se ha enfriado considerablemente\u00bb<\/b>, asegura el periodista Michael Schmidt, especialista de F\u00f3rmula 1, en el medio <i>Auto Motor und Sport<\/i> de Alemania.<\/p>\n<h2>Ni Alpine ni Red Bull<\/h2>\n<p>Espec\u00edficamente <b>Alpine<\/b> y <b>Red Bull <\/b>eran las interesadas en Colapinto. Alpine cuenta con <b>Pierre Gasly y<\/b><a href=\"https:\/\/www.pagina12.com.ar\/787143-alpine-bajo-a-esteban-ocon-para-la-ultima-carrera-del-ano\"><b> Jack Doohan<\/b>, quien reemplazar\u00e1 a Esteban Ocon<\/a> en el \u00faltimo GP del a\u00f1o, el de <b>Abu Dhabi<\/b>. Si bien Doohan no tiene el asiento confirmado para 2025, los medios especializados dan por sentado que el mismo no ser\u00e1 para Colapinto.<\/p>\n<p>Por otro lado, Christian Horner, jefe de Red Bull, confirm\u00f3 que Colapinto no est\u00e1 en los planes de su escuder\u00eda para el pr\u00f3ximo a\u00f1o:\u00a0<b>\u201cTenemos una gran cantera de talentos en el equipo junior de Red Bull, y estoy seguro de que Franco encontrar\u00e1 su sitio en la parrilla en el futuro\u201d<\/b>, sostuvo. Cabe recordar que la continuidad del mexicano <b><i>Checo <\/i>P\u00e9rez<\/b> pende de un hilo, tambi\u00e9n por sus magros resultados que impidieron que <b>Red Bull <\/b>peleara por el <b>Campeonato de Constructores<\/b>.\u00a0<\/p>\n<h2>El futuro de Colapinto<\/h2>\n<p>De esta manera, el futuro de Colapinto ser\u00e1 como piloto suplente de Williams. \u00abEn primer lugar, <strong>tendremos al mejor piloto suplente del momento<\/strong>. En segundo, recibir\u00eda la mejor preparaci\u00f3n con pruebas coches de otras temporadas y simulaciones. Hice algo similar antes con Esteban Ocon, y un a\u00f1o de pausa tambi\u00e9n le fue beneficioso\u00bb, dijo hace unos meses el jefe de equipo James Vowles<\/p>\n<p>Tras su repentina llegada a la m\u00e1xima categor\u00eda del automovilismo mundial, el oriundo de Pilar volver\u00e1 a correr en<b> F\u00f3rmula 2<\/b>\u00a0con el objetivo de prepararse para volver a intentarlo en la <b>F\u00f3rmula 1<\/b> en 2026. Pero tambi\u00e9n a la espera de aprovechar otra oportunidad para destacarse, como ocurri\u00f3 este a\u00f1o.<\/p>\n<h3>Segu\u00ed leyendo<\/h3>\n<h3\/><!-- Live Blog Post --><\/div>\n<p><a href=\"https:\/\/www.pagina12.com.ar\/787475-el-futuro-de-colapinto-en-2025-ya-sin-asiento-en-la-formula-\">source<\/a><\/p>\n","protected":false},"excerpt":{"rendered":"<p>Tras sus grandes actuaciones iniciales en la F\u00f3rmula 1, Franco Colapinto tuvo dos duros traspies&#8230;<\/p>\n","protected":false},"author":3,"featured_media":16773,"comment_status":"closed","ping_status":"closed","sticky":false,"template":"","format":"standard","meta":{"footnotes":""},"categories":[21],"tags":[],"class_list":["post-16772","post","type-post","status-publish","format-standard","has-post-thumbnail","hentry","category-deportes"],"featured_image_urls":{"full":["https:\/\/fmamiga909.com.ar\/wp-content\/uploads\/2024\/12\/wp-header-logo-43.png",960,540,false],"thumbnail":["https:\/\/fmamiga909.com.ar\/wp-content\/uploads\/2024\/12\/wp-header-logo-43-150x150.png",150,150,true],"medium":["https:\/\/fmamiga909.com.ar\/wp-content\/uploads\/2024\/12\/wp-header-logo-43-300x169.png",300,169,true],"medium_large":["https:\/\/fmamiga909.com.ar\/wp-content\/uploads\/2024\/12\/wp-header-logo-43.png",960,540,false],"large":["https:\/\/fmamiga909.com.ar\/wp-content\/uploads\/2024\/12\/wp-header-logo-43.png",640,360,false],"1536x1536":["https:\/\/fmamiga909.com.ar\/wp-content\/uploads\/2024\/12\/wp-header-logo-43.png",960,540,false],"2048x2048":["https:\/\/fmamiga909.com.ar\/wp-content\/uploads\/2024\/12\/wp-header-logo-43.png",960,540,false],"newsium-slider-full":["https:\/\/fmamiga909.com.ar\/wp-content\/uploads\/2024\/12\/wp-header-logo-43.png",960,540,false],"newsium-featured":["https:\/\/fmamiga909.com.ar\/wp-content\/uploads\/2024\/12\/wp-header-logo-43.png",960,540,false],"newsium-medium":["https:\/\/fmamiga909.com.ar\/wp-content\/uploads\/2024\/12\/wp-header-logo-43-720x475.png",720,475,true]},"author_info":{"display_name":"Fredy Giuliano","author_link":"https:\/\/fmamiga909.com.ar\/?author=3"},"category_info":"<a href=\"https:\/\/fmamiga909.com.ar\/?cat=21\" rel=\"category\">Deportes<\/a>","tag_info":"Deportes","comment_count":"0","_links":{"self":[{"href":"https:\/\/fmamiga909.com.ar\/index.php?rest_route=\/wp\/v2\/posts\/16772","targetHints":{"allow":["GET"]}}],"collection":[{"href":"https:\/\/fmamiga909.com.ar\/index.php?rest_route=\/wp\/v2\/posts"}],"about":[{"href":"https:\/\/fmamiga909.com.ar\/index.php?rest_route=\/wp\/v2\/types\/post"}],"author":[{"embeddable":true,"href":"https:\/\/fmamiga909.com.ar\/index.php?rest_route=\/wp\/v2\/users\/3"}],"replies":[{"embeddable":true,"href":"https:\/\/fmamiga909.com.ar\/index.php?rest_route=%2Fwp%2Fv2%2Fcomments&post=16772"}],"version-history":[{"count":0,"href":"https:\/\/fmamiga909.com.ar\/index.php?rest_route=\/wp\/v2\/posts\/16772\/revisions"}],"wp:featuredmedia":[{"embeddable":true,"href":"https:\/\/fmamiga909.com.ar\/index.php?rest_route=\/wp\/v2\/media\/16773"}],"wp:attachment":[{"href":"https:\/\/fmamiga909.com.ar\/index.php?rest_route=%2Fwp%2Fv2%2Fmedia&parent=16772"}],"wp:term":[{"taxonomy":"category","embeddable":true,"href":"https:\/\/fmamiga909.com.ar\/index.php?rest_route=%2Fwp%2Fv2%2Fcategories&post=16772"},{"taxonomy":"post_tag","embeddable":true,"href":"https:\/\/fmamiga909.com.ar\/index.php?rest_route=%2Fwp%2Fv2%2Ftags&post=16772"}],"curies":[{"name":"wp","href":"https:\/\/api.w.org\/{rel}","templated":true}]}}