{"id":16776,"date":"2024-12-03T21:20:51","date_gmt":"2024-12-03T21:20:51","guid":{"rendered":"https:\/\/fmamiga909.com.ar\/?p=16776"},"modified":"2024-12-03T21:20:51","modified_gmt":"2024-12-03T21:20:51","slug":"crismanich-argentina-tiene-chances-reales-de-lograr-una-medalla-en-los-angeles","status":"publish","type":"post","link":"https:\/\/fmamiga909.com.ar\/?p=16776","title":{"rendered":"Crismanich: &quot;Argentina tiene chances reales de lograr una medalla en Los \u00c1ngeles&quot;\u00a0\u00a0"},"content":{"rendered":"<div><!-- Body --><\/p>\n<p>\u00abCreo que para los pr\u00f3ximos Juegos Ol\u00edmpicos de Los \u00c1ngeles  2028 podemos so\u00f1ar con una medalla ol\u00edmpica. Tenemos a unos atletas que est\u00e1n en un muy buen rendimiento , que son todav\u00eda muy j\u00f3venes pero que ya le est\u00e1n peleando a los que est\u00e1n m\u00e1s maduros a nivel mundial\u00bb, afirm\u00f3 Sebasti\u00e1n\u00a0Crismanich en di\u00e1logo con <b>P\u00e1gina\/12 <\/b>en el Centro Nacional de Alto Rendimiento Deportivo (Cenard) del barrio porte\u00f1o de N\u00fa\u00f1ez.\u00a0El exdeportista, que tiene junto con su hermano una academia de taekwondo en su provincia, es el presidente de la Federaci\u00f3n Correntina de Taekwondo y recorre el pa\u00eds en b\u00fasqueda de nuevos talentos. Medalla de oro en Londres 2012 \u2013la primera de la disciplina en la historia ol\u00edmpica argentina\u2013, Crismanich gan\u00f3 adem\u00e1s en su carrera la medalla de oro en los Juegos Panamericanos de Guadalajara 2011 y fue medalla de oro tambi\u00e9n en los Juegos Odesur de Buenos Aires 2006 y Santiago de Chile 2014 y de plata en Medell\u00edn 2010.\u00a0<\/p>\n<p><b>\u2013Te retiraste en 2016 por lesiones. \u00bfTuviste alg\u00fan tipo de baj\u00f3n an\u00edmico, depresi\u00f3n?<\/b><\/p>\n<p>\u2013Es muy buena tu pregunta. Creo que reci\u00e9n hoy puedo responderla con una mirada m\u00e1s clara de todo lo que vino sucediendo luego del retiro. Tuve una lesi\u00f3n important\u00edsima que me dej\u00f3 bastante machucado. Volv\u00ed, trat\u00e9 de clasificar a los Juegos Ol\u00edmpicos de R\u00edo 2016 y sab\u00eda que despu\u00e9s de esa lesi\u00f3n el rendimiento que pod\u00eda alcanzar no iba a ser el mismo que cuando estuve en mi plenitud. Fue algo muy duro pero m\u00e1s duro fue transitar un camino de empezar de cero.  Intent\u00e9 llevar una vida m\u00e1s tranquila, con objetivos como el com\u00fan de la gente pero fue una etapa en la que no me sent\u00ed yo, no me sent\u00ed  bien, m\u00e1s all\u00e1 de que no fue mal en las cosas que hac\u00eda. Regres\u00e9 al tatami hace un a\u00f1o y medio, con el retorno de un atleta que se hab\u00eda retirado, el neuquino Jos\u00e9 Luis Acu\u00f1a; hablamos y quiso volver a la competencia, se fue a vivir a Corrientes y me meti\u00f3, de alguna manera, en el compromiso de volver al tatami, volver a entrenar, algo que cada vez que lo hab\u00eda intentado en ese lapso largo de tiempo me tra\u00eda mas bajones an\u00edmicos que otra cosa y reci\u00e9n despu\u00e9s de esa experiencia  volv\u00ed a sentir de una manera limpia, sana, el hecho de volver a pelear aunque sea en los entrenamientos. Lo estoy viviendo y disfrutando much\u00edsimo, ya sabiendo que mi lugar es otro. Logr\u00e9 en mi mente sanar, cerrar un cap\u00edtulo, hacer el duelo, y hoy puedo decir que sigo en este deporte pero desde otro lado.<\/p>\n<p><b>\u2013\u00bfCu\u00e1nto tiempo te llev\u00f3 ese duelo?<\/b><\/p>\n<p>\u2013Much\u00edsimos a\u00f1os. Del 2016 que me retir\u00e9 hasta principios del 2023. Reci\u00e9n ah\u00ed logr\u00e9 vencer esta etapa. Era consciente de que era algo que lo iba a atravesar, no es algo que tampoco busqu\u00e9 esquivarlo. Busqu\u00e9 los caminos de mi nueva etapa, los fui cerrando y de alguna manera volv\u00ed a la esencia, a la base, no porque sea una zona de confort, sino porque es el lugar en el que me siento productivo, pleno y al m\u00e1ximo. En esta etapa el prop\u00f3sito de mi vida es esto.<\/p>\n<p><b>\u2013\u00bfTe gusta este nuevo rol de entrenador?<\/b><\/p>\n<p>\u2013S\u00ed, me da paz. Me siento muy contento y feliz de poder contribuir. M\u00e1s all\u00e1 de que no me queda otra como competidor, encontr\u00e9 este formato diferente: entrenador desde adentro.  Me pongo como sparring, estoy haci\u00e9ndole el aguante a los chicos, viendo los defectos y virtudes, si la parte f\u00edsica est\u00e1 dando resultados, la velocidad en la que desarrollan sus t\u00e9cnicas. En ese formato, lo disfruto; no del t\u00edpico entrenador que est\u00e1 con la planilla desde afuera. No quiero decir que es mejor o peor sino que disfruta que me da el cuerpo y las ganas de seguir ah\u00ed adentro, sentir el choque y el impacto.  Me preparo para estar a la altura de estos atletas que son de selecci\u00f3n, que est\u00e1n yendo a los preol\u00edmpicos, a competir a Europa, que est\u00e1n peleando con los mejores del mundo.<\/p>\n<p><b>\u2013\u00bfC\u00f3mo calific\u00e1s la actuaci\u00f3n de Lucas Guzm\u00e1n \u2013m\u00fatiple medallista panamericano\u2013 en los Juegos Ol\u00edmpicos de Par\u00eds?<\/b><\/p>\n<p>\u2013Lucas hizo casi un milagro con el sistema de clasificaci\u00f3n que hay actualmente para acceder a los Juegos Ol\u00edmpicos en una categor\u00eda liviana donde prevalecen los chicos muy jovencitos. El sistema de combate te pide algo muy energ\u00e9tico, de desgaste impresionante. El clasificarse tras haberse lesionado muy mal previos a los Juegos \u2013con casi 30 a\u00f1os\u2013 fue muy bueno, adem\u00e1s creo que hizo much\u00edsimo por la selecci\u00f3n y el taekwondo. Todos le estamos muy agradecidos. Hoy el taekwondo es muy demandante, f\u00edsicamente el circuito es bastante destructivo para el cuerpo de un atleta porque para poder clasificar necesitas competencias de muy alto nivel muy seguidas; a veces, hasta dos o tres por mes, haciendo seis o siete combates en cada torneo con poco tiempo de recuperaci\u00f3n. <\/p>\n<p><b>\u2013\u00bfDej\u00f3 un vac\u00edo con su retiro?<\/b><\/p>\n<p> \u2013Lo vamos a extra\u00f1ar, obviamente, pero hay muchos j\u00f3venes que quieren ser los pr\u00f3ximo h\u00e9roes de este deporte. Hoy puedo decir que no deja un vac\u00edo porque hay atletas y un equipo bastante homog\u00e9neo, inclusive en la categor\u00eda que \u00e9l lider\u00f3 y en otras m\u00e1s avanzadas en peso. Veo deportistas que vienen con una ambici\u00f3n importante. Todos quieren ser un Lucas Guzm\u00e1n, lo que logr\u00e9 en su momento o Jos\u00e9 Zamorano, con sus dos medallas ol\u00edmpicas  en parataekwondo. <\/p>\n<p><b>\u2013\u00bfEl taekwondo nacional goza de buena salud? \u00bfQu\u00e9 futuro le avizor\u00e1s?<\/b><\/p>\n<p>\u2013Creo que para los pr\u00f3ximos Juegos Ol\u00edmpicos de Los \u00c1ngeles  podemos so\u00f1ar con una medalla ol\u00edmpica.  Tenemos a unos atletas que est\u00e1n en un muy buen rendimiento, que son todav\u00eda muy j\u00f3venes pero que ya le est\u00e1n peleando a los que est\u00e1n m\u00e1s maduros a nivel mundial. Creo que tenemos chances reales de lograr una medalla ol\u00edmpica en Los \u00c1ngeles.  Lo baso en el conocimiento de lo que est\u00e1n haciendo hoy en la selecci\u00f3n.  A dos de ellos los veo muy fuertes, uno de ellos,\u00a0Jos\u00e9 Luis Acu\u00f1a, de 21 a\u00f1os, estuvo muy cerca de clasificar a Par\u00eds. Le gan\u00f3 al \u00faltimo campe\u00f3n mundial, a medallistas ol\u00edmpicos. Sabemos que con un par de a\u00f1os m\u00e1s de madurez y trabajo va a llegar en su esplendor. Y tenemos otros j\u00f3venes con los que tuve la posibilidad de entrenar:\u00a0Santino Policelli e Ignacio Esp\u00ednola Serial, de 16 a\u00f1os, que es el gran, gran proyecto que hay.<\/p>\n<p><b>\u2013\u00bfSon suficientes los apoyos con los que cuenta el taekwondo nacional para su desarrollo?<\/b><\/p>\n<p>\u2013No, creo que nunca son suficientes porque siempre vamos a estar comparando con los pa\u00edses potencia como Brasil, Colombia, Chile.  Algunos logran m\u00e1s o menos resultados pero tienen un caudal de recursos que superan ampliamente a los que hoy tienen el taekwondo argentino.<\/p>\n<p><b>\u2013\u00bfC\u00f3mo est\u00e1 Argentina en relaci\u00f3n el resto de los pa\u00edses de Sudam\u00e9rica?<\/b><\/p>\n<p>\u2013En Sudam\u00e9rica hoy encontr\u00e1s pa\u00edses muy fuertes. Brasil, Colombia. Argentina est\u00e1 en un tercer o cuarto escal\u00f3n. <\/p>\n<p><b>\u2013\u00bf Y a nivel continental?<\/b><\/p>\n<p>\u2013Quintos.  Est\u00e1n tambi\u00e9n M\u00e9xico, Cuba, Estados Unidos, Canad\u00e1, que se acomodaron muy bien.<\/p>\n<p><!-- Live Blog Post --><\/div>\n<p><a href=\"https:\/\/www.pagina12.com.ar\/787496-crismanich-argentina-tiene-chances-reales-de-lograr-una-meda\">source<\/a><\/p>\n","protected":false},"excerpt":{"rendered":"<p>\u00abCreo que para los pr\u00f3ximos Juegos Ol\u00edmpicos de Los \u00c1ngeles 2028 podemos so\u00f1ar con una&#8230;<\/p>\n","protected":false},"author":3,"featured_media":16777,"comment_status":"closed","ping_status":"closed","sticky":false,"template":"","format":"standard","meta":{"footnotes":""},"categories":[21],"tags":[],"class_list":["post-16776","post","type-post","status-publish","format-standard","has-post-thumbnail","hentry","category-deportes"],"featured_image_urls":{"full":["https:\/\/fmamiga909.com.ar\/wp-content\/uploads\/2024\/12\/wp-header-logo-45.png",960,540,false],"thumbnail":["https:\/\/fmamiga909.com.ar\/wp-content\/uploads\/2024\/12\/wp-header-logo-45-150x150.png",150,150,true],"medium":["https:\/\/fmamiga909.com.ar\/wp-content\/uploads\/2024\/12\/wp-header-logo-45-300x169.png",300,169,true],"medium_large":["https:\/\/fmamiga909.com.ar\/wp-content\/uploads\/2024\/12\/wp-header-logo-45.png",960,540,false],"large":["https:\/\/fmamiga909.com.ar\/wp-content\/uploads\/2024\/12\/wp-header-logo-45.png",640,360,false],"1536x1536":["https:\/\/fmamiga909.com.ar\/wp-content\/uploads\/2024\/12\/wp-header-logo-45.png",960,540,false],"2048x2048":["https:\/\/fmamiga909.com.ar\/wp-content\/uploads\/2024\/12\/wp-header-logo-45.png",960,540,false],"newsium-slider-full":["https:\/\/fmamiga909.com.ar\/wp-content\/uploads\/2024\/12\/wp-header-logo-45.png",960,540,false],"newsium-featured":["https:\/\/fmamiga909.com.ar\/wp-content\/uploads\/2024\/12\/wp-header-logo-45.png",960,540,false],"newsium-medium":["https:\/\/fmamiga909.com.ar\/wp-content\/uploads\/2024\/12\/wp-header-logo-45-720x475.png",720,475,true]},"author_info":{"display_name":"Fredy Giuliano","author_link":"https:\/\/fmamiga909.com.ar\/?author=3"},"category_info":"<a href=\"https:\/\/fmamiga909.com.ar\/?cat=21\" rel=\"category\">Deportes<\/a>","tag_info":"Deportes","comment_count":"0","_links":{"self":[{"href":"https:\/\/fmamiga909.com.ar\/index.php?rest_route=\/wp\/v2\/posts\/16776","targetHints":{"allow":["GET"]}}],"collection":[{"href":"https:\/\/fmamiga909.com.ar\/index.php?rest_route=\/wp\/v2\/posts"}],"about":[{"href":"https:\/\/fmamiga909.com.ar\/index.php?rest_route=\/wp\/v2\/types\/post"}],"author":[{"embeddable":true,"href":"https:\/\/fmamiga909.com.ar\/index.php?rest_route=\/wp\/v2\/users\/3"}],"replies":[{"embeddable":true,"href":"https:\/\/fmamiga909.com.ar\/index.php?rest_route=%2Fwp%2Fv2%2Fcomments&post=16776"}],"version-history":[{"count":0,"href":"https:\/\/fmamiga909.com.ar\/index.php?rest_route=\/wp\/v2\/posts\/16776\/revisions"}],"wp:featuredmedia":[{"embeddable":true,"href":"https:\/\/fmamiga909.com.ar\/index.php?rest_route=\/wp\/v2\/media\/16777"}],"wp:attachment":[{"href":"https:\/\/fmamiga909.com.ar\/index.php?rest_route=%2Fwp%2Fv2%2Fmedia&parent=16776"}],"wp:term":[{"taxonomy":"category","embeddable":true,"href":"https:\/\/fmamiga909.com.ar\/index.php?rest_route=%2Fwp%2Fv2%2Fcategories&post=16776"},{"taxonomy":"post_tag","embeddable":true,"href":"https:\/\/fmamiga909.com.ar\/index.php?rest_route=%2Fwp%2Fv2%2Ftags&post=16776"}],"curies":[{"name":"wp","href":"https:\/\/api.w.org\/{rel}","templated":true}]}}