{"id":16782,"date":"2024-12-03T21:30:35","date_gmt":"2024-12-03T21:30:35","guid":{"rendered":"https:\/\/fmamiga909.com.ar\/?p=16782"},"modified":"2024-12-03T21:30:35","modified_gmt":"2024-12-03T21:30:35","slug":"las-mil-vidas-de-brian-fernandez-despues-de-la-copa-potrero-ira-a-jugar-a-chile","status":"publish","type":"post","link":"https:\/\/fmamiga909.com.ar\/?p=16782","title":{"rendered":"Las mil vidas de Brian Fern\u00e1ndez: despu\u00e9s de la Copa Potrero ir\u00e1 a jugar a Chile"},"content":{"rendered":"<div><!-- Body --><\/p>\n<p>La Copa Potrero trae suerte. O al menos, as\u00ed lo fue para <b>Brian Fern\u00e1ndez:<\/b> el delantero anunci\u00f3 que <b>continuar\u00e1 su carrera en el exterior, tras haber sido parte de La Crema<\/b>, equipo que sali\u00f3 campe\u00f3n del torneo organizado por Sergio \u00abKun\u00bb Ag\u00fcero.<\/p>\n<p>   El jugador de 30 a\u00f1os, con un historial marcado por superaci\u00f3n personal y talento, se convertir\u00e1 en <b>nuevo jugador de Coquimbo Unido de Chile.<\/b> Este traspaso, ser\u00e1 su regreso al pa\u00eds andino, donde brill\u00f3 en 2018 con Uni\u00f3n La Calera: anot\u00f3 11 goles en 12 partidos.<\/p>\n<p>En su \u00faltima etapa en la Primera Nacional, Fern\u00e1ndez disput\u00f3 26 encuentros con la camiseta de Almirante Brown y convirti\u00f3 cinco goles. Adem\u00e1s, su tiempo en el club de Isidro Casanova tuvo un aspecto particular, ya que viv\u00eda en la casa de su entrenador Daniel \u00abIndio\u00bb Baz\u00e1n Vera mientras buscaba estabilidad en su vida profesional y personal.<\/p>\n<p>Paralelamente, <b>fue figura en la reciente Copa Potrero, donde se coron\u00f3 campe\u00f3n con La Crema (equipo de Markitos Navaja), y fue elegido como el mejor jugador del torneo<\/b> organizado por el \u00abKun\u00bb, que otorgaba para el ganador, m\u00e1s de 210 mil d\u00f3lares en premios.<\/p>\n<p>El exjugador de Racing, Metz, Necaxa y Portland Timbers, llegar\u00e1 a Coquimbo Unido con el pase a su poder y se espera que el pr\u00f3ximo 7 de diciembre arribe a la Cuarta Regi\u00f3n para cerrar oficialmente su v\u00ednculo con el equipo, que ya sum\u00f3 al argentino Nahuel Donadell a sus filas.<\/p>\n<p>Para Brian Fern\u00e1ndez, est\u00e1 ser\u00e1<b> una nueva oportunidad de relanzar su carrera en el f\u00fatbol internacional, <\/b>tras las dificultades que enfrent\u00f3 afuera de las canchas con sus adicciones.<\/p>\n<p><!-- Live Blog Post --><\/div>\n<p><a href=\"https:\/\/www.pagina12.com.ar\/787503-las-mil-vidas-de-brian-fernandez-despues-de-la-copa-potrero-\">source<\/a><\/p>\n","protected":false},"excerpt":{"rendered":"<p>La Copa Potrero trae suerte. O al menos, as\u00ed lo fue para Brian Fern\u00e1ndez: el&#8230;<\/p>\n","protected":false},"author":3,"featured_media":16783,"comment_status":"closed","ping_status":"closed","sticky":false,"template":"","format":"standard","meta":{"footnotes":""},"categories":[21],"tags":[],"class_list":["post-16782","post","type-post","status-publish","format-standard","has-post-thumbnail","hentry","category-deportes"],"featured_image_urls":{"full":["https:\/\/fmamiga909.com.ar\/wp-content\/uploads\/2024\/12\/wp-header-logo-48.png",960,540,false],"thumbnail":["https:\/\/fmamiga909.com.ar\/wp-content\/uploads\/2024\/12\/wp-header-logo-48-150x150.png",150,150,true],"medium":["https:\/\/fmamiga909.com.ar\/wp-content\/uploads\/2024\/12\/wp-header-logo-48-300x169.png",300,169,true],"medium_large":["https:\/\/fmamiga909.com.ar\/wp-content\/uploads\/2024\/12\/wp-header-logo-48.png",960,540,false],"large":["https:\/\/fmamiga909.com.ar\/wp-content\/uploads\/2024\/12\/wp-header-logo-48.png",640,360,false],"1536x1536":["https:\/\/fmamiga909.com.ar\/wp-content\/uploads\/2024\/12\/wp-header-logo-48.png",960,540,false],"2048x2048":["https:\/\/fmamiga909.com.ar\/wp-content\/uploads\/2024\/12\/wp-header-logo-48.png",960,540,false],"newsium-slider-full":["https:\/\/fmamiga909.com.ar\/wp-content\/uploads\/2024\/12\/wp-header-logo-48.png",960,540,false],"newsium-featured":["https:\/\/fmamiga909.com.ar\/wp-content\/uploads\/2024\/12\/wp-header-logo-48.png",960,540,false],"newsium-medium":["https:\/\/fmamiga909.com.ar\/wp-content\/uploads\/2024\/12\/wp-header-logo-48-720x475.png",720,475,true]},"author_info":{"display_name":"Fredy Giuliano","author_link":"https:\/\/fmamiga909.com.ar\/?author=3"},"category_info":"<a href=\"https:\/\/fmamiga909.com.ar\/?cat=21\" rel=\"category\">Deportes<\/a>","tag_info":"Deportes","comment_count":"0","_links":{"self":[{"href":"https:\/\/fmamiga909.com.ar\/index.php?rest_route=\/wp\/v2\/posts\/16782","targetHints":{"allow":["GET"]}}],"collection":[{"href":"https:\/\/fmamiga909.com.ar\/index.php?rest_route=\/wp\/v2\/posts"}],"about":[{"href":"https:\/\/fmamiga909.com.ar\/index.php?rest_route=\/wp\/v2\/types\/post"}],"author":[{"embeddable":true,"href":"https:\/\/fmamiga909.com.ar\/index.php?rest_route=\/wp\/v2\/users\/3"}],"replies":[{"embeddable":true,"href":"https:\/\/fmamiga909.com.ar\/index.php?rest_route=%2Fwp%2Fv2%2Fcomments&post=16782"}],"version-history":[{"count":0,"href":"https:\/\/fmamiga909.com.ar\/index.php?rest_route=\/wp\/v2\/posts\/16782\/revisions"}],"wp:featuredmedia":[{"embeddable":true,"href":"https:\/\/fmamiga909.com.ar\/index.php?rest_route=\/wp\/v2\/media\/16783"}],"wp:attachment":[{"href":"https:\/\/fmamiga909.com.ar\/index.php?rest_route=%2Fwp%2Fv2%2Fmedia&parent=16782"}],"wp:term":[{"taxonomy":"category","embeddable":true,"href":"https:\/\/fmamiga909.com.ar\/index.php?rest_route=%2Fwp%2Fv2%2Fcategories&post=16782"},{"taxonomy":"post_tag","embeddable":true,"href":"https:\/\/fmamiga909.com.ar\/index.php?rest_route=%2Fwp%2Fv2%2Ftags&post=16782"}],"curies":[{"name":"wp","href":"https:\/\/api.w.org\/{rel}","templated":true}]}}