{"id":16784,"date":"2024-12-03T22:21:14","date_gmt":"2024-12-03T22:21:14","guid":{"rendered":"https:\/\/fmamiga909.com.ar\/?p=16784"},"modified":"2024-12-03T22:21:14","modified_gmt":"2024-12-03T22:21:14","slug":"la-final-de-la-copa-argentina-sera-en-el-estadio-de-union-de-santa-fe","status":"publish","type":"post","link":"https:\/\/fmamiga909.com.ar\/?p=16784","title":{"rendered":"La final de la Copa Argentina ser\u00e1 en el estadio de Uni\u00f3n de Santa Fe"},"content":{"rendered":"<div><!-- Body --><\/p>\n<p><b>La duod\u00e9cima edici\u00f3n de la Copa Argentina<\/b> ya <b>tiene todo confirmado<\/b> para su definici\u00f3n. La organizaci\u00f3n del certamen comunic\u00f3 que <b>la final entre V\u00e9lez y Central C\u00f3rdoba se jugar\u00e1 el d\u00eda mi\u00e9rcoles 11 de diciembre, a las 21.10, en el estadio 15 de abril de la provincia de Santa Fe.<\/b><\/p>\n<p>La Copa Argentina, en su comunicado, agradeci\u00f3 la predisposici\u00f3n de <b>Mendoza<\/b>, que <b>se perfilaba como la primera opci\u00f3n para albergar la final, pero tras la eliminaci\u00f3n de Boca se decidi\u00f3 elegir una nueva sede.<\/b><\/p>\n<p><b>La final se jugar\u00e1 entre las fechas 26 y 27 de la Liga Profesional<\/b>, por lo que encontrar\u00e1 al equipo de Liniers en medio de la definici\u00f3n por otro t\u00edtulo.<\/p>\n<p><b>El equipo de Gustavo Quinteros visitar\u00e1 el s\u00e1bado pr\u00f3ximo<\/b> a las 19 <b>a Uni\u00f3n<\/b> en el mismo escenario, y <b>Central C\u00f3rdoba recibir\u00e1 el mismo d\u00eda <\/b>desde las 21.15 <b>a Racing, otro de los aspirantes al t\u00edtulo de la Liga Profesional.<\/b><\/p>\n<p>Al mismo tiempo, <b>el l\u00edder del torneo local lament\u00f3 una baja importante<\/b> en las \u00faltimas horas, debido a que el delantero<b> Thiago Fern\u00e1ndez sufri\u00f3 la rotura del ligamento cruzado anterior de la rodilla derecha<\/b>, en el encuentro disputado ante Sarmiento de Jun\u00edn, <b>y estar\u00e1 afuera al menos seis meses.<\/b><\/p>\n<p><b>El futbolista no se entren\u00f3 este martes con sus compa\u00f1eros en la Villa Ol\u00edmpica<\/b>, y por eso <b>la instituci\u00f3n difundi\u00f3<\/b> posteriormente un comunicado en sus redes sociales. En principio confirm\u00f3 un traumatismo, pero minutos despu\u00e9s ampli\u00f3 con <b>la lesi\u00f3n<\/b> de mayor gravedad, <b>que lo deja a Fern\u00e1ndez afuera en el cierre de temporada.<\/b><\/p>\n<p><b>\u201cEl jugador ser\u00e1 sometido a una intervenci\u00f3n quir\u00fargica con fecha a confirmar <\/b>y luego comenzar\u00e1 el proceso de recuperaci\u00f3n\u201d,<b> inform\u00f3 el club.<\/b><\/p>\n<p>Fern\u00e1ndez es uno de los indiscutidos en el equipo de Quinteros. <b>Los posibles reemplazantes son Jalil El\u00edas y Mat\u00edas Pellegrini<\/b>, quien ingres\u00f3 en el \u00faltimo encuentro en su lugar. <b>V\u00e9lez tiene 48 puntos y marcha como l\u00edder de la Liga Profesional.<\/b><\/p>\n<p><!-- Live Blog Post --><\/div>\n<p><a href=\"https:\/\/www.pagina12.com.ar\/787497-la-final-de-la-copa-argentina-sera-en-el-estadio-de-union-de\">source<\/a><\/p>\n","protected":false},"excerpt":{"rendered":"<p>La duod\u00e9cima edici\u00f3n de la Copa Argentina ya tiene todo confirmado para su definici\u00f3n. La&#8230;<\/p>\n","protected":false},"author":3,"featured_media":16785,"comment_status":"closed","ping_status":"closed","sticky":false,"template":"","format":"standard","meta":{"footnotes":""},"categories":[21],"tags":[],"class_list":["post-16784","post","type-post","status-publish","format-standard","has-post-thumbnail","hentry","category-deportes"],"featured_image_urls":{"full":["https:\/\/fmamiga909.com.ar\/wp-content\/uploads\/2024\/12\/wp-header-logo-49.png",960,540,false],"thumbnail":["https:\/\/fmamiga909.com.ar\/wp-content\/uploads\/2024\/12\/wp-header-logo-49-150x150.png",150,150,true],"medium":["https:\/\/fmamiga909.com.ar\/wp-content\/uploads\/2024\/12\/wp-header-logo-49-300x169.png",300,169,true],"medium_large":["https:\/\/fmamiga909.com.ar\/wp-content\/uploads\/2024\/12\/wp-header-logo-49.png",960,540,false],"large":["https:\/\/fmamiga909.com.ar\/wp-content\/uploads\/2024\/12\/wp-header-logo-49.png",640,360,false],"1536x1536":["https:\/\/fmamiga909.com.ar\/wp-content\/uploads\/2024\/12\/wp-header-logo-49.png",960,540,false],"2048x2048":["https:\/\/fmamiga909.com.ar\/wp-content\/uploads\/2024\/12\/wp-header-logo-49.png",960,540,false],"newsium-slider-full":["https:\/\/fmamiga909.com.ar\/wp-content\/uploads\/2024\/12\/wp-header-logo-49.png",960,540,false],"newsium-featured":["https:\/\/fmamiga909.com.ar\/wp-content\/uploads\/2024\/12\/wp-header-logo-49.png",960,540,false],"newsium-medium":["https:\/\/fmamiga909.com.ar\/wp-content\/uploads\/2024\/12\/wp-header-logo-49-720x475.png",720,475,true]},"author_info":{"display_name":"Fredy Giuliano","author_link":"https:\/\/fmamiga909.com.ar\/?author=3"},"category_info":"<a href=\"https:\/\/fmamiga909.com.ar\/?cat=21\" rel=\"category\">Deportes<\/a>","tag_info":"Deportes","comment_count":"0","_links":{"self":[{"href":"https:\/\/fmamiga909.com.ar\/index.php?rest_route=\/wp\/v2\/posts\/16784","targetHints":{"allow":["GET"]}}],"collection":[{"href":"https:\/\/fmamiga909.com.ar\/index.php?rest_route=\/wp\/v2\/posts"}],"about":[{"href":"https:\/\/fmamiga909.com.ar\/index.php?rest_route=\/wp\/v2\/types\/post"}],"author":[{"embeddable":true,"href":"https:\/\/fmamiga909.com.ar\/index.php?rest_route=\/wp\/v2\/users\/3"}],"replies":[{"embeddable":true,"href":"https:\/\/fmamiga909.com.ar\/index.php?rest_route=%2Fwp%2Fv2%2Fcomments&post=16784"}],"version-history":[{"count":0,"href":"https:\/\/fmamiga909.com.ar\/index.php?rest_route=\/wp\/v2\/posts\/16784\/revisions"}],"wp:featuredmedia":[{"embeddable":true,"href":"https:\/\/fmamiga909.com.ar\/index.php?rest_route=\/wp\/v2\/media\/16785"}],"wp:attachment":[{"href":"https:\/\/fmamiga909.com.ar\/index.php?rest_route=%2Fwp%2Fv2%2Fmedia&parent=16784"}],"wp:term":[{"taxonomy":"category","embeddable":true,"href":"https:\/\/fmamiga909.com.ar\/index.php?rest_route=%2Fwp%2Fv2%2Fcategories&post=16784"},{"taxonomy":"post_tag","embeddable":true,"href":"https:\/\/fmamiga909.com.ar\/index.php?rest_route=%2Fwp%2Fv2%2Ftags&post=16784"}],"curies":[{"name":"wp","href":"https:\/\/api.w.org\/{rel}","templated":true}]}}