{"id":16816,"date":"2024-12-04T22:49:03","date_gmt":"2024-12-04T22:49:03","guid":{"rendered":"https:\/\/fmamiga909.com.ar\/?p=16816"},"modified":"2024-12-04T22:49:03","modified_gmt":"2024-12-04T22:49:03","slug":"javier-frana-fue-confirmado-como-capitan-de-copa-davis","status":"publish","type":"post","link":"https:\/\/fmamiga909.com.ar\/?p=16816","title":{"rendered":"Javier Frana fue confirmado como capit\u00e1n de Copa Davis"},"content":{"rendered":"<div><!-- Body --><\/p>\n<p><b>Javier\u00a0<\/b><b>Frana se convirti\u00f3 en el capit\u00e1n n\u00famero 32 de la Selecci\u00f3n Argentina de Tenis de Copa Davis<\/b>, y tendr\u00e1 su primer desaf\u00edo en la serie que el conjunto nacional disputar\u00e1 ante Noruega,\u00a0de visitante, la semana que comienza el 27 de enero de 2025. Este viernes 6 de diciembre tendr\u00e1 su presentaci\u00f3n ante la prensa.<\/p>\n<p>El medallista ol\u00edmpico en Barcelona \u201892 asumir\u00e1 en reemplazo de Guillermo Coria, quien se desempe\u00f1\u00f3 en el cargo durante las \u00faltimas tres temporadas, y ser\u00e1 el tercer capit\u00e1n desde que Agust\u00edn Calleri asumi\u00f3 la conducci\u00f3n de la Asociaci\u00f3n Argentina de Tenis, a mediados de 2018 (el primero hab\u00eda sido Gast\u00f3n Gaudio).<\/p>\n<p>\u201cConfiamos en Javier porque nos parece una persona id\u00f3nea, a la que respetamos mucho, que en su etapa de jugador defendi\u00f3 los colores como pocos y que ha tenido distintas experiencias trabajando con tenistas profesionales en los \u00faltimos veinte a\u00f1os. Estamos seguros de que har\u00e1 un gran trabajo al frente del equipo nacional\u201d, coment\u00f3 Calleri.<\/p>\n<p>Frana es el quinto tenista argentino con mayor cantidad de series disputadas en toda la historia (20), s\u00f3lo detr\u00e1s de Guillermo Vilas (29), David Nalbandian (26), Ricardo Cano (23) y Jos\u00e9 Luis Clerc (22).<\/p>\n<p>La Copa Davis atraves\u00f3 de punta a punta su carrera profesional, ya que debut\u00f3 en 1986, cuando hizo su irrupci\u00f3n en el circuito ATP, y jug\u00f3 su \u00faltima serie en 1997, pocos meses antes de su retiro.<\/p>\n<p><!-- Live Blog Post --><\/div>\n<p><a href=\"https:\/\/www.pagina12.com.ar\/787759-javier-frana-fue-confirmado-como-capitan-de-copa-davis\">source<\/a><\/p>\n","protected":false},"excerpt":{"rendered":"<p>Javier\u00a0Frana se convirti\u00f3 en el capit\u00e1n n\u00famero 32 de la Selecci\u00f3n Argentina de Tenis de&#8230;<\/p>\n","protected":false},"author":3,"featured_media":16817,"comment_status":"closed","ping_status":"closed","sticky":false,"template":"","format":"standard","meta":{"footnotes":""},"categories":[21],"tags":[],"class_list":["post-16816","post","type-post","status-publish","format-standard","has-post-thumbnail","hentry","category-deportes"],"featured_image_urls":{"full":["https:\/\/fmamiga909.com.ar\/wp-content\/uploads\/2024\/12\/wp-header-logo-65.png",960,540,false],"thumbnail":["https:\/\/fmamiga909.com.ar\/wp-content\/uploads\/2024\/12\/wp-header-logo-65-150x150.png",150,150,true],"medium":["https:\/\/fmamiga909.com.ar\/wp-content\/uploads\/2024\/12\/wp-header-logo-65-300x169.png",300,169,true],"medium_large":["https:\/\/fmamiga909.com.ar\/wp-content\/uploads\/2024\/12\/wp-header-logo-65.png",960,540,false],"large":["https:\/\/fmamiga909.com.ar\/wp-content\/uploads\/2024\/12\/wp-header-logo-65.png",640,360,false],"1536x1536":["https:\/\/fmamiga909.com.ar\/wp-content\/uploads\/2024\/12\/wp-header-logo-65.png",960,540,false],"2048x2048":["https:\/\/fmamiga909.com.ar\/wp-content\/uploads\/2024\/12\/wp-header-logo-65.png",960,540,false],"newsium-slider-full":["https:\/\/fmamiga909.com.ar\/wp-content\/uploads\/2024\/12\/wp-header-logo-65.png",960,540,false],"newsium-featured":["https:\/\/fmamiga909.com.ar\/wp-content\/uploads\/2024\/12\/wp-header-logo-65.png",960,540,false],"newsium-medium":["https:\/\/fmamiga909.com.ar\/wp-content\/uploads\/2024\/12\/wp-header-logo-65-720x475.png",720,475,true]},"author_info":{"display_name":"Fredy Giuliano","author_link":"https:\/\/fmamiga909.com.ar\/?author=3"},"category_info":"<a href=\"https:\/\/fmamiga909.com.ar\/?cat=21\" rel=\"category\">Deportes<\/a>","tag_info":"Deportes","comment_count":"0","_links":{"self":[{"href":"https:\/\/fmamiga909.com.ar\/index.php?rest_route=\/wp\/v2\/posts\/16816","targetHints":{"allow":["GET"]}}],"collection":[{"href":"https:\/\/fmamiga909.com.ar\/index.php?rest_route=\/wp\/v2\/posts"}],"about":[{"href":"https:\/\/fmamiga909.com.ar\/index.php?rest_route=\/wp\/v2\/types\/post"}],"author":[{"embeddable":true,"href":"https:\/\/fmamiga909.com.ar\/index.php?rest_route=\/wp\/v2\/users\/3"}],"replies":[{"embeddable":true,"href":"https:\/\/fmamiga909.com.ar\/index.php?rest_route=%2Fwp%2Fv2%2Fcomments&post=16816"}],"version-history":[{"count":0,"href":"https:\/\/fmamiga909.com.ar\/index.php?rest_route=\/wp\/v2\/posts\/16816\/revisions"}],"wp:featuredmedia":[{"embeddable":true,"href":"https:\/\/fmamiga909.com.ar\/index.php?rest_route=\/wp\/v2\/media\/16817"}],"wp:attachment":[{"href":"https:\/\/fmamiga909.com.ar\/index.php?rest_route=%2Fwp%2Fv2%2Fmedia&parent=16816"}],"wp:term":[{"taxonomy":"category","embeddable":true,"href":"https:\/\/fmamiga909.com.ar\/index.php?rest_route=%2Fwp%2Fv2%2Fcategories&post=16816"},{"taxonomy":"post_tag","embeddable":true,"href":"https:\/\/fmamiga909.com.ar\/index.php?rest_route=%2Fwp%2Fv2%2Ftags&post=16816"}],"curies":[{"name":"wp","href":"https:\/\/api.w.org\/{rel}","templated":true}]}}