{"id":16955,"date":"2024-12-09T22:13:48","date_gmt":"2024-12-09T22:13:48","guid":{"rendered":"https:\/\/fmamiga909.com.ar\/?p=16955"},"modified":"2024-12-09T22:13:48","modified_gmt":"2024-12-09T22:13:48","slug":"boca-carlos-palacios-sera-refuerzo-para-la-temporada-que-viene","status":"publish","type":"post","link":"https:\/\/fmamiga909.com.ar\/?p=16955","title":{"rendered":"Boca: Carlos Palacios ser\u00e1 refuerzo para la temporada que viene"},"content":{"rendered":"<div><!-- Body --><\/p>\n<p>El presidente de Boca, Juan Rom\u00e1n Riquelme, confirm\u00f3 que el delantero chileno Carlos Palacios ser\u00e1 refuerzo para la temporada que viene y que en los pr\u00f3ximos d\u00edas se realizar\u00e1 los estudios m\u00e9dicos.<\/p>\n<p>Tras el triunfo 1-0 ante Newell&#8217;s Old Boys en Rosario con el que puso un pie en la pr\u00f3xima Copa Libertadores, el Consejo del F\u00fatbol boquense ya piensa en el armado del plantel de la temporada que viene, con Fernando Gago como entrenador realizando su primera pretemporada y su primer mercado de pases.<\/p>\n<p>Sin lugar a dudas, el delantero del Colo-Colo fue uno de los anhelos de la directiva de Boca durante este a\u00f1o y, tras varios intentos, no pudo concretar su llegada para esta temporada que termina el fin de semana que viene, pero Riquelme confirm\u00f3 el arribo del mismo para 2025.<\/p>\n<p>En su vuelta a la Argentina tras participar del sorteo del Mundial de Clubes 2025, Riquelme afirm\u00f3: \u00abCreemos que, si todo va bien, Carlos estar\u00eda en los pr\u00f3ximos d\u00edas realiz\u00e1ndose los estudios. Si Dios quiere, ante Independiente estar\u00eda en el estadio, porque tiene ganas de estar en el partido\u00bb.<\/p>\n<p>\u00abAvanzamos mucho. La semana que viene se realizar\u00e1 estudios m\u00e9dicos, ya tiene el permiso de Colo-Colo y esperemos que todo salga de la mejor manera para que pueda defender la camiseta de nuestro club\u00bb, agreg\u00f3 quien es la m\u00e1xima autoridad de Boca desde diciembre del a\u00f1o pasado.<\/p>\n<p>En cuanto a la operaci\u00f3n, Boca abonar\u00eda alrededor de 4,8 millones de d\u00f3lares por la totalidad de la ficha del chileno de 24 a\u00f1os. El monto se dividir\u00e1 en dos, siendo una mitad para Colo-Colo y la otra para Vasco da Gama de Brasil, que es due\u00f1o del 50 por ciento de la ficha del oriundo de Renca.<\/p>\n<p><!-- Live Blog Post --><\/div>\n<p><a href=\"https:\/\/www.pagina12.com.ar\/789063-boca-carlos-palacios-sera-refuerzo-para-la-temporada-que-vie\">source<\/a><\/p>\n","protected":false},"excerpt":{"rendered":"<p>El presidente de Boca, Juan Rom\u00e1n Riquelme, confirm\u00f3 que el delantero chileno Carlos Palacios ser\u00e1&#8230;<\/p>\n","protected":false},"author":3,"featured_media":16956,"comment_status":"closed","ping_status":"closed","sticky":false,"template":"","format":"standard","meta":{"footnotes":""},"categories":[21],"tags":[],"class_list":["post-16955","post","type-post","status-publish","format-standard","has-post-thumbnail","hentry","category-deportes"],"featured_image_urls":{"full":["https:\/\/fmamiga909.com.ar\/wp-content\/uploads\/2024\/12\/wp-header-logo-131.png",960,540,false],"thumbnail":["https:\/\/fmamiga909.com.ar\/wp-content\/uploads\/2024\/12\/wp-header-logo-131-150x150.png",150,150,true],"medium":["https:\/\/fmamiga909.com.ar\/wp-content\/uploads\/2024\/12\/wp-header-logo-131-300x169.png",300,169,true],"medium_large":["https:\/\/fmamiga909.com.ar\/wp-content\/uploads\/2024\/12\/wp-header-logo-131.png",960,540,false],"large":["https:\/\/fmamiga909.com.ar\/wp-content\/uploads\/2024\/12\/wp-header-logo-131.png",640,360,false],"1536x1536":["https:\/\/fmamiga909.com.ar\/wp-content\/uploads\/2024\/12\/wp-header-logo-131.png",960,540,false],"2048x2048":["https:\/\/fmamiga909.com.ar\/wp-content\/uploads\/2024\/12\/wp-header-logo-131.png",960,540,false],"newsium-slider-full":["https:\/\/fmamiga909.com.ar\/wp-content\/uploads\/2024\/12\/wp-header-logo-131.png",960,540,false],"newsium-featured":["https:\/\/fmamiga909.com.ar\/wp-content\/uploads\/2024\/12\/wp-header-logo-131.png",960,540,false],"newsium-medium":["https:\/\/fmamiga909.com.ar\/wp-content\/uploads\/2024\/12\/wp-header-logo-131-720x475.png",720,475,true]},"author_info":{"display_name":"Fredy Giuliano","author_link":"https:\/\/fmamiga909.com.ar\/?author=3"},"category_info":"<a href=\"https:\/\/fmamiga909.com.ar\/?cat=21\" rel=\"category\">Deportes<\/a>","tag_info":"Deportes","comment_count":"0","_links":{"self":[{"href":"https:\/\/fmamiga909.com.ar\/index.php?rest_route=\/wp\/v2\/posts\/16955","targetHints":{"allow":["GET"]}}],"collection":[{"href":"https:\/\/fmamiga909.com.ar\/index.php?rest_route=\/wp\/v2\/posts"}],"about":[{"href":"https:\/\/fmamiga909.com.ar\/index.php?rest_route=\/wp\/v2\/types\/post"}],"author":[{"embeddable":true,"href":"https:\/\/fmamiga909.com.ar\/index.php?rest_route=\/wp\/v2\/users\/3"}],"replies":[{"embeddable":true,"href":"https:\/\/fmamiga909.com.ar\/index.php?rest_route=%2Fwp%2Fv2%2Fcomments&post=16955"}],"version-history":[{"count":0,"href":"https:\/\/fmamiga909.com.ar\/index.php?rest_route=\/wp\/v2\/posts\/16955\/revisions"}],"wp:featuredmedia":[{"embeddable":true,"href":"https:\/\/fmamiga909.com.ar\/index.php?rest_route=\/wp\/v2\/media\/16956"}],"wp:attachment":[{"href":"https:\/\/fmamiga909.com.ar\/index.php?rest_route=%2Fwp%2Fv2%2Fmedia&parent=16955"}],"wp:term":[{"taxonomy":"category","embeddable":true,"href":"https:\/\/fmamiga909.com.ar\/index.php?rest_route=%2Fwp%2Fv2%2Fcategories&post=16955"},{"taxonomy":"post_tag","embeddable":true,"href":"https:\/\/fmamiga909.com.ar\/index.php?rest_route=%2Fwp%2Fv2%2Ftags&post=16955"}],"curies":[{"name":"wp","href":"https:\/\/api.w.org\/{rel}","templated":true}]}}