{"id":16957,"date":"2024-12-09T22:43:50","date_gmt":"2024-12-09T22:43:50","guid":{"rendered":"https:\/\/fmamiga909.com.ar\/?p=16957"},"modified":"2024-12-09T22:43:50","modified_gmt":"2024-12-09T22:43:50","slug":"daniel-guinazu-y-gustavo-veiga-periodistas-de-pagina-12-distinguidos","status":"publish","type":"post","link":"https:\/\/fmamiga909.com.ar\/?p=16957","title":{"rendered":"Daniel Gui\u00f1az\u00fa y Gustavo Veiga, periodistas de P\u00e1gina\/12, distinguidos"},"content":{"rendered":"<div><!-- Body --><\/p>\n<p>Semana de doblete para Deportes de P\u00e1gina\/12.\u00a0<a href=\"https:\/\/www.pagina12.com.ar\/autores\/916-daniel-guinazu\">Daniel Gui\u00f1az\u00fa<\/a>, periodista de la secci\u00f3n, fue distinguido este lunes por el Senado de la Naci\u00f3n con un diploma de honor por su destacada trayectoria como periodista deportivo; mientras que <a href=\"https:\/\/www.pagina12.com.ar\/autores\/845-gustavo-veiga\">Gustavo Veiga<\/a>, firma ic\u00f3nica de la secci\u00f3n y el diario, ser\u00e1 premiado este martes en Brasil por el Movimiento de Justicia y Derechos Humanos (MJDH) de ese pa\u00eds.<\/p>\n<p>La ceremonia de este lunes se llev\u00f3 a cabo en el Sal\u00f3n Azul del Palacio Legislativo y tambi\u00e9n fueron distinguidos colegas como Alejandro Fabbri, Horacio Pagani, Enrique Macaya M\u00e1rquez y Angela Lerena, entre otros, con el diploma de honor a destacados periodistas deportivos, al C\u00edrculo de Periodistas Deportivos y a la Escuela Superior de Periodismo, \u00aben reconocimiento por su valioso aporte para la difusi\u00f3n del deporte en nuestro pa\u00eds y la formaci\u00f3n de generaciones de periodistas deportivos\u00bb.<\/p>\n<p>Mientras tanto, la de este martes ser\u00e1 nada menos que la edici\u00f3n n\u00famero 41 de los premios al periodismo del Movimiento de Justicia y Derechos Humanos de Brasil, que se realizan de manera ininterrumpida desde 1984 e \u00abincentivan la labor de los profesionales del periodismo en la denuncia de violaciones, por la observancia y defensa de los derechos humanos en sociedades sudamericanas marcadas por una enorme desigualdad entre las personas y una deficiente acci\u00f3n del Estado\u00bb. <span>Gustavo\u00a0<\/span>gan\u00f3 el primer lugar en la categor\u00eda \u00abcr\u00f3nica\u00bb por <a href=\"https:\/\/www.pagina12.com.ar\/768655-el-asado-y-la-sobras-de-los-diputados\">esta nota<\/a>.<\/p>\n<p><!-- Live Blog Post --><\/div>\n<p><a href=\"https:\/\/www.pagina12.com.ar\/789082-daniel-guinazu-y-gustavo-veiga-periodistas-de-pagina-12-dist\">source<\/a><\/p>\n","protected":false},"excerpt":{"rendered":"<p>Semana de doblete para Deportes de P\u00e1gina\/12.\u00a0Daniel Gui\u00f1az\u00fa, periodista de la secci\u00f3n, fue distinguido este&#8230;<\/p>\n","protected":false},"author":3,"featured_media":16958,"comment_status":"closed","ping_status":"closed","sticky":false,"template":"","format":"standard","meta":{"footnotes":""},"categories":[21],"tags":[],"class_list":["post-16957","post","type-post","status-publish","format-standard","has-post-thumbnail","hentry","category-deportes"],"featured_image_urls":{"full":["https:\/\/fmamiga909.com.ar\/wp-content\/uploads\/2024\/12\/wp-header-logo-132.png",960,540,false],"thumbnail":["https:\/\/fmamiga909.com.ar\/wp-content\/uploads\/2024\/12\/wp-header-logo-132-150x150.png",150,150,true],"medium":["https:\/\/fmamiga909.com.ar\/wp-content\/uploads\/2024\/12\/wp-header-logo-132-300x169.png",300,169,true],"medium_large":["https:\/\/fmamiga909.com.ar\/wp-content\/uploads\/2024\/12\/wp-header-logo-132.png",960,540,false],"large":["https:\/\/fmamiga909.com.ar\/wp-content\/uploads\/2024\/12\/wp-header-logo-132.png",640,360,false],"1536x1536":["https:\/\/fmamiga909.com.ar\/wp-content\/uploads\/2024\/12\/wp-header-logo-132.png",960,540,false],"2048x2048":["https:\/\/fmamiga909.com.ar\/wp-content\/uploads\/2024\/12\/wp-header-logo-132.png",960,540,false],"newsium-slider-full":["https:\/\/fmamiga909.com.ar\/wp-content\/uploads\/2024\/12\/wp-header-logo-132.png",960,540,false],"newsium-featured":["https:\/\/fmamiga909.com.ar\/wp-content\/uploads\/2024\/12\/wp-header-logo-132.png",960,540,false],"newsium-medium":["https:\/\/fmamiga909.com.ar\/wp-content\/uploads\/2024\/12\/wp-header-logo-132-720x475.png",720,475,true]},"author_info":{"display_name":"Fredy Giuliano","author_link":"https:\/\/fmamiga909.com.ar\/?author=3"},"category_info":"<a href=\"https:\/\/fmamiga909.com.ar\/?cat=21\" rel=\"category\">Deportes<\/a>","tag_info":"Deportes","comment_count":"0","_links":{"self":[{"href":"https:\/\/fmamiga909.com.ar\/index.php?rest_route=\/wp\/v2\/posts\/16957","targetHints":{"allow":["GET"]}}],"collection":[{"href":"https:\/\/fmamiga909.com.ar\/index.php?rest_route=\/wp\/v2\/posts"}],"about":[{"href":"https:\/\/fmamiga909.com.ar\/index.php?rest_route=\/wp\/v2\/types\/post"}],"author":[{"embeddable":true,"href":"https:\/\/fmamiga909.com.ar\/index.php?rest_route=\/wp\/v2\/users\/3"}],"replies":[{"embeddable":true,"href":"https:\/\/fmamiga909.com.ar\/index.php?rest_route=%2Fwp%2Fv2%2Fcomments&post=16957"}],"version-history":[{"count":0,"href":"https:\/\/fmamiga909.com.ar\/index.php?rest_route=\/wp\/v2\/posts\/16957\/revisions"}],"wp:featuredmedia":[{"embeddable":true,"href":"https:\/\/fmamiga909.com.ar\/index.php?rest_route=\/wp\/v2\/media\/16958"}],"wp:attachment":[{"href":"https:\/\/fmamiga909.com.ar\/index.php?rest_route=%2Fwp%2Fv2%2Fmedia&parent=16957"}],"wp:term":[{"taxonomy":"category","embeddable":true,"href":"https:\/\/fmamiga909.com.ar\/index.php?rest_route=%2Fwp%2Fv2%2Fcategories&post=16957"},{"taxonomy":"post_tag","embeddable":true,"href":"https:\/\/fmamiga909.com.ar\/index.php?rest_route=%2Fwp%2Fv2%2Ftags&post=16957"}],"curies":[{"name":"wp","href":"https:\/\/api.w.org\/{rel}","templated":true}]}}