{"id":16983,"date":"2024-12-10T17:33:01","date_gmt":"2024-12-10T17:33:01","guid":{"rendered":"https:\/\/fmamiga909.com.ar\/?p=16983"},"modified":"2024-12-10T17:33:01","modified_gmt":"2024-12-10T17:33:01","slug":"papu-gomez-pase-de-ser-campeon-del-mundo-a-que-hoy-no-me-llame-nadie","status":"publish","type":"post","link":"https:\/\/fmamiga909.com.ar\/?p=16983","title":{"rendered":"&quot;Papu&quot; G\u00f3mez:\u00a0&quot;Pas\u00e9 de ser campe\u00f3n del mundo, a que hoy no me llame nadie&quot;"},"content":{"rendered":"<div><!-- Body --><\/p>\n<p>El <a href=\"https:\/\/www.pagina12.com.ar\/719359-papu-gomez-tras-el-rechazo-de-su-apelacion-por-doping-es-una\">mediocampista <b>Alejandro \u00abPapu\u00bb G\u00f3mez<\/b><\/a><b>, <\/b>quien se consagr\u00f3 campe\u00f3n del mundo en Qatar 2022, reflexion\u00f3 sobre su presente deportivo &#8211;en el que cumple una sanci\u00f3n por doping positivo hasta noviembre 2025&#8211; y asegur\u00f3:\u00a0\u00ab<b>Pas\u00e9 de ser campe\u00f3n del mundo, a que hoy no me llame nadie<\/b>\u00ab.<\/p>\n<h3\/>\n<p>Lejos de los reflectores, el deportista de 36 a\u00f1os asegur\u00f3 que trabaja su \u00abego\u00bb para \u00abaceptar que <b>el personaje del &#8216;Papu&#8217; G\u00f3mez est\u00e1 llegando a su fin<\/b>, est\u00e1 dejando de existir\u00bb. En di\u00e1logo con el periodista Juan Pablo Varsky, el volante lanz\u00f3: \u00abAhora soy una persona com\u00fan y corriente, un padre de familia\u00bb.<\/p>\n<p>\u00abPas\u00e9 de <b>ser campe\u00f3n del mundo<\/b>, a que hoy no me llame nadie, desaparecer del medio y no jugar m\u00e1s. Hay que saber convivir con eso\u2026 Ni cuando est\u00e1s all\u00e1 arriba sos el mejor, ni ahora sos el peor. Solo que hay que priorizar otras cosas\u00bb, consider\u00f3 G\u00f3mez durante la entrevista.<\/p>\n<div class=\"iframely-embed medium-embedded-content\" data-html=\"Jmx0O2RpdiZndDsmbHQ7ZGl2IHN0eWxlPSJsZWZ0OiAwOyB3aWR0aDogMTAwJTsgaGVpZ2h0OiAwOyBwb3NpdGlvbjogcmVsYXRpdmU7IHBhZGRpbmctYm90dG9tOiA1Ni4wNDE3JTsiJmd0OyZsdDtpZnJhbWUgc3JjPSJodHRwczovL2lmcmFtZWx5LnBhZ2luYTEyLmNvbS5hci9hcGkvaWZyYW1lP2NsaWNrX3RvX3BsYXk9MSZhbXA7dXJsPWh0dHBzJTNBJTJGJTJGZ2VvLmRhaWx5bW90aW9uLmNvbSUyRnBsYXllciUyRnh0NWVlLmh0bWwlM0Z2aWRlbyUzRHg5YWp4bHEmYW1wO2tleT00Njc2YjVmZGMwODMyNTdlYTg3ZjcxNjA4Yzc0ZTlmZSIgc3R5bGU9InRvcDogMDsgbGVmdDogMDsgd2lkdGg6IDEwMCU7IGhlaWdodDogMTAwJTsgcG9zaXRpb246IGFic29sdXRlOyBib3JkZXI6IDA7IiBhbGxvd2Z1bGxzY3JlZW4gc2Nyb2xsaW5nPSJubyIgYWxsb3c9ImVuY3J5cHRlZC1tZWRpYSAqOyImZ3Q7Jmx0Oy9pZnJhbWUmZ3Q7Jmx0Oy9kaXYmZ3Q7Jmx0Oy9kaXYmZ3Q7Jmx0O2RpdiBjbGFzcz0ibWVkaXVtLWluc2VydC1lbWJlZHMtbWV0YSImZ3Q7Jmx0O3NjcmlwdCB0eXBlPSJ0ZXh0L2pzb24iJmd0O3sidXJsIjoiaHR0cHM6Ly9nZW8uZGFpbHltb3Rpb24uY29tL3BsYXllci94dDVlZS5odG1sP3ZpZGVvPXg5YWp4bHEiLCJ0eXBlIjoidmlkZW8iLCJ2ZXJzaW9uIjoiMS4wIiwidGl0bGUiOiJQYXDDuiBHw7NtZXo6IOKAnFBhc8OpIGRlIHNlciBjYW1wZcOzbiBkZWwgbXVuZG8sIGEgcXVlIGhveSBubyBtZSBsbGFtZSBuYWRpZSwgZGVzYXBhcmVjZXIgZGVsIG1lZGlvIG8gbm8ganVnYXIgbcOhcy5cIiIsImF1dGhvciI6IlDDoWdpbmExMiIsImF1dGhvcl91cmwiOiJodHRwczovL3d3dy5kYWlseW1vdGlvbi5jb20vUGFnaW5hMTIiLCJwcm92aWRlcl9uYW1lIjoiRGFpbHltb3Rpb24iLCJkZXNjcmlwdGlvbiI6IlZlciBQYXDDuiBHw7NtZXo6IOKAnFBhc8OpIGRlIHNlciBjYW1wZcOzbiBkZWwgbXVuZG8sIGEgcXVlIGhveSBubyBtZSBsbGFtZSBuYWRpZSwgZGVzYXBhcmVjZXIgZGVsIG1lZGlvIG8gbm8ganVnYXIgbcOhcy5cIiAtIFDDoWdpbmExMiBlbiBEYWlseW1vdGlvbiIsInRodW1ibmFpbF91cmwiOiJodHRwczovL3MxLmRtY2RuLm5ldC92L1hWWnhVMWRNNDhIbHN0S0lFL3g3MjAiLCJ0aHVtYm5haWxfd2lkdGgiOjEyODAsInRodW1ibmFpbF9oZWlnaHQiOjcyMCwiY2FjaGVfYWdlIjo4NjQwMH0mbHQ7L3NjcmlwdCZndDsmbHQ7L2RpdiZndDs=\">\n                <a data-iframely-url=\"\" href=\"https:\/\/geo.dailymotion.com\/player\/xt5ee.html?video=x9ajxlq\">https:\/\/geo.dailymotion.com\/player\/xt5ee.html?video=x9ajxlq<\/a>\n              <\/div>\n<h2>El doping positivo del \u00abPapu\u00bb G\u00f3mez<\/h2>\n<p>El mediocampista que levant\u00f3 la Copa del Mundo con la Selecci\u00f3n argentina en el Mundial de Qatar 2022 profundiz\u00f3 en la <b>sanci\u00f3n por doping que recibi\u00f3 mientras jugaba en el Sevilla,\u00a0<\/b>y que lo mantendr\u00e1 alejado de las canchas hasta fines del 2025. En marzo de este a\u00f1o, la Justicia de Espa\u00f1a rechaz\u00f3 su pedido de apelaci\u00f3n para que le reduzcan la sanci\u00f3n.<\/p>\n<p>\u00abEn Espa\u00f1a no hay doping despu\u00e9s de los partidos como en la Champions, en Italia y otras ligas. Entonces, yo llego a la madrugada de Sevilla y me voy a dormir. Generalmente, yo me tomo una pastilla despu\u00e9s de todos los partidos porque <b>me cuesta mucho dormir<\/b>\u00ab, comenz\u00f3 su relato G\u00f3mez respecto de la noche del inicio del conflicto.<\/p>\n<p>En el medio de la noche, relat\u00f3, le dio un ataque de tos y le pidi\u00f3 a su esposa un jarabe para la tos. \u00abEstaba el de Milo, mi hijo m\u00e1s chico. Al otro d\u00eda me voy a entrenar. <b>Hab\u00eda doping sorpresa <\/b>y no inform\u00e9 sobre el jarabe\u00bb, complet\u00f3.<\/p>\n<div class=\"medium-insert-embeds\">\n<figure>\n<div class=\"medium-insert-embed\">\n<div align=\"center\">\n<figure role=\"group\" class=\"caption caption-div embedded-entity\"><figcaption>Alejandro \u00abPapu\u00bb G\u00f3mez,  futbolista argentino. Imagen: redes sociales.<\/figcaption><\/figure>\n<\/div><\/div>\n<\/figure>\n<\/div>\n<p>\u00abA dos d\u00edas de la final del Mundial me lleg\u00f3 un mail con el <b>positivo en el control antidoping. <\/b>No se lo quise decir a nadie, me parec\u00eda muy ego\u00edsta hacerlo, no quer\u00eda que piensen en otra cosa que no sea la final del mundo\u00bb, coment\u00f3 el futbolista y grafic\u00f3 el hecho como un \u00abbaldazo de agua fr\u00eda\u00bb.<\/p>\n<p>El examen de G\u00f3mez dio positivo por presentar terbutalina, un compuesto que se puede usar para combatir el asma, porque act\u00faa como broncodilatador y <b>se suele vender como jarabe para la tos. <\/b>Esta sustancia est\u00e1 expresamente prohibida por la Agencia Mundial Antidopaje (AMA).<\/p>\n<p>Pese a esta situaci\u00f3n, el futuro del \u00abPapu\u00bb podr\u00eda estar dentro de una cancha de f\u00fatbol, ya que en los \u00faltimos d\u00edas inform\u00f3 que est\u00e1 <b>entrenando con El Renate, de la Serie C de Italia:<\/b> \u00abLa idea es entrenar con el primer equipo hasta mayo\u00bb.<\/p>\n<h3>Seguir leyendo:<\/h3>\n<h3\/><!-- Live Blog Post --><\/div>\n<p><a href=\"https:\/\/www.pagina12.com.ar\/789230-papu-gomez-pase-de-ser-campeon-del-mundo-a-que-hoy-no-me-lla\">source<\/a><\/p>\n","protected":false},"excerpt":{"rendered":"<p>El mediocampista Alejandro \u00abPapu\u00bb G\u00f3mez, quien se consagr\u00f3 campe\u00f3n del mundo en Qatar 2022, reflexion\u00f3&#8230;<\/p>\n","protected":false},"author":3,"featured_media":16984,"comment_status":"closed","ping_status":"closed","sticky":false,"template":"","format":"standard","meta":{"footnotes":""},"categories":[21],"tags":[],"class_list":["post-16983","post","type-post","status-publish","format-standard","has-post-thumbnail","hentry","category-deportes"],"featured_image_urls":{"full":["https:\/\/fmamiga909.com.ar\/wp-content\/uploads\/2024\/12\/wp-header-logo-145.png",960,540,false],"thumbnail":["https:\/\/fmamiga909.com.ar\/wp-content\/uploads\/2024\/12\/wp-header-logo-145-150x150.png",150,150,true],"medium":["https:\/\/fmamiga909.com.ar\/wp-content\/uploads\/2024\/12\/wp-header-logo-145-300x169.png",300,169,true],"medium_large":["https:\/\/fmamiga909.com.ar\/wp-content\/uploads\/2024\/12\/wp-header-logo-145.png",960,540,false],"large":["https:\/\/fmamiga909.com.ar\/wp-content\/uploads\/2024\/12\/wp-header-logo-145.png",640,360,false],"1536x1536":["https:\/\/fmamiga909.com.ar\/wp-content\/uploads\/2024\/12\/wp-header-logo-145.png",960,540,false],"2048x2048":["https:\/\/fmamiga909.com.ar\/wp-content\/uploads\/2024\/12\/wp-header-logo-145.png",960,540,false],"newsium-slider-full":["https:\/\/fmamiga909.com.ar\/wp-content\/uploads\/2024\/12\/wp-header-logo-145.png",960,540,false],"newsium-featured":["https:\/\/fmamiga909.com.ar\/wp-content\/uploads\/2024\/12\/wp-header-logo-145.png",960,540,false],"newsium-medium":["https:\/\/fmamiga909.com.ar\/wp-content\/uploads\/2024\/12\/wp-header-logo-145-720x475.png",720,475,true]},"author_info":{"display_name":"Fredy Giuliano","author_link":"https:\/\/fmamiga909.com.ar\/?author=3"},"category_info":"<a href=\"https:\/\/fmamiga909.com.ar\/?cat=21\" rel=\"category\">Deportes<\/a>","tag_info":"Deportes","comment_count":"0","_links":{"self":[{"href":"https:\/\/fmamiga909.com.ar\/index.php?rest_route=\/wp\/v2\/posts\/16983","targetHints":{"allow":["GET"]}}],"collection":[{"href":"https:\/\/fmamiga909.com.ar\/index.php?rest_route=\/wp\/v2\/posts"}],"about":[{"href":"https:\/\/fmamiga909.com.ar\/index.php?rest_route=\/wp\/v2\/types\/post"}],"author":[{"embeddable":true,"href":"https:\/\/fmamiga909.com.ar\/index.php?rest_route=\/wp\/v2\/users\/3"}],"replies":[{"embeddable":true,"href":"https:\/\/fmamiga909.com.ar\/index.php?rest_route=%2Fwp%2Fv2%2Fcomments&post=16983"}],"version-history":[{"count":0,"href":"https:\/\/fmamiga909.com.ar\/index.php?rest_route=\/wp\/v2\/posts\/16983\/revisions"}],"wp:featuredmedia":[{"embeddable":true,"href":"https:\/\/fmamiga909.com.ar\/index.php?rest_route=\/wp\/v2\/media\/16984"}],"wp:attachment":[{"href":"https:\/\/fmamiga909.com.ar\/index.php?rest_route=%2Fwp%2Fv2%2Fmedia&parent=16983"}],"wp:term":[{"taxonomy":"category","embeddable":true,"href":"https:\/\/fmamiga909.com.ar\/index.php?rest_route=%2Fwp%2Fv2%2Fcategories&post=16983"},{"taxonomy":"post_tag","embeddable":true,"href":"https:\/\/fmamiga909.com.ar\/index.php?rest_route=%2Fwp%2Fv2%2Ftags&post=16983"}],"curies":[{"name":"wp","href":"https:\/\/api.w.org\/{rel}","templated":true}]}}