{"id":17193,"date":"2024-12-16T22:18:03","date_gmt":"2024-12-16T22:18:03","guid":{"rendered":"https:\/\/fmamiga909.com.ar\/?p=17193"},"modified":"2024-12-16T22:18:03","modified_gmt":"2024-12-16T22:18:03","slug":"velez-no-para-y-va-rumbo-a-la-ultima-parada-del-ano-el-trofeo-de-campeones","status":"publish","type":"post","link":"https:\/\/fmamiga909.com.ar\/?p=17193","title":{"rendered":"V\u00e9lez no para y va rumbo a la \u00faltima parada del a\u00f1o: el Trofeo de Campeones\u00a0"},"content":{"rendered":"<div><!-- Body --><\/p>\n<p><b>V\u00e9lez no para.<\/b> Y mientras paladea el t\u00edtulo conseguido el domingo ante Hurac\u00e1n en el estadio Jos\u00e9 Amalfitani ya se pone en marcha para tratar de conseguir su \u00faltimo objetivo del a\u00f1o: <b>el Trofeo de Campeones que el s\u00e1bado, desde las 21, volver\u00e1 a enfrentarlo con Estudiantes en el estadio Madre de Ciudades de Santiago del Estero,<\/b>\u00a0mismo escenario donde el 5 de mayo pasado perdi\u00f3 por tiros desde el punto penal la final de la Copa de la Liga.<\/p>\n<p>Despu\u00e9s vendr\u00e1 el merecido descanso. Porque la temporada ha sido agotadora para V\u00e9lez. <b>Fue el \u00fanico equipo que jug\u00f3 la totalidad de los partidos oficiales del f\u00fatbol argentino:<\/b> disput\u00f3 toda la Copa de la Liga (diecisiete encuentros), toda la Copa Argentina (seis cotejos), los veintisiete del campeonato y el Trofeo de Campeones. <b>O sea, cincuenta y un partidos con un plantel que sobrellev\u00f3 un esfuerzo importante sin ser especialmente numeroso<\/b>. Pero que no tendr\u00e1 mucho tiempo de reposo. Como el primer torneo de 2025 comenzar\u00e1 el tercer fin de semana de enero,<b> volver\u00e1 a la actividad el jueves 2 del primer mes del a\u00f1o.\u00a0<\/b><\/p>\n<p>Pero antes de la final del s\u00e1bado con Estudiantes, <b>vendr\u00e1 el sorteo de la Copa Libertadores que se realizar\u00e1 este jueves en la sede de la Conmebol en Asunci\u00f3n del Paraguay. V\u00e9lez tiene asegurada una plaza en la fase de grupos<\/b> por lo que comenzar\u00e1 su participaci\u00f3n entre fines de marzo y principios de abril.\u00a0Adem\u00e1s, es posible que previamente al<b>\u00a0comienzo de la Copa, vaya contra Central C\u00f3rdoba de Santiago del Estero en una nueva edici\u00f3n de la Supercopa Argentina<\/b> que enfrenta al campe\u00f3n del campeonato de la Liga con el ganador de la Copa Argentina. Otra revancha, ya que el Ferroviario lo derrot\u00f3 recientemente en la final del certamen m\u00e1s federal.<\/p>\n<div class=\"iframely-embed medium-embedded-content\" data-html=\"Jmx0O2Jsb2NrcXVvdGUgY2xhc3M9InR3aXR0ZXItdHdlZXQiIGRhdGEtZG50PSJ0cnVlIiBhbGlnbj0iY2VudGVyIiZndDsmbHQ7cCBsYW5nPSJlcyIgZGlyPSJsdHIiJmd0O1ZlbnRhIGRlIGVudHJhZGFzIHBhcmEgZWwgJmx0O2EgaHJlZj0iaHR0cHM6Ly90d2l0dGVyLmNvbS9oYXNodGFnL1Ryb2Zlb0RlQ2FtcGVvbmVzP3NyYz1oYXNoJmFtcDthbXA7cmVmX3NyYz10d3NyYyU1RXRmdyImZ3Q7I1Ryb2Zlb0RlQ2FtcGVvbmVzJmx0Oy9hJmd0OyAmbHQ7YnImZ3Q7Jmx0O2JyJmd0O0hvcmFyaW9zIGRlIHZlbnRhIHkgcHJlY2lvcyBwYXJhIGVsIGVuY3VlbnRybyBlbnRyZSAmbHQ7YSBocmVmPSJodHRwczovL3R3aXR0ZXIuY29tL1ZlbGV6P3JlZl9zcmM9dHdzcmMlNUV0ZnciJmd0O0BWZWxleiZsdDsvYSZndDsgeSAmbHQ7YSBocmVmPSJodHRwczovL3R3aXR0ZXIuY29tL0VkZWxwT2ZpY2lhbD9yZWZfc3JjPXR3c3JjJTVFdGZ3IiZndDtARWRlbHBPZmljaWFsJmx0Oy9hJmd0OyAmbHQ7YnImZ3Q7Jmx0O2JyJmd0O+Keoe+4jyBNw6FzIGluZm9ybWFjacOzbjogJmx0O2EgaHJlZj0iaHR0cHM6Ly90LmNvL1NzYlVSdm9rdVEiJmd0O2h0dHBzOi8vdC5jby9Tc2JVUnZva3VRJmx0Oy9hJmd0OyAmbHQ7YSBocmVmPSJodHRwczovL3QuY28vS1Z5WEpueFF1aCImZ3Q7cGljLnR3aXR0ZXIuY29tL0tWeVhKbnhRdWgmbHQ7L2EmZ3Q7Jmx0Oy9wJmd0OyZhbXA7bWRhc2g7IExpZ2EgUHJvZmVzaW9uYWwgZGUgRsO6dGJvbCAoQExpZ2FBRkEpICZsdDthIGhyZWY9Imh0dHBzOi8vdHdpdHRlci5jb20vTGlnYUFGQS9zdGF0dXMvMTg2ODY4MTgwMjY5MDQ4NjM4MT9yZWZfc3JjPXR3c3JjJTVFdGZ3IiZndDtEZWNlbWJlciAxNiwgMjAyNCZsdDsvYSZndDsmbHQ7L2Jsb2NrcXVvdGUmZ3Q7CiZsdDtzY3JpcHQgYXN5bmMgc3JjPSJodHRwczovL3BsYXRmb3JtLnR3aXR0ZXIuY29tL3dpZGdldHMuanMiIGNoYXJzZXQ9InV0Zi04IiZndDsmbHQ7L3NjcmlwdCZndDsKCiZsdDtkaXYgY2xhc3M9Im1lZGl1bS1pbnNlcnQtZW1iZWRzLW1ldGEiJmd0OyZsdDtzY3JpcHQgdHlwZT0idGV4dC9qc29uIiZndDt7InVybCI6Imh0dHBzOi8vdHdpdHRlci5jb20vTGlnYUFGQS9zdGF0dXMvMTg2ODY4MTgwMjY5MDQ4NjM4MSIsInR5cGUiOiJyaWNoIiwidmVyc2lvbiI6IjEuMCIsInRpdGxlIjoiTGlnYSBQcm9mZXNpb25hbCBkZSBGw7p0Ym9sIG9uIFR3aXR0ZXIgLyBYIiwiYXV0aG9yIjoiTGlnYSBQcm9mZXNpb25hbCBkZSBGw7p0Ym9sIiwiYXV0aG9yX3VybCI6Imh0dHBzOi8vdHdpdHRlci5jb20vTGlnYUFGQSIsInByb3ZpZGVyX25hbWUiOiJUd2l0dGVyIiwiZGVzY3JpcHRpb24iOiJWZW50YSBkZSBlbnRyYWRhcyBwYXJhIGVsICNUcm9mZW9EZUNhbXBlb25lcyBIb3JhcmlvcyBkZSB2ZW50YSB5IHByZWNpb3MgcGFyYSBlbCBlbmN1ZW50cm8gZW50cmUgQFZlbGV6IHkgQEVkZWxwT2ZpY2lhbCDinqHvuI8gTcOhcyBpbmZvcm1hY2nDs246IGh0dHBzOi8vdC5jby9Tc2JVUnZva3VRIHBpYy50d2l0dGVyLmNvbS9LVnlYSm54UXVo4oCUIExpZ2EgUHJvZmVzaW9uYWwgZGUgRsO6dGJvbCAoQExpZ2FBRkEpIERlY2VtYmVyIDE2LCAyMDI0XG5cblxuIiwidGh1bWJuYWlsX3VybCI6Imh0dHBzOi8vcGJzLnR3aW1nLmNvbS9tZWRpYS9HZTdqSnpFV1VBQUx2VUEuanBnOmxhcmdlIiwidGh1bWJuYWlsX3dpZHRoIjoyMDQ4LCJ0aHVtYm5haWxfaGVpZ2h0IjoxMTUyLCJjYWNoZV9hZ2UiOjg2NDAwLCJvcHRpb25zIjp7Il9oaWRlX21lZGlhIjp7ImxhYmVsIjoiSGlkZSBwaG90b3MsIHZpZGVvcywgYW5kIGNhcmRzIiwidmFsdWUiOmZhbHNlfSwiX3RoZW1lIjp7InZhbHVlIjoiIiwidmFsdWVzIjp7ImRhcmsiOiJVc2UgZGFyayB0aGVtZSJ9fSwiX21heHdpZHRoIjp7InZhbHVlIjoiIiwibGFiZWwiOiJBZGp1c3Qgd2lkdGgiLCJwbGFjZWhvbGRlciI6IjIyMC01NTAsIGluIHB4In19fSZsdDsvc2NyaXB0Jmd0OyZsdDsvZGl2Jmd0Ow==\">\n                <a data-iframely-url=\"\" href=\"https:\/\/twitter.com\/LigaAFA\/status\/1868681802690486381\">https:\/\/twitter.com\/LigaAFA\/status\/1868681802690486381<\/a>\n              <\/div>\n<p>En el breve receso, el presidente de V\u00e9lez, Fabi\u00e1n Berlanga, deber\u00e1 cerrar la renovaci\u00f3n del contrato del t\u00e9cnico <b>Gustavo Quinteros que<\/b><strong>\u00a0se le vence a fines de este mes. La dirigencia<\/strong><b>\u00a0<\/b>tendr\u00e1 que esforzarse para arrimarle una propuesta tentadora que va m\u00e1s all\u00e1 de los n\u00fameros.\u00a0<em>\u00ab<\/em>Para m\u00ed todo es importante, <b>pero lo m\u00e1s importante ese el proyecto deportivo, los objetivos que tiene el club para el a\u00f1o que viene.\u00a0<\/b>Eso es lo importante, m\u00e1s all\u00e1 de lo econ\u00f3mico\u00bb, dijo Quinteros en medio de los festejos del domingo en Liniers. \u00a0<\/p>\n<p>Tambi\u00e9n vence a fin de a\u00f1o el contrato de Claudio Aquino, que durante las celebraciones del vestuario reconoci\u00f3 que tiene<i>\u00a0<\/i>\u00ab<b>g<\/b><strong>anas de quedarse\u00bb. \u00abVamos a ver qu\u00e9 hablamos con la dirigencia. E<\/strong><b>stoy muy contento en este club, me han tratado de maravilla, me hicieron sentir importante\u00bb,<\/b> expreso el mediocampista que estar\u00eda en el radar de Juan Rom\u00e1n Riquelme para reforzar a Boca.<\/p>\n<p><!-- Live Blog Post --><\/div>\n<p><script async src=\"\/\/platform.twitter.com\/widgets.js\" charset=\"utf-8\"><\/script><br \/><a href=\"https:\/\/www.pagina12.com.ar\/790827-velez-no-para-y-va-rumbo-a-la-ultima-parada-del-ano-el-trofe\">source<\/a><\/p>\n","protected":false},"excerpt":{"rendered":"<p>V\u00e9lez no para. Y mientras paladea el t\u00edtulo conseguido el domingo ante Hurac\u00e1n en el&#8230;<\/p>\n","protected":false},"author":3,"featured_media":17194,"comment_status":"closed","ping_status":"closed","sticky":false,"template":"","format":"standard","meta":{"footnotes":""},"categories":[21],"tags":[],"class_list":["post-17193","post","type-post","status-publish","format-standard","has-post-thumbnail","hentry","category-deportes"],"featured_image_urls":{"full":["https:\/\/fmamiga909.com.ar\/wp-content\/uploads\/2024\/12\/wp-header-logo-236.png",960,540,false],"thumbnail":["https:\/\/fmamiga909.com.ar\/wp-content\/uploads\/2024\/12\/wp-header-logo-236-150x150.png",150,150,true],"medium":["https:\/\/fmamiga909.com.ar\/wp-content\/uploads\/2024\/12\/wp-header-logo-236-300x169.png",300,169,true],"medium_large":["https:\/\/fmamiga909.com.ar\/wp-content\/uploads\/2024\/12\/wp-header-logo-236.png",960,540,false],"large":["https:\/\/fmamiga909.com.ar\/wp-content\/uploads\/2024\/12\/wp-header-logo-236.png",640,360,false],"1536x1536":["https:\/\/fmamiga909.com.ar\/wp-content\/uploads\/2024\/12\/wp-header-logo-236.png",960,540,false],"2048x2048":["https:\/\/fmamiga909.com.ar\/wp-content\/uploads\/2024\/12\/wp-header-logo-236.png",960,540,false],"newsium-slider-full":["https:\/\/fmamiga909.com.ar\/wp-content\/uploads\/2024\/12\/wp-header-logo-236.png",960,540,false],"newsium-featured":["https:\/\/fmamiga909.com.ar\/wp-content\/uploads\/2024\/12\/wp-header-logo-236.png",960,540,false],"newsium-medium":["https:\/\/fmamiga909.com.ar\/wp-content\/uploads\/2024\/12\/wp-header-logo-236-720x475.png",720,475,true]},"author_info":{"display_name":"Fredy Giuliano","author_link":"https:\/\/fmamiga909.com.ar\/?author=3"},"category_info":"<a href=\"https:\/\/fmamiga909.com.ar\/?cat=21\" rel=\"category\">Deportes<\/a>","tag_info":"Deportes","comment_count":"0","_links":{"self":[{"href":"https:\/\/fmamiga909.com.ar\/index.php?rest_route=\/wp\/v2\/posts\/17193","targetHints":{"allow":["GET"]}}],"collection":[{"href":"https:\/\/fmamiga909.com.ar\/index.php?rest_route=\/wp\/v2\/posts"}],"about":[{"href":"https:\/\/fmamiga909.com.ar\/index.php?rest_route=\/wp\/v2\/types\/post"}],"author":[{"embeddable":true,"href":"https:\/\/fmamiga909.com.ar\/index.php?rest_route=\/wp\/v2\/users\/3"}],"replies":[{"embeddable":true,"href":"https:\/\/fmamiga909.com.ar\/index.php?rest_route=%2Fwp%2Fv2%2Fcomments&post=17193"}],"version-history":[{"count":0,"href":"https:\/\/fmamiga909.com.ar\/index.php?rest_route=\/wp\/v2\/posts\/17193\/revisions"}],"wp:featuredmedia":[{"embeddable":true,"href":"https:\/\/fmamiga909.com.ar\/index.php?rest_route=\/wp\/v2\/media\/17194"}],"wp:attachment":[{"href":"https:\/\/fmamiga909.com.ar\/index.php?rest_route=%2Fwp%2Fv2%2Fmedia&parent=17193"}],"wp:term":[{"taxonomy":"category","embeddable":true,"href":"https:\/\/fmamiga909.com.ar\/index.php?rest_route=%2Fwp%2Fv2%2Fcategories&post=17193"},{"taxonomy":"post_tag","embeddable":true,"href":"https:\/\/fmamiga909.com.ar\/index.php?rest_route=%2Fwp%2Fv2%2Ftags&post=17193"}],"curies":[{"name":"wp","href":"https:\/\/api.w.org\/{rel}","templated":true}]}}