{"id":17217,"date":"2024-12-17T19:43:23","date_gmt":"2024-12-17T19:43:23","guid":{"rendered":"https:\/\/fmamiga909.com.ar\/?p=17217"},"modified":"2024-12-17T19:43:23","modified_gmt":"2024-12-17T19:43:23","slug":"matias-mariotto-el-campeonato-de-banfield-es-el-economico","status":"publish","type":"post","link":"https:\/\/fmamiga909.com.ar\/?p=17217","title":{"rendered":"Mat\u00edas Mariotto: &quot;El campeonato de Banfield es el econ\u00f3mico&quot;\u00a0 \u00a0"},"content":{"rendered":"<div><!-- Body --><\/p>\n<p><span>Banfield hace rato que ven\u00eda esperando el campanazo de la Liga Profesional para barajar y dar de nuevo: porque termin\u00f3 la Liga Profesional de F\u00fatbol en la posici\u00f3n 27\u00aa, apenas un punto arriba de la \u00faltima posici\u00f3n que ocup\u00f3 Barracas con 23 puntos. Esta campa\u00f1a lo lleva a ocupar la zona baja de la tabla de promedios 2025.\u00a0<\/span><span>Para trastocar esta realidad institucional, hace poco m\u00e1s de dos meses los socios del conjunto del sur de la Provincia de Buenos Aires acudieron en masa a las urnas para picarle el boleto de salida al oficialismo, encarnado por Gabriel D&#8217;Angelo, quien hab\u00eda sido designado por Eduardo Spinosa.\u00a0<\/span><\/p>\n<p><span>Mat\u00edas Mariotto de la \u00abUnidad Primero Banfield\u201d fue elegido presidente de Banfield con el 53,60% de los votos en una elecci\u00f3n r\u00e9cord con m\u00e1s de 5.600 socios en los comicios. Sus 26 a\u00f1os \u201327 hoy en d\u00eda\u2013 lo convirtieron en el  presidente m\u00e1s joven de la Liga Profesional de F\u00fatbol. El Taladro tambi\u00e9n hab\u00eda marcado agenda en 2018 cuando Luc\u00eda Barbuto asumi\u00f3 la presidencia, siendo la primera mujer en ser electa para el m\u00e1ximo cargo de autoridad de una instituci\u00f3n de Primera Divisi\u00f3n.<\/span><\/p>\n<p>Este dirigente est\u00e1 por finalizar sus estudios en Gesti\u00f3n Deportiva, siempre trabaj\u00f3 en temas de Comunicaci\u00f3n, es soltero e hijo de Gabriel Mariotto, quien fuera vicegobernador de la provincia de Buenos Aires entre 2011 y 2015. Niega haberse peleado a golpes de pu\u00f1os con un hincha tras la ca\u00edda en el cl\u00e1sico ante Lan\u00fas y en esta entrevista exclusiva con <b>P\u00e1gina\/12<\/b> cuenta c\u00f3mo har\u00e1 para cambiar este presente del club.<\/p>\n<p><b>\u2013\u00bfCu\u00e1l es la situaci\u00f3n econ\u00f3mica actual de Banfield?<\/b><\/p>\n<h3\/>\n<h3><b\/><\/h3>\n<p>\u2013Es realmente complicada, llegamos a un club en el ni siquiera hab\u00edan dejado el ingreso de la cuota social, porque eso hab\u00eda ido al fideicomiso que cerr\u00f3 (Eduardo) Spinoza en su \u00faltima semana de gesti\u00f3n. Encontramos una instituci\u00f3n con cero ingresos y con deudas de varios meses con el plantel. Hoy lo estamos ordenando con un poco m\u00e1s de criterio. La gesti\u00f3n anterior se adelant\u00f3 cheques de televisi\u00f3n, con lo cual tenemos que ser creativos a la hora de encontrar soluciones. Se hace dif\u00edcil, pero nuestra decisi\u00f3n pol\u00edtica es preservar los intereses del club y no hipotecar su futuro. Presentamos un informe que arroja una deuda de aproximadamente 13 millones de d\u00f3lares considerando juicios que a\u00fan no est\u00e1n con sentencia.  <br \/><b><br \/><\/b><b>\u2013Banfield fue un club muy exportador en los \u00faltimos a\u00f1os, \u00bfpor qu\u00e9 se   descapitaliz\u00f3 tanto?<\/b> <b> <\/b><\/p>\n<p>\u2013Spinoza cerr\u00f3 el fideicomiso en su \u00faltima semana de gesti\u00f3n. Se emitieron cheques por 1.200 millones de pesos mayormente destinados al pago de sueldos de jugadores y a otros proveedores del club. La gesti\u00f3n anterior se manej\u00f3 con falta de transparencia absoluta. Con esto no me refiero a robar o hacer algo con dolo, sino a no comunicar efectivamente. Estamos encarando una auditor\u00eda que nos permitir\u00e1 saber c\u00f3mo se generaron las ventas y a d\u00f3nde fue el dinero. Por otro lado, descubrimos mucho despilfarro, con decisiones que parecer\u00eda que se las quer\u00edan sacar de encima. Hay que apelar a la creatividad antes de meter la mano en la billetera. Evidentemente est\u00e1bamos teniendo gustos muy caros. Haremos un gobierno con austeridad sin retroceder en cosas adquiridas.  <\/p>\n<p><b>\u2013Y en cuanto a la situaci\u00f3n deportiva, \u00bfqu\u00e9 panorama encontraron?<\/b><\/p>\n<p>\u2013Al asumir estaba dirigiendo Gustavo Munua, un gran entrenador, pero que lamentablemente hab\u00eda quedado identificado con la gesti\u00f3n anterior y eso generaba un caldo de cultivo muy feo en el estadio. Era un clima que se nos estaba haciendo dif\u00edcil de sostener. Cre\u00edmos que se necesitaba oxigenar, renovar aires y expectativas. Decidimos removerlo del cargo y lo hicimos de com\u00fan acuerdo. \u00abPico\u00bb Hern\u00e1ndez se hizo cargo del equipo en las \u00faltimas fechas y recientemente firm\u00f3 su contrato hasta diciembre de 2025 Ariel Broggi. En enero asumir\u00e1, aunque ya est\u00e1 trabajando con la Secretar\u00eda T\u00e9cnica en el armado del plantel que afrontar\u00e1 el pr\u00f3ximo torneo. Conoce el club, fue entrenador de la Reserva, tuvo a muchos de los chicos que hoy est\u00e1n en Primera y sum\u00f3 experiencia como ayudante del \u00abChacho\u00bb Coudet en distintos lugares. <\/p>\n<p><b>\u2013De cara a la pr\u00f3xima temporada \u00bfles gustar\u00eda hacer un esfuerzo para traer jugadores m\u00e1s experimentados que ayuden a acomodar la situaci\u00f3n? <\/b><\/p>\n<p>\u2013Para encarar lo que viene tenemos a Mariano And\u00fajar y a Laucha Luchetti en el Departamento de F\u00fatbol. Ellos hacen un gran trabajo de scouting en busca de encontrar oportunidades. Por supuesto, nuestro pr\u00f3ximo campeonato es econ\u00f3mico, pero igualmente se pueden encontrar buenas buenas adquisiciones y oportunidades. Hay muy buenos futbolistas que a lo mejor no tienen gran renombre. Se trata de encontrar una buena mixtura entre los j\u00f3venes del club que no sean vendidos y los que vengan. Como pas\u00f3 con (Dami\u00e1n) \u00abKitu\u00bb D\u00edaz, que le estaba empezando dando orden al equipo con su templanza, jerarqu\u00eda y trayectoria hasta su lesi\u00f3n. Tiene contrato y queremos contar con \u00e9l. Ser\u00e1 casi un  refuerzo cuando vuelva porque lo disfrutamos muy poco.<\/p>\n<p><b>\u2013\u00bfC\u00f3mo se siente al ser el presidente m\u00e1s joven de la Liga Profesional?<\/b><\/p>\n<p>\u2013Contento, la verdad es que a pesar de los conflictos lo disfruto mucho. Para m\u00ed es un sue\u00f1o y lo hago junto con una comisi\u00f3n directiva que me acompa\u00f1a d\u00eda a d\u00eda. Todo se discute, se pone a consideraci\u00f3n y se llega a una buena conclusi\u00f3n. En lo personal es un honor, es el cargo m\u00e1s importante y m\u00e1s lindo que uno puede tener a lo largo de su vida y lograrlo con 26 a\u00f1os \u2013si bien ahora tengo 27\u2013 me llena de orgullo, de felicidad, de emoci\u00f3n y de responsabilidad.<\/p>\n<p><b>\u2013\u00bfC\u00f3mo se llega tan joven a ese lugar?<\/b><\/p>\n<p>\u2013Se llega con compromiso, responsabilidad y sobre todo con coherencia y valent\u00eda. Para hacerlo atraves\u00e9 muchos momentos: de amenaza, de seducci\u00f3n y otros en los que quisieron bajarme el precio por considerarme chico. Hicimos una agrupaci\u00f3n en 2020, logramos la unidad con las otras agrupaciones, fuimos a las elecciones con la oposici\u00f3n unida y conseguimos la oportunidad pol\u00edtica de estar en el momento oportuno con la solidez necesaria. Ganamos la elecci\u00f3n con 3.000 votos aproximadamente. No fue s\u00f3lo por las agrupaciones, tambi\u00e9n el hartazgo de la gente tras 12 a\u00f1os de gesti\u00f3n anterior.<\/p>\n<p><b>\u2013\u00bfQu\u00e9 tiene que hacer para dar vuelta la realidad de la instituci\u00f3n que preside?<\/b><\/p>\n<p>\u2013Marcar un perfil bien institucional, de transparencia, de no perpetuidad en el poder, de modificaci\u00f3n del estatuto y de un club para adelante. Moderno, pero con memoria y sensibilidad, no a cualquier costo. Quiero que me recuerden como alguien que vendi\u00f3 y compr\u00f3 con transparencia econ\u00f3mica de cara al socio, que gener\u00f3 \u00e1mbitos de participaci\u00f3n para que el socio participe, que aument\u00f3 la masa societaria y, por supuesto, si puedo coronar todo eso con una estrella ser\u00eda el mejor de los escenarios.<\/p>\n<p><b>\u2013\u00bfQu\u00e9 influencia tiene su padre, Gabriel Mariotto, en su carrera?<\/b><\/p>\n<p>\u2013Gabriel es una fuente de consulta absoluta y permanente por su experiencia y condici\u00f3n de hincha de Banfield. No hay mejor polic\u00eda y consejero que \u00e9l por m\u00faltiples cuestiones. La verdad es que me acompa\u00f1a bastante, pero no me gusta cuando se pone en discusi\u00f3n qui\u00e9n toma las decisiones. Ac\u00e1 el que conduce soy yo y por lo general tenemos contrapuntos. Esa discusi\u00f3n nos lleva a analizar las cosas con mucha profundidad. Para la Comisi\u00f3n Directiva como para m\u00ed su voz diaria es muy importante.<b><br \/><\/b><\/p>\n<p><b>\u2013Tras la ca\u00edda en el cl\u00e1sico ante Lan\u00fas se habl\u00f3 de una pelea que protagoniz\u00f3 con un hincha del club. \u00bfEsto fue as\u00ed?<\/b><\/p>\n<p>\u2013Lo primero que quiero decir es que conozco a este socio hace mucho tiempo porque sigo yendo a la misma platea que iba siempre. El palco presidencial lo dejamos para ex jugadores y glorias del club todos los partidos. En el fragor de la derrota quise irme un minuto antes del final a la zona de vestuarios para hablar algunas cosas. En ese momento este hincha me grita: \u00abMariotto da la cara no te vayas\u00bb. Y en la calentura reaccion\u00e9 y volv\u00ed caliente. No hubo agresi\u00f3n f\u00edsica ni pelea como se dijo. Fue un exabrupto, en un episodio que dur\u00f3 segundos y que no debe volver a pasar, pero de ah\u00ed a que quieran operar con este tema no me parece.<\/p>\n<p><!-- Live Blog Post --><\/div>\n<p><a href=\"https:\/\/www.pagina12.com.ar\/791066-matias-mariotto-el-campeonato-de-banfield-es-el-economico\">source<\/a><\/p>\n","protected":false},"excerpt":{"rendered":"<p>Banfield hace rato que ven\u00eda esperando el campanazo de la Liga Profesional para barajar y&#8230;<\/p>\n","protected":false},"author":3,"featured_media":17218,"comment_status":"closed","ping_status":"closed","sticky":false,"template":"","format":"standard","meta":{"footnotes":""},"categories":[21],"tags":[],"class_list":["post-17217","post","type-post","status-publish","format-standard","has-post-thumbnail","hentry","category-deportes"],"featured_image_urls":{"full":["https:\/\/fmamiga909.com.ar\/wp-content\/uploads\/2024\/12\/wp-header-logo-248.png",960,540,false],"thumbnail":["https:\/\/fmamiga909.com.ar\/wp-content\/uploads\/2024\/12\/wp-header-logo-248-150x150.png",150,150,true],"medium":["https:\/\/fmamiga909.com.ar\/wp-content\/uploads\/2024\/12\/wp-header-logo-248-300x169.png",300,169,true],"medium_large":["https:\/\/fmamiga909.com.ar\/wp-content\/uploads\/2024\/12\/wp-header-logo-248.png",960,540,false],"large":["https:\/\/fmamiga909.com.ar\/wp-content\/uploads\/2024\/12\/wp-header-logo-248.png",640,360,false],"1536x1536":["https:\/\/fmamiga909.com.ar\/wp-content\/uploads\/2024\/12\/wp-header-logo-248.png",960,540,false],"2048x2048":["https:\/\/fmamiga909.com.ar\/wp-content\/uploads\/2024\/12\/wp-header-logo-248.png",960,540,false],"newsium-slider-full":["https:\/\/fmamiga909.com.ar\/wp-content\/uploads\/2024\/12\/wp-header-logo-248.png",960,540,false],"newsium-featured":["https:\/\/fmamiga909.com.ar\/wp-content\/uploads\/2024\/12\/wp-header-logo-248.png",960,540,false],"newsium-medium":["https:\/\/fmamiga909.com.ar\/wp-content\/uploads\/2024\/12\/wp-header-logo-248-720x475.png",720,475,true]},"author_info":{"display_name":"Fredy Giuliano","author_link":"https:\/\/fmamiga909.com.ar\/?author=3"},"category_info":"<a href=\"https:\/\/fmamiga909.com.ar\/?cat=21\" rel=\"category\">Deportes<\/a>","tag_info":"Deportes","comment_count":"0","_links":{"self":[{"href":"https:\/\/fmamiga909.com.ar\/index.php?rest_route=\/wp\/v2\/posts\/17217","targetHints":{"allow":["GET"]}}],"collection":[{"href":"https:\/\/fmamiga909.com.ar\/index.php?rest_route=\/wp\/v2\/posts"}],"about":[{"href":"https:\/\/fmamiga909.com.ar\/index.php?rest_route=\/wp\/v2\/types\/post"}],"author":[{"embeddable":true,"href":"https:\/\/fmamiga909.com.ar\/index.php?rest_route=\/wp\/v2\/users\/3"}],"replies":[{"embeddable":true,"href":"https:\/\/fmamiga909.com.ar\/index.php?rest_route=%2Fwp%2Fv2%2Fcomments&post=17217"}],"version-history":[{"count":0,"href":"https:\/\/fmamiga909.com.ar\/index.php?rest_route=\/wp\/v2\/posts\/17217\/revisions"}],"wp:featuredmedia":[{"embeddable":true,"href":"https:\/\/fmamiga909.com.ar\/index.php?rest_route=\/wp\/v2\/media\/17218"}],"wp:attachment":[{"href":"https:\/\/fmamiga909.com.ar\/index.php?rest_route=%2Fwp%2Fv2%2Fmedia&parent=17217"}],"wp:term":[{"taxonomy":"category","embeddable":true,"href":"https:\/\/fmamiga909.com.ar\/index.php?rest_route=%2Fwp%2Fv2%2Fcategories&post=17217"},{"taxonomy":"post_tag","embeddable":true,"href":"https:\/\/fmamiga909.com.ar\/index.php?rest_route=%2Fwp%2Fv2%2Ftags&post=17217"}],"curies":[{"name":"wp","href":"https:\/\/api.w.org\/{rel}","templated":true}]}}