{"id":17219,"date":"2024-12-17T20:14:20","date_gmt":"2024-12-17T20:14:20","guid":{"rendered":"https:\/\/fmamiga909.com.ar\/?p=17219"},"modified":"2024-12-17T20:14:20","modified_gmt":"2024-12-17T20:14:20","slug":"murio-armando-perez-uno-de-los-alfiles-que-uso-macri-para-meterse-en-la-afa","status":"publish","type":"post","link":"https:\/\/fmamiga909.com.ar\/?p=17219","title":{"rendered":"Muri\u00f3 Armando P\u00e9rez, uno de los alfiles que us\u00f3 Macri para meterse en la AFA"},"content":{"rendered":"<div><!-- Body --><\/p>\n<p>Este martes falleci\u00f3 Armando P\u00e9rez, el alfil que hab\u00eda Mauricio Macri para pisar fuerte en la asociaci\u00f3n madre del f\u00fatbol argentino. Corr\u00eda la gesti\u00f3n de Cambiemos en el plano nacional y P\u00e9rez -mandam\u00e1s del Pirata cordob\u00e9s- fue ungido para ser parte de la \u00abComisi\u00f3n Normalizadora\u00bb tras una extra\u00f1a votaci\u00f3n en AFA en la que de 75 votos termin\u00f3 empatado 38 a 38.\u00a0<\/p>\n<p>\u00abBelgrano lamenta profundamente el fallecimiento de Armando P\u00e9rez, el presidente que devolvi\u00f3 el Club a manos de los socios. Su gesti\u00f3n al frente del Club Atl\u00e9tico Belgrano dej\u00f3 un legado imborrable que perdurar\u00e1 para toda la vida\u00bb, escribi\u00f3 el club cordob\u00e9s cuando se conoci\u00f3 la noticia.\u00a0<\/p>\n<p>P\u00e9rez fue presidente del club entre 2005 y 2017, una vez que se hizo cargo del gerenciamiento que dej\u00f3\u00a0C\u00f3rdoba Celeste. Durante su gesti\u00f3n, tuvo un subibaja de emociones: baj\u00f3 a la Segunda Divisi\u00f3n, pele\u00f3 varias promociones sin \u00e9xito hasta que lleg\u00f3 el 2011, en el que hizo que River juege por primera vez en la B. Luego se mantuvo en la m\u00e1xima categor\u00eda por ocho a\u00f1os seguidos.<\/p>\n<h2>Los v\u00ednculos con Macri, TSU y la investigaci\u00f3n de Telenueve Denuncia<\/h2>\n<p>En 2017 Armando P\u00e9rez era el titular de Belgrano de C\u00f3rdoba -que viv\u00eda las mieles del equipo de\u00a0Zielinski- y hab\u00eda sido designado como presidente de una Comisi\u00f3n Normalizadora que deb\u00eda regularizar la Asociaci\u00f3n del F\u00fatbol Argentino (AFA). Fue el interventor que ide\u00f3 el entonces presidente Mauricio Macri con un objetivo: tomar el control del f\u00fatbol argentino. Hizo todo lo que pidi\u00f3 el expresidente de la Naci\u00f3n. \u201cAudit\u00f3\u201d a los clubes enemigos y colabor\u00f3 con los amigos.<\/p>\n<p>La afirmaci\u00f3n de arriba qued\u00f3 exhibida en uno de los \u00faltimos programas de Telenueve Denuncia.\u00a0 El empresario se code\u00f3 con periodistas, deportistas y artistas que le dieron un poco de confiabilidad e inserci\u00f3n en el sistema. De hecho, un reconocido personaje televisivo tiene documentos firmados por P\u00e9rez por casi 2 millones de d\u00f3lares.\u00a0<\/p>\n<p>El exinterventor fue, adem\u00e1s, due\u00f1o de la empresa nacional m\u00e1s importante de cosm\u00e9ticos y lleg\u00f3 a facturar varios millones de d\u00f3lares al mes. Tuvo aviones privados, casas en Punta del Este y departamentos en CABA. A\u00f1os despu\u00e9s, lejos del \u00ab\u00e9xito econ\u00f3mico\u00bb,\u00a0 se dedic\u00f3 a vaciar la empresa dejando en la calle a 600 trabajadores. Muchos de ellos se resignaron a no cobrar nada y fueron objeto de la manipulaci\u00f3n propia de una mente siniestra. En esa edici\u00f3n, Telenueve Denuncia hab\u00eda mostrado c\u00f3mo contrat\u00f3 a decenas de camiones de gran porte para vaciar la mercader\u00eda de los galpones y hasta la maquinaria valuada en m\u00e1s de 1.500.000.000 de pesos.<\/p>\n<p>Adem\u00e1s, el programa de investigaciones de Canal 9 exhibi\u00f3 los galpones de TSU Cosm\u00e9ticos repletos de mercader\u00eda y los mismos dep\u00f3sitos posteriormente vac\u00edos. La empresa no ten\u00eda con qu\u00e9 responder gracias a que nadie control\u00f3 el vaciamiento demencial al que fue sometida la otrora l\u00edder en cosm\u00e9ticos del pa\u00eds.<\/p>\n<p><!-- Live Blog Post --><\/div>\n<p><a href=\"https:\/\/www.pagina12.com.ar\/791067-murio-armando-perez-uno-de-los-alfiles-que-uso-macri-para-me\">source<\/a><\/p>\n","protected":false},"excerpt":{"rendered":"<p>Este martes falleci\u00f3 Armando P\u00e9rez, el alfil que hab\u00eda Mauricio Macri para pisar fuerte en&#8230;<\/p>\n","protected":false},"author":3,"featured_media":17220,"comment_status":"closed","ping_status":"closed","sticky":false,"template":"","format":"standard","meta":{"footnotes":""},"categories":[21],"tags":[],"class_list":["post-17219","post","type-post","status-publish","format-standard","has-post-thumbnail","hentry","category-deportes"],"featured_image_urls":{"full":["https:\/\/fmamiga909.com.ar\/wp-content\/uploads\/2024\/12\/wp-header-logo-249.png",960,540,false],"thumbnail":["https:\/\/fmamiga909.com.ar\/wp-content\/uploads\/2024\/12\/wp-header-logo-249-150x150.png",150,150,true],"medium":["https:\/\/fmamiga909.com.ar\/wp-content\/uploads\/2024\/12\/wp-header-logo-249-300x169.png",300,169,true],"medium_large":["https:\/\/fmamiga909.com.ar\/wp-content\/uploads\/2024\/12\/wp-header-logo-249.png",960,540,false],"large":["https:\/\/fmamiga909.com.ar\/wp-content\/uploads\/2024\/12\/wp-header-logo-249.png",640,360,false],"1536x1536":["https:\/\/fmamiga909.com.ar\/wp-content\/uploads\/2024\/12\/wp-header-logo-249.png",960,540,false],"2048x2048":["https:\/\/fmamiga909.com.ar\/wp-content\/uploads\/2024\/12\/wp-header-logo-249.png",960,540,false],"newsium-slider-full":["https:\/\/fmamiga909.com.ar\/wp-content\/uploads\/2024\/12\/wp-header-logo-249.png",960,540,false],"newsium-featured":["https:\/\/fmamiga909.com.ar\/wp-content\/uploads\/2024\/12\/wp-header-logo-249.png",960,540,false],"newsium-medium":["https:\/\/fmamiga909.com.ar\/wp-content\/uploads\/2024\/12\/wp-header-logo-249-720x475.png",720,475,true]},"author_info":{"display_name":"Fredy Giuliano","author_link":"https:\/\/fmamiga909.com.ar\/?author=3"},"category_info":"<a href=\"https:\/\/fmamiga909.com.ar\/?cat=21\" rel=\"category\">Deportes<\/a>","tag_info":"Deportes","comment_count":"0","_links":{"self":[{"href":"https:\/\/fmamiga909.com.ar\/index.php?rest_route=\/wp\/v2\/posts\/17219","targetHints":{"allow":["GET"]}}],"collection":[{"href":"https:\/\/fmamiga909.com.ar\/index.php?rest_route=\/wp\/v2\/posts"}],"about":[{"href":"https:\/\/fmamiga909.com.ar\/index.php?rest_route=\/wp\/v2\/types\/post"}],"author":[{"embeddable":true,"href":"https:\/\/fmamiga909.com.ar\/index.php?rest_route=\/wp\/v2\/users\/3"}],"replies":[{"embeddable":true,"href":"https:\/\/fmamiga909.com.ar\/index.php?rest_route=%2Fwp%2Fv2%2Fcomments&post=17219"}],"version-history":[{"count":0,"href":"https:\/\/fmamiga909.com.ar\/index.php?rest_route=\/wp\/v2\/posts\/17219\/revisions"}],"wp:featuredmedia":[{"embeddable":true,"href":"https:\/\/fmamiga909.com.ar\/index.php?rest_route=\/wp\/v2\/media\/17220"}],"wp:attachment":[{"href":"https:\/\/fmamiga909.com.ar\/index.php?rest_route=%2Fwp%2Fv2%2Fmedia&parent=17219"}],"wp:term":[{"taxonomy":"category","embeddable":true,"href":"https:\/\/fmamiga909.com.ar\/index.php?rest_route=%2Fwp%2Fv2%2Fcategories&post=17219"},{"taxonomy":"post_tag","embeddable":true,"href":"https:\/\/fmamiga909.com.ar\/index.php?rest_route=%2Fwp%2Fv2%2Ftags&post=17219"}],"curies":[{"name":"wp","href":"https:\/\/api.w.org\/{rel}","templated":true}]}}