{"id":17231,"date":"2024-12-18T03:19:17","date_gmt":"2024-12-18T03:19:17","guid":{"rendered":"https:\/\/fmamiga909.com.ar\/?p=17231"},"modified":"2024-12-18T03:19:17","modified_gmt":"2024-12-18T03:19:17","slug":"arsenal-tiene-como-nueva-presidenta-a-lara-grondona","status":"publish","type":"post","link":"https:\/\/fmamiga909.com.ar\/?p=17231","title":{"rendered":"Arsenal tiene como nueva presidenta a Lara Grondona\u00a0"},"content":{"rendered":"<div><!-- Body --><\/p>\n<p>La nieta del hist\u00f3rico dirigente de la Asociaci\u00f3n del F\u00fatbol Argentino (AFA) Julio Grondona, Lara Grondona, asumi\u00f3 como presidenta de Arsenal y marc\u00f3 el inicio de una nueva etapa para el club del Viaducto.<\/p>\n<p>La instituci\u00f3n del sur del Gran Buenos Aires, con una historia estrechamente ligada a la familia Grondona, renov\u00f3 su liderazgo tras la reciente Asamblea de Socios, en la que se aprob\u00f3 la Memoria y Balance correspondiente al per\u00edodo julio de 2023 &#8211; junio de 2024.<\/p>\n<p>Durante este evento se present\u00f3 oficialmente la nueva Comisi\u00f3n Directiva que encabezar\u00e1 el proyecto hasta 2027 y tendr\u00e1 como mandam\u00e1s de la instituci\u00f3n a Lara Grondona, quien desde los 18 a\u00f1os comenz\u00f3 a involucrarse directamente con la instituci\u00f3n al iniciar su recorrido en el \u00e1rea de prensa junto a Roberto Beck.<\/p>\n<p>La nueva presidenta, nieta del ex presidente de la AFA, estar\u00e1 acompa\u00f1ada en la vicepresidencia por Julio Ricardo Grondona, su padre. Tambi\u00e9n forman parte de la nueva estructura Nicol\u00e1s Falanga, Federico Wisner y Hugo Pasos, quien ejercer\u00e1 como secretario general.<\/p>\n<p>Seg\u00fan lo definido en la Asamblea, la conducci\u00f3n de esta nueva etapa buscar\u00e1 consolidar la posici\u00f3n del club y, a futuro, regresar a la Liga Profesional.\u00a0Con esta designaci\u00f3n, la familia Grondona reafirma su protagonismo en la historia de una instituci\u00f3n que han acompa\u00f1ado desde sus or\u00edgenes.<\/p>\n<p><!-- Live Blog Post --><\/div>\n<p><a href=\"https:\/\/www.pagina12.com.ar\/791177-arsenal-tiene-como-nueva-presidenta-a-lara-grondona\">source<\/a><\/p>\n","protected":false},"excerpt":{"rendered":"<p>La nieta del hist\u00f3rico dirigente de la Asociaci\u00f3n del F\u00fatbol Argentino (AFA) Julio Grondona, Lara&#8230;<\/p>\n","protected":false},"author":3,"featured_media":17232,"comment_status":"closed","ping_status":"closed","sticky":false,"template":"","format":"standard","meta":{"footnotes":""},"categories":[21],"tags":[],"class_list":["post-17231","post","type-post","status-publish","format-standard","has-post-thumbnail","hentry","category-deportes"],"featured_image_urls":{"full":["https:\/\/fmamiga909.com.ar\/wp-content\/uploads\/2024\/12\/wp-header-logo-255.png",960,540,false],"thumbnail":["https:\/\/fmamiga909.com.ar\/wp-content\/uploads\/2024\/12\/wp-header-logo-255-150x150.png",150,150,true],"medium":["https:\/\/fmamiga909.com.ar\/wp-content\/uploads\/2024\/12\/wp-header-logo-255-300x169.png",300,169,true],"medium_large":["https:\/\/fmamiga909.com.ar\/wp-content\/uploads\/2024\/12\/wp-header-logo-255.png",960,540,false],"large":["https:\/\/fmamiga909.com.ar\/wp-content\/uploads\/2024\/12\/wp-header-logo-255.png",640,360,false],"1536x1536":["https:\/\/fmamiga909.com.ar\/wp-content\/uploads\/2024\/12\/wp-header-logo-255.png",960,540,false],"2048x2048":["https:\/\/fmamiga909.com.ar\/wp-content\/uploads\/2024\/12\/wp-header-logo-255.png",960,540,false],"newsium-slider-full":["https:\/\/fmamiga909.com.ar\/wp-content\/uploads\/2024\/12\/wp-header-logo-255.png",960,540,false],"newsium-featured":["https:\/\/fmamiga909.com.ar\/wp-content\/uploads\/2024\/12\/wp-header-logo-255.png",960,540,false],"newsium-medium":["https:\/\/fmamiga909.com.ar\/wp-content\/uploads\/2024\/12\/wp-header-logo-255-720x475.png",720,475,true]},"author_info":{"display_name":"Fredy Giuliano","author_link":"https:\/\/fmamiga909.com.ar\/?author=3"},"category_info":"<a href=\"https:\/\/fmamiga909.com.ar\/?cat=21\" rel=\"category\">Deportes<\/a>","tag_info":"Deportes","comment_count":"0","_links":{"self":[{"href":"https:\/\/fmamiga909.com.ar\/index.php?rest_route=\/wp\/v2\/posts\/17231","targetHints":{"allow":["GET"]}}],"collection":[{"href":"https:\/\/fmamiga909.com.ar\/index.php?rest_route=\/wp\/v2\/posts"}],"about":[{"href":"https:\/\/fmamiga909.com.ar\/index.php?rest_route=\/wp\/v2\/types\/post"}],"author":[{"embeddable":true,"href":"https:\/\/fmamiga909.com.ar\/index.php?rest_route=\/wp\/v2\/users\/3"}],"replies":[{"embeddable":true,"href":"https:\/\/fmamiga909.com.ar\/index.php?rest_route=%2Fwp%2Fv2%2Fcomments&post=17231"}],"version-history":[{"count":0,"href":"https:\/\/fmamiga909.com.ar\/index.php?rest_route=\/wp\/v2\/posts\/17231\/revisions"}],"wp:featuredmedia":[{"embeddable":true,"href":"https:\/\/fmamiga909.com.ar\/index.php?rest_route=\/wp\/v2\/media\/17232"}],"wp:attachment":[{"href":"https:\/\/fmamiga909.com.ar\/index.php?rest_route=%2Fwp%2Fv2%2Fmedia&parent=17231"}],"wp:term":[{"taxonomy":"category","embeddable":true,"href":"https:\/\/fmamiga909.com.ar\/index.php?rest_route=%2Fwp%2Fv2%2Fcategories&post=17231"},{"taxonomy":"post_tag","embeddable":true,"href":"https:\/\/fmamiga909.com.ar\/index.php?rest_route=%2Fwp%2Fv2%2Ftags&post=17231"}],"curies":[{"name":"wp","href":"https:\/\/api.w.org\/{rel}","templated":true}]}}