{"id":17257,"date":"2024-12-19T01:26:50","date_gmt":"2024-12-19T01:26:50","guid":{"rendered":"https:\/\/fmamiga909.com.ar\/?p=17257"},"modified":"2024-12-19T01:26:50","modified_gmt":"2024-12-19T01:26:50","slug":"la-mejor-jugada-de-una-de-las-joyitas-de-velez-campeon","status":"publish","type":"post","link":"https:\/\/fmamiga909.com.ar\/?p=17257","title":{"rendered":"La mejor jugada de una de las joyitas de V\u00e9lez campe\u00f3n"},"content":{"rendered":"<div><!-- Body --><\/p>\n<p><b>Maher Carrizo<\/b>, el joven delantero de V\u00e9lez Sarsfield que fue una de las figuras destacadas del reciente <a href=\"https:\/\/www.pagina12.com.ar\/790656-velez-un-gran-campeon-paso-por-arriba-a-huracan-y-vuelve-a-r\">campeonato obtenido por el equipo de Liniers<\/a>, se convirti\u00f3 en noticia en las \u00faltimas horas por un gesto que excede lo futbol\u00edstico. <b>Le regal\u00f3 una casa a su mam\u00e1 y se emocion\u00f3 hasta las l\u00e1grimas al contarlo:<\/b>\u00a0\u201cQue la disfrutes mucho, te amo\u201d, expres\u00f3 visiblemente emocionado.\u00a0<\/p>\n<div class=\"iframely-embed medium-embedded-content\" data-html=\"Jmx0O2RpdiZndDsmbHQ7ZGl2IHN0eWxlPSJsZWZ0OiAwOyB3aWR0aDogMTAwJTsgaGVpZ2h0OiAwOyBwb3NpdGlvbjogcmVsYXRpdmU7IHBhZGRpbmctYm90dG9tOiA1Ni4wNDE3JTsiJmd0OyZsdDtpZnJhbWUgc3JjPSJodHRwczovL2lmcmFtZWx5LnBhZ2luYTEyLmNvbS5hci9hcGkvaWZyYW1lP2NsaWNrX3RvX3BsYXk9MSZhbXA7dXJsPWh0dHBzJTNBJTJGJTJGZ2VvLmRhaWx5bW90aW9uLmNvbSUyRnBsYXllciUyRnh0NWVlLmh0bWwlM0Z2aWRlbyUzRHg5YjB2ODImYW1wO2tleT00Njc2YjVmZGMwODMyNTdlYTg3ZjcxNjA4Yzc0ZTlmZSIgc3R5bGU9InRvcDogMDsgbGVmdDogMDsgd2lkdGg6IDEwMCU7IGhlaWdodDogMTAwJTsgcG9zaXRpb246IGFic29sdXRlOyBib3JkZXI6IDA7IiBhbGxvd2Z1bGxzY3JlZW4gc2Nyb2xsaW5nPSJubyIgYWxsb3c9ImVuY3J5cHRlZC1tZWRpYSAqOyImZ3Q7Jmx0Oy9pZnJhbWUmZ3Q7Jmx0Oy9kaXYmZ3Q7Jmx0Oy9kaXYmZ3Q7Jmx0O2RpdiBjbGFzcz0ibWVkaXVtLWluc2VydC1lbWJlZHMtbWV0YSImZ3Q7Jmx0O3NjcmlwdCB0eXBlPSJ0ZXh0L2pzb24iJmd0O3sidXJsIjoiaHR0cHM6Ly9nZW8uZGFpbHltb3Rpb24uY29tL3BsYXllci94dDVlZS5odG1sP3ZpZGVvPXg5YjB2ODIiLCJ0eXBlIjoidmlkZW8iLCJ2ZXJzaW9uIjoiMS4wIiwidGl0bGUiOiJTdWXDsW8gY3VtcGxpZG86IE1haGVyIENhcnJpem8gc29ycHJlbmRpw7MgYSBzdSBtYW3DoSBjb24gdW5hIGNhc2EgZW4gU2FudGlhZ28gZGVsIEVzdGVybyIsImF1dGhvciI6IlDDoWdpbmExMiIsImF1dGhvcl91cmwiOiJodHRwczovL3d3dy5kYWlseW1vdGlvbi5jb20vUGFnaW5hMTIiLCJwcm92aWRlcl9uYW1lIjoiRGFpbHltb3Rpb24iLCJkZXNjcmlwdGlvbiI6IlZlciBTdWXDsW8gY3VtcGxpZG86IE1haGVyIENhcnJpem8gc29ycHJlbmRpw7MgYSBzdSBtYW3DoSBjb24gdW5hIGNhc2EgZW4gU2FudGlhZ28gZGVsIEVzdGVybyAtIFDDoWdpbmExMiBlbiBEYWlseW1vdGlvbiIsInRodW1ibmFpbF91cmwiOiJodHRwczovL3MyLmRtY2RuLm5ldC92L1hZYXFJMWRPckZqMlgzRWFML3g3MjAiLCJ0aHVtYm5haWxfd2lkdGgiOjEyODAsInRodW1ibmFpbF9oZWlnaHQiOjcyMCwiY2FjaGVfYWdlIjo2MH0mbHQ7L3NjcmlwdCZndDsmbHQ7L2RpdiZndDs=\">\n                <a data-iframely-url=\"\" href=\"https:\/\/geo.dailymotion.com\/player\/xt5ee.html?video=x9b0v82\">https:\/\/geo.dailymotion.com\/player\/xt5ee.html?video=x9b0v82<\/a>\n              <\/div>\n<p>Muchos recordar\u00e1n el \u00faltimo partido de Carrizo, donde realiz\u00f3 una estupenda jugada para asistir, tras un doble enganche en el que dej\u00f3 dos rivales en el camino, y dejarle servido el gol a\u00a0Claudio Aquino.<b>\u00a0<\/b>Una asistencia para un tanto que le permiti\u00f3 al equipo de Gustavo Quinteros ilusionarse con la victoria, para luego gritar campe\u00f3n por 17\u00b0 vez en su historia.<\/p>\n<p>Sin embargo, <b>el camino de Maher hacia el \u00e9xito no ha sido f\u00e1cil.<\/b> Su madre, Cristina, comparti\u00f3 con <i>Generaci\u00f3n F<\/i> por ESPN los sacrificios que la familia tuvo que enfrentar desde que dejaron su provincia natal en Santiago del Estero para apoyar la carrera futbol\u00edstica de su hijo.<\/p>\n<p>\u201c<b>No paro de llorar, todo este presente de mi hijo lo vivimos a full.<\/b> Estamos todos felices, la familia m\u00e1s que orgullosa por \u00e9l. La hemos luchado much\u00edsimo, con muchos sacrificios de parte de \u00e9l que a pesar de tantos obst\u00e1culos ha podido sobrellevar toda la situaci\u00f3n, los malos momentos y seguir adelante. A nosotros nos cuesta el doble, donde los primeros dos a\u00f1os fueron de adaptaci\u00f3n, pero hoy solo le digo que sea feliz y disfrute de todo esto\u201d, expres\u00f3 Cristina.<\/p>\n<p>Por su parte, el futbolista relat\u00f3 emocionado c\u00f3mo, al llegar a Buenos Aires, sufrieron el robo de un auto nuevo y <b>enfrentaron dificultades econ\u00f3micas que los llevaron a vivir en un colch\u00f3n en el suelo. <\/b>Sin embargo, la familia de un compa\u00f1ero de equipo, el paraguayo Lucas Gim\u00e9nez, les ofreci\u00f3 un techo, un gesto por el cual siempre estar\u00e1n agradecidos.<\/p>\n<p>\u201cHemos vivido muchas cosas malas, nos han quemado un auto 0km cuando llegamos el primer a\u00f1o, nos han querido robar y ha sido muy feo porque all\u00e1 (en Santiago) eso no lo hab\u00edamos vivido. Nos est\u00e1bamos quedando sin departamento en el segundo a\u00f1o, viv\u00edamos y dorm\u00edamos en un colch\u00f3n en el piso porque nos est\u00e1bamos quedando sin la casa. Ah\u00ed fue cuando apareci\u00f3 la familia de mi compa\u00f1ero Lucas Gim\u00e9nez, que son paraguayos y toda la vida les voy a estar agradecido porque me dieron un techo a m\u00ed, a mi mam\u00e1 y mi hermano\u201d, explic\u00f3 Carrizo.<\/p>\n<p>Carrizo, quien tiene grandes proyecciones en las divisiones menores de la selecci\u00f3n argentina, tambi\u00e9n <b>expres\u00f3 su profundo amor y gratitud hacia su madre, reconociendo que su apoyo incondicional fue fundamental en su carrera.<\/b> \u201cTodo esto es por ella. Es una guerrera, la amo much\u00edsimo\u201d, afirm\u00f3 el joven futbolista, destacando el papel crucial que su madre tuvo en su vida.<\/p>\n<p>Pero las palabras de agradecimiento, no ser\u00edan todo. Minutos antes de finalizar la entrevista, Maher sorprendi\u00f3 a su madre con un gran anuncio: <b>\u201cMi sue\u00f1o era comprarle una casa a mi mam\u00e1.<\/b> Ahora, enfrente de todos no quer\u00eda decirlo porque era una sorpresa para ella, pero le digo que ya est\u00e1,<b> ahora cuando volvamos a Santiago tengo la casa preparada para ella. Que la disfrutes mucho, ma, te amo\u201d.<\/b><\/p>\n<p>Cristina, visiblemente emocionada, no pudo contener las l\u00e1grimas y\u00a0 se mostr\u00f3 orgullosa por el presente de su hijo. \u201cTengo una mezcla de sensaciones, emoci\u00f3n y recuerdos de cuando \u00e9l jugaba en reserva. Yo dec\u00eda alg\u00fan d\u00eda mi hijo tiene que estar en Primera, \u00e9l va a llegar, \u00e9l puede&#8230; Es un chico muy profesional y temperamental, es ganador y tiene hambre de gloria. Gracias a Dios se nos ha dado\u201d, destac\u00f3.\u00a0<\/p>\n<p>Y cerr\u00f3 con un profundo mensaje: <b>\u201cTe amo con toda mi alma, y siempre voy a estar al lado tuyo y de tu hermano acompa\u00f1\u00e1ndolos.<\/b> Donde sea que les toque jugar, ah\u00ed voy a estar hasta el d\u00eda que me muera. A ser feliz y disfrutar, es lo m\u00e1s importante\u201d.<\/p>\n<h2>Un pibe con futuro<\/h2>\n<p>Maher Carrizo <b>acaba de extender su contrato con V\u00e9lez Sarsfield 31 de diciembre de 2026.<\/b> A sus 18 a\u00f1os, el joven delantero ha demostrado ser una promesa en ascenso en el f\u00fatbol argentino, destac\u00e1ndose por su capacidad goleadora y su deseo de alcanzar el \u00e9xito en el deporte.<\/p>\n<p><b>Nacido Santiago del Estero, firm\u00f3 su primer contrato profesional el 21 de septiembre del a\u00f1o pasado<\/b>, con vigencia inicial hasta finales de 2025. Sin embargo, su rendimiento y potencial han llevado al club de Liniers a prolongar su v\u00ednculo por un a\u00f1o m\u00e1s.\u00a0<\/p>\n<p>Desde principios de 2023, Carrizo<b> tuvo un papel destacado en la Sexta Divisi\u00f3n, <\/b>donde fue campe\u00f3n y m\u00e1ximo goleador. Su progreso continu\u00f3 con su debut en la Reserva, donde anot\u00f3 un gol el 11 de abril. Esto le vali\u00f3 la confianza del entrenador Gustavo Quinteros, quien lo promovi\u00f3 a Primera Divisi\u00f3n.<\/p>\n<p>Maher, que se inici\u00f3 futbol\u00edsticamente en la Escuelita de F\u00fatbol del Club Sarmiento de La Banda, es un verdadero orgullo para su ciudad natal por los importantes pasos que viene dando en su carrera.<b> Adem\u00e1s de atravesar un gran momento con V\u00e9lez Sarsfield, fue convocado para la Selecci\u00f3n Argentina Sub-17<\/b>, cuando el combinado nacional se preparaba para disputar el Mundial en Indonesia en el mes de noviembre.<\/p>\n<p><!-- Live Blog Post --><\/div>\n<p><a href=\"https:\/\/www.pagina12.com.ar\/791447-la-mejor-jugada-de-una-de-la-joyitas-de-velez-campeon\">source<\/a><\/p>\n","protected":false},"excerpt":{"rendered":"<p>Maher Carrizo, el joven delantero de V\u00e9lez Sarsfield que fue una de las figuras destacadas&#8230;<\/p>\n","protected":false},"author":3,"featured_media":17258,"comment_status":"closed","ping_status":"closed","sticky":false,"template":"","format":"standard","meta":{"footnotes":""},"categories":[21],"tags":[],"class_list":["post-17257","post","type-post","status-publish","format-standard","has-post-thumbnail","hentry","category-deportes"],"featured_image_urls":{"full":["https:\/\/fmamiga909.com.ar\/wp-content\/uploads\/2024\/12\/wp-header-logo-268.png",960,540,false],"thumbnail":["https:\/\/fmamiga909.com.ar\/wp-content\/uploads\/2024\/12\/wp-header-logo-268-150x150.png",150,150,true],"medium":["https:\/\/fmamiga909.com.ar\/wp-content\/uploads\/2024\/12\/wp-header-logo-268-300x169.png",300,169,true],"medium_large":["https:\/\/fmamiga909.com.ar\/wp-content\/uploads\/2024\/12\/wp-header-logo-268.png",960,540,false],"large":["https:\/\/fmamiga909.com.ar\/wp-content\/uploads\/2024\/12\/wp-header-logo-268.png",640,360,false],"1536x1536":["https:\/\/fmamiga909.com.ar\/wp-content\/uploads\/2024\/12\/wp-header-logo-268.png",960,540,false],"2048x2048":["https:\/\/fmamiga909.com.ar\/wp-content\/uploads\/2024\/12\/wp-header-logo-268.png",960,540,false],"newsium-slider-full":["https:\/\/fmamiga909.com.ar\/wp-content\/uploads\/2024\/12\/wp-header-logo-268.png",960,540,false],"newsium-featured":["https:\/\/fmamiga909.com.ar\/wp-content\/uploads\/2024\/12\/wp-header-logo-268.png",960,540,false],"newsium-medium":["https:\/\/fmamiga909.com.ar\/wp-content\/uploads\/2024\/12\/wp-header-logo-268-720x475.png",720,475,true]},"author_info":{"display_name":"Fredy Giuliano","author_link":"https:\/\/fmamiga909.com.ar\/?author=3"},"category_info":"<a href=\"https:\/\/fmamiga909.com.ar\/?cat=21\" rel=\"category\">Deportes<\/a>","tag_info":"Deportes","comment_count":"0","_links":{"self":[{"href":"https:\/\/fmamiga909.com.ar\/index.php?rest_route=\/wp\/v2\/posts\/17257","targetHints":{"allow":["GET"]}}],"collection":[{"href":"https:\/\/fmamiga909.com.ar\/index.php?rest_route=\/wp\/v2\/posts"}],"about":[{"href":"https:\/\/fmamiga909.com.ar\/index.php?rest_route=\/wp\/v2\/types\/post"}],"author":[{"embeddable":true,"href":"https:\/\/fmamiga909.com.ar\/index.php?rest_route=\/wp\/v2\/users\/3"}],"replies":[{"embeddable":true,"href":"https:\/\/fmamiga909.com.ar\/index.php?rest_route=%2Fwp%2Fv2%2Fcomments&post=17257"}],"version-history":[{"count":0,"href":"https:\/\/fmamiga909.com.ar\/index.php?rest_route=\/wp\/v2\/posts\/17257\/revisions"}],"wp:featuredmedia":[{"embeddable":true,"href":"https:\/\/fmamiga909.com.ar\/index.php?rest_route=\/wp\/v2\/media\/17258"}],"wp:attachment":[{"href":"https:\/\/fmamiga909.com.ar\/index.php?rest_route=%2Fwp%2Fv2%2Fmedia&parent=17257"}],"wp:term":[{"taxonomy":"category","embeddable":true,"href":"https:\/\/fmamiga909.com.ar\/index.php?rest_route=%2Fwp%2Fv2%2Fcategories&post=17257"},{"taxonomy":"post_tag","embeddable":true,"href":"https:\/\/fmamiga909.com.ar\/index.php?rest_route=%2Fwp%2Fv2%2Ftags&post=17257"}],"curies":[{"name":"wp","href":"https:\/\/api.w.org\/{rel}","templated":true}]}}