{"id":17403,"date":"2024-12-26T01:02:14","date_gmt":"2024-12-26T01:02:14","guid":{"rendered":"https:\/\/fmamiga909.com.ar\/?p=17403"},"modified":"2024-12-26T01:02:14","modified_gmt":"2024-12-26T01:02:14","slug":"gustavo-quinteros-se-fue-de-velez-para-dirigir-en-brasil","status":"publish","type":"post","link":"https:\/\/fmamiga909.com.ar\/?p=17403","title":{"rendered":"Gustavo Quinteros se fue de V\u00e9lez \u00bfpara dirigir en Brasil?"},"content":{"rendered":"<div><!-- Body --><\/p>\n<p>El entrenador de <strong>V\u00e9lez,<\/strong> <strong>Gustavo Quinteros<\/strong> podr\u00eda dejar de dirigir al campe\u00f3n de la Liga Profesional para tomar el mando de <strong>Gremio <\/strong>de Brasil en el 2025.<\/p>\n<p>La versi\u00f3n indica que Quinteros tendr\u00eda todo acordado con el club brasile\u00f1o para dejar el pa\u00eds, y ponerse al mando del conjunto de Porto Alegre. Desde el medio <i>Zero Hora <\/i>informaron que la noticia se oficializar\u00eda en las pr\u00f3ximas horas.\u00a0<\/p>\n<p>Por otro lado, el entrenador argentino nacionalizado boliviano cuenta con un contrato con V\u00e9lez hasta el <strong>31 de diciembre <\/strong>de este a\u00f1o, despu\u00e9s de firmar por un a\u00f1o tras haber llegado a fines del 2023.<\/p>\n<p>Quinteros no dirigi\u00f3 al equipo en el \u00faltimo partido del a\u00f1o, en la final ante Estudiantes por el Trofeo de Campeones, que fue una derrota 3-0, ya que su \u00fanica hija se casaba ese mismo d\u00eda y decidi\u00f3 acompa\u00f1arla. El explic\u00f3 su decisi\u00f3n a los hinchas por medio de un comunicado: \u00abDeseo acompa\u00f1arla al altar y vivir junto a ella este momento tan especial\u00bb.<\/p>\n<p>Esto gener\u00f3 problemas en el equipo, ya que el mismo capit\u00e1n del conjunto de Liniers, <strong>Valent\u00edn G\u00f3mez,<\/strong> expres\u00f3 su descontento despu\u00e9s de perder por goleada ante los dirigidos por <strong>Eduardo Dom\u00ednguez:<\/strong>\u00a0\u00abSi bien \u00e9l es el l\u00edder y estar\u00eda bueno que siempre est\u00e9, hay cosas m\u00e1s importantes que el f\u00fatbol, es una realidad. Lo entiendo, pero <strong>tambi\u00e9n todos dejamos cosas de lado\u00bb.<\/strong><\/p>\n<p>Por \u00faltimo, desde los medios de Brasil informan que Quinteros tomar\u00eda el mando del equipo el pr\u00f3ximo <strong>8 de enero.<\/strong><\/p>\n<p>Desde V\u00e9lez parecer\u00eda haber sorpresa por la decisi\u00f3n del t\u00e9cnico, ya que su presidente <strong>Fabi\u00e1n Berlanga <\/strong>hab\u00eda asegurado, hace unos d\u00edas, que estaba llegando a un acuerdo con el entrenador para que contin\u00fae en el club. Al cierre de esta edici\u00f3n, el club lo despidi\u00f3 en redes sociales.<\/p>\n<div class=\"iframely-embed medium-embedded-content\" data-html=\"Jmx0O2Jsb2NrcXVvdGUgY2xhc3M9InR3aXR0ZXItdHdlZXQiIGRhdGEtZG50PSJ0cnVlIiBhbGlnbj0iY2VudGVyIiZndDsmbHQ7cCBsYW5nPSJlcyIgZGlyPSJsdHIiJmd0O8KhSGFzdGEgc2llbXByZSBHdXN0YXZvISZsdDticiZndDsmbHQ7YnImZ3Q7RWwgZW50cmVuYWRvciBkZWwgY2FtcGXDs24gZGVsIGbDunRib2wgYXJnZW50aW5vIGRlY2lkacOzIG5vIHJlbm92YXIgc3UgdsOtbmN1bG8gY29uIGVsIENsdWIuIMKhw4l4aXRvcyEgJmx0O2EgaHJlZj0iaHR0cHM6Ly90LmNvL0xVeTNFR0RMcmMiJmd0O3BpYy50d2l0dGVyLmNvbS9MVXkzRUdETHJjJmx0Oy9hJmd0OyZsdDsvcCZndDsmYW1wO21kYXNoOyBWw6lsZXogU2Fyc2ZpZWxkIChAVmVsZXopICZsdDthIGhyZWY9Imh0dHBzOi8vdHdpdHRlci5jb20vVmVsZXovc3RhdHVzLzE4NzIwNjEyMjk4MTgzMTkzMzE\/cmVmX3NyYz10d3NyYyU1RXRmdyImZ3Q7RGVjZW1iZXIgMjUsIDIwMjQmbHQ7L2EmZ3Q7Jmx0Oy9ibG9ja3F1b3RlJmd0OwombHQ7c2NyaXB0IGFzeW5jIHNyYz0iaHR0cHM6Ly9wbGF0Zm9ybS50d2l0dGVyLmNvbS93aWRnZXRzLmpzIiBjaGFyc2V0PSJ1dGYtOCImZ3Q7Jmx0Oy9zY3JpcHQmZ3Q7CgombHQ7ZGl2IGNsYXNzPSJtZWRpdW0taW5zZXJ0LWVtYmVkcy1tZXRhIiZndDsmbHQ7c2NyaXB0IHR5cGU9InRleHQvanNvbiImZ3Q7eyJ1cmwiOiJodHRwczovL3R3aXR0ZXIuY29tL1ZlbGV6L3N0YXR1cy8xODcyMDYxMjI5ODE4MzE5MzMxIiwidHlwZSI6InJpY2giLCJ2ZXJzaW9uIjoiMS4wIiwidGl0bGUiOiJWw6lsZXogU2Fyc2ZpZWxkIG9uIFR3aXR0ZXIgLyBYIiwiYXV0aG9yIjoiVsOpbGV6IFNhcnNmaWVsZCIsImF1dGhvcl91cmwiOiJodHRwczovL3R3aXR0ZXIuY29tL1ZlbGV6IiwicHJvdmlkZXJfbmFtZSI6IlR3aXR0ZXIiLCJkZXNjcmlwdGlvbiI6IsKhSGFzdGEgc2llbXByZSBHdXN0YXZvIUVsIGVudHJlbmFkb3IgZGVsIGNhbXBlw7NuIGRlbCBmw7p0Ym9sIGFyZ2VudGlubyBkZWNpZGnDsyBubyByZW5vdmFyIHN1IHbDrW5jdWxvIGNvbiBlbCBDbHViLiDCocOJeGl0b3MhIHBpYy50d2l0dGVyLmNvbS9MVXkzRUdETHJj4oCUIFbDqWxleiBTYXJzZmllbGQgKEBWZWxleikgRGVjZW1iZXIgMjUsIDIwMjRcblxuXG4iLCJ0aHVtYm5haWxfdXJsIjoiaHR0cHM6Ly9wYnMudHdpbWcuY29tL21lZGlhL0dmcmx4RUJXd0FBRkgway5qcGc6bGFyZ2UiLCJ0aHVtYm5haWxfd2lkdGgiOjEwODAsInRodW1ibmFpbF9oZWlnaHQiOjEwODAsImNhY2hlX2FnZSI6ODY0MDAsIm9wdGlvbnMiOnsiX2hpZGVfbWVkaWEiOnsibGFiZWwiOiJIaWRlIHBob3RvcywgdmlkZW9zLCBhbmQgY2FyZHMiLCJ2YWx1ZSI6ZmFsc2V9LCJfdGhlbWUiOnsidmFsdWUiOiIiLCJ2YWx1ZXMiOnsiZGFyayI6IlVzZSBkYXJrIHRoZW1lIn19LCJfbWF4d2lkdGgiOnsidmFsdWUiOiIiLCJsYWJlbCI6IkFkanVzdCB3aWR0aCIsInBsYWNlaG9sZGVyIjoiMjIwLTU1MCwgaW4gcHgifX19Jmx0Oy9zY3JpcHQmZ3Q7Jmx0Oy9kaXYmZ3Q7\">\n                <a data-iframely-url=\"\" href=\"https:\/\/twitter.com\/Velez\/status\/1872061229818319331\">https:\/\/twitter.com\/Velez\/status\/1872061229818319331<\/a>\n              <\/div>\n<p>            <!-- Live Blog Post --><\/div>\n<p><script async src=\"\/\/platform.twitter.com\/widgets.js\" charset=\"utf-8\"><\/script><br \/><a href=\"https:\/\/www.pagina12.com.ar\/792812-gustavo-quinteros-se-iria-de-velez-para-dirigir-en-brasil\">source<\/a><\/p>\n","protected":false},"excerpt":{"rendered":"<p>El entrenador de V\u00e9lez, Gustavo Quinteros podr\u00eda dejar de dirigir al campe\u00f3n de la Liga&#8230;<\/p>\n","protected":false},"author":3,"featured_media":17404,"comment_status":"closed","ping_status":"closed","sticky":false,"template":"","format":"standard","meta":{"footnotes":""},"categories":[21],"tags":[],"class_list":["post-17403","post","type-post","status-publish","format-standard","has-post-thumbnail","hentry","category-deportes"],"featured_image_urls":{"full":["https:\/\/fmamiga909.com.ar\/wp-content\/uploads\/2024\/12\/wp-header-logo-335.png",960,540,false],"thumbnail":["https:\/\/fmamiga909.com.ar\/wp-content\/uploads\/2024\/12\/wp-header-logo-335-150x150.png",150,150,true],"medium":["https:\/\/fmamiga909.com.ar\/wp-content\/uploads\/2024\/12\/wp-header-logo-335-300x169.png",300,169,true],"medium_large":["https:\/\/fmamiga909.com.ar\/wp-content\/uploads\/2024\/12\/wp-header-logo-335.png",960,540,false],"large":["https:\/\/fmamiga909.com.ar\/wp-content\/uploads\/2024\/12\/wp-header-logo-335.png",640,360,false],"1536x1536":["https:\/\/fmamiga909.com.ar\/wp-content\/uploads\/2024\/12\/wp-header-logo-335.png",960,540,false],"2048x2048":["https:\/\/fmamiga909.com.ar\/wp-content\/uploads\/2024\/12\/wp-header-logo-335.png",960,540,false],"newsium-slider-full":["https:\/\/fmamiga909.com.ar\/wp-content\/uploads\/2024\/12\/wp-header-logo-335.png",960,540,false],"newsium-featured":["https:\/\/fmamiga909.com.ar\/wp-content\/uploads\/2024\/12\/wp-header-logo-335.png",960,540,false],"newsium-medium":["https:\/\/fmamiga909.com.ar\/wp-content\/uploads\/2024\/12\/wp-header-logo-335-720x475.png",720,475,true]},"author_info":{"display_name":"Fredy Giuliano","author_link":"https:\/\/fmamiga909.com.ar\/?author=3"},"category_info":"<a href=\"https:\/\/fmamiga909.com.ar\/?cat=21\" rel=\"category\">Deportes<\/a>","tag_info":"Deportes","comment_count":"0","_links":{"self":[{"href":"https:\/\/fmamiga909.com.ar\/index.php?rest_route=\/wp\/v2\/posts\/17403","targetHints":{"allow":["GET"]}}],"collection":[{"href":"https:\/\/fmamiga909.com.ar\/index.php?rest_route=\/wp\/v2\/posts"}],"about":[{"href":"https:\/\/fmamiga909.com.ar\/index.php?rest_route=\/wp\/v2\/types\/post"}],"author":[{"embeddable":true,"href":"https:\/\/fmamiga909.com.ar\/index.php?rest_route=\/wp\/v2\/users\/3"}],"replies":[{"embeddable":true,"href":"https:\/\/fmamiga909.com.ar\/index.php?rest_route=%2Fwp%2Fv2%2Fcomments&post=17403"}],"version-history":[{"count":0,"href":"https:\/\/fmamiga909.com.ar\/index.php?rest_route=\/wp\/v2\/posts\/17403\/revisions"}],"wp:featuredmedia":[{"embeddable":true,"href":"https:\/\/fmamiga909.com.ar\/index.php?rest_route=\/wp\/v2\/media\/17404"}],"wp:attachment":[{"href":"https:\/\/fmamiga909.com.ar\/index.php?rest_route=%2Fwp%2Fv2%2Fmedia&parent=17403"}],"wp:term":[{"taxonomy":"category","embeddable":true,"href":"https:\/\/fmamiga909.com.ar\/index.php?rest_route=%2Fwp%2Fv2%2Fcategories&post=17403"},{"taxonomy":"post_tag","embeddable":true,"href":"https:\/\/fmamiga909.com.ar\/index.php?rest_route=%2Fwp%2Fv2%2Ftags&post=17403"}],"curies":[{"name":"wp","href":"https:\/\/api.w.org\/{rel}","templated":true}]}}