{"id":17405,"date":"2024-12-26T15:45:20","date_gmt":"2024-12-26T15:45:20","guid":{"rendered":"https:\/\/fmamiga909.com.ar\/?p=17405"},"modified":"2024-12-26T15:45:20","modified_gmt":"2024-12-26T15:45:20","slug":"quinteros-explico-las-razones-por-las-que-se-va-de-velez","status":"publish","type":"post","link":"https:\/\/fmamiga909.com.ar\/?p=17405","title":{"rendered":"Quinteros explic\u00f3 las razones por las que se va de V\u00e9lez"},"content":{"rendered":"<div><!-- Body --><\/p>\n<p>La noticia lleg\u00f3 con p\u00e9simo regalo navide\u00f1o: en la noche del mi\u00e9rcoles,<b> V\u00e9lez confirm\u00f3 la salida de su entrenador, Gustavo Quinteros,<\/b> y el propio t\u00e9cnico lo corrobor\u00f3 con un video, en el que se despidi\u00f3 de los hinchas y brind\u00f3 su versi\u00f3n sobre los motivos por los cuales no renov\u00f3 el vinculo. <b>\u00abNo hemos podido llegar a un acuerdo para la continuidad\u00bb, argument\u00f3 el DT<\/b>, m\u00e1s all\u00e1 de su agradecimiento la directiva encabezada por Fabi\u00e1n Berlanga.<\/p>\n<p>A trav\u00e9s de sus redes sociales, V\u00e9lez confirm\u00f3 la salida de Quinteros, tras lo que fue la consagraci\u00f3n en la Liga Profesional. <b>El club le agradeci\u00f3 su compromiso aunque aclar\u00f3 que fue su decisi\u00f3n no prorrogar el v\u00ednculo<\/b>. Horas despu\u00e9s, el ex entrenador de la selecci\u00f3n de Bolivia comparti\u00f3 un video en el que argument\u00f3 su salida: \u00ab<b>Se dijeron muchas cosas, se dicen muchas cosas que no son ciertas\u2026\u00bb, comenz\u00f3 Quinteros.<\/b><\/p>\n<div class=\"iframely-embed medium-embedded-content\" data-html=\"Jmx0O2RpdiZndDsmbHQ7ZGl2IHN0eWxlPSJsZWZ0OiAwOyB3aWR0aDogMTAwJTsgaGVpZ2h0OiAwOyBwb3NpdGlvbjogcmVsYXRpdmU7IHBhZGRpbmctYm90dG9tOiA1Ni4wNDE3JTsiJmd0OyZsdDtpZnJhbWUgc3JjPSJodHRwczovL2lmcmFtZWx5LnBhZ2luYTEyLmNvbS5hci9hcGkvaWZyYW1lP2NsaWNrX3RvX3BsYXk9MSZhbXA7dXJsPWh0dHBzJTNBJTJGJTJGZ2VvLmRhaWx5bW90aW9uLmNvbSUyRnBsYXllciUyRnh0NWVlLmh0bWwlM0Z2aWRlbyUzRHg5YmQ5MDYmYW1wO2tleT00Njc2YjVmZGMwODMyNTdlYTg3ZjcxNjA4Yzc0ZTlmZSIgc3R5bGU9InRvcDogMDsgbGVmdDogMDsgd2lkdGg6IDEwMCU7IGhlaWdodDogMTAwJTsgcG9zaXRpb246IGFic29sdXRlOyBib3JkZXI6IDA7IiBhbGxvd2Z1bGxzY3JlZW4gc2Nyb2xsaW5nPSJubyIgYWxsb3c9ImVuY3J5cHRlZC1tZWRpYSAqOyImZ3Q7Jmx0Oy9pZnJhbWUmZ3Q7Jmx0Oy9kaXYmZ3Q7Jmx0Oy9kaXYmZ3Q7Jmx0O2RpdiBjbGFzcz0ibWVkaXVtLWluc2VydC1lbWJlZHMtbWV0YSImZ3Q7Jmx0O3NjcmlwdCB0eXBlPSJ0ZXh0L2pzb24iJmd0O3sidXJsIjoiaHR0cHM6Ly9nZW8uZGFpbHltb3Rpb24uY29tL3BsYXllci94dDVlZS5odG1sP3ZpZGVvPXg5YmQ5MDYiLCJ0eXBlIjoidmlkZW8iLCJ2ZXJzaW9uIjoiMS4wIiwidGl0bGUiOiJcIk11Y2hhIHRyaXN0ZXphLCBtdWNoYSBhbmd1c3RpYVwiOiBRdWludGVyb3MgY29uZmlybWEgcXVlIHJlbnVuY2lhIGNvbW8gRFQgZGUgVsOpbGV6IiwiYXV0aG9yIjoiUMOhZ2luYTEyIiwiYXV0aG9yX3VybCI6Imh0dHBzOi8vd3d3LmRhaWx5bW90aW9uLmNvbS9QYWdpbmExMiIsInByb3ZpZGVyX25hbWUiOiJEYWlseW1vdGlvbiIsImRlc2NyaXB0aW9uIjoiMjYvMTIvMjAyNCIsInRodW1ibmFpbF91cmwiOiJodHRwczovL3MxLmRtY2RuLm5ldC92L1hhbnRNMWRSTDNDOEhuaUpnL3g3MjAiLCJ0aHVtYm5haWxfd2lkdGgiOjEyODAsInRodW1ibmFpbF9oZWlnaHQiOjcyMCwiY2FjaGVfYWdlIjo4NjQwMH0mbHQ7L3NjcmlwdCZndDsmbHQ7L2RpdiZndDs=\">\n                <a data-iframely-url=\"\" href=\"https:\/\/geo.dailymotion.com\/player\/xt5ee.html?video=x9bd906\">https:\/\/geo.dailymotion.com\/player\/xt5ee.html?video=x9bd906<\/a>\n              <\/div>\n<p>\u00abComo entrenador tengo objetivos profesionales que cumplir tambi\u00e9n y la verdad que <b>despu\u00e9s de estos d\u00edas no hemos podido llegar a un acuerdo para la continuidad.<\/b> Pero quiero agradecer a Fabi\u00e1n (Berlanga) por la confianza, a la Junta Directiva por haberme dado la posibilidad de dirigir a este gran club y <b>estoy muy tranquilo de haber hecho un excelente trabajo junto a mi cuerpo t\u00e9cnico, junto a los jugadores, junto a todo el staff, a toda la gente que trabaja en el club\u00bb<\/b>, remarc\u00f3 Quinteros.\u00a0<\/p>\n<p><b>El director t\u00e9cnico sac\u00f3 campe\u00f3n al equipo de Liniers en la Liga Profesional.<\/b> Adem\u00e1s, perdi\u00f3 a la final de la Copa Argentina ante Central C\u00f3rdoba y el Trofeo de Campeones ante Estudiantes de La Plata. Y en el primer semestre tambi\u00e9n hab\u00eda perdido la definici\u00f3n de la Copa de la Liga ante el conjunto platense.\u00a0<\/p>\n<p>\u00abLlegamos a tres finales, salimos campeones del f\u00fatbol argentino, de la Liga del f\u00fatbol argentino, clasificamos a la Libertadores, fuimos los primeros en el campeonato, los primeros en la tabla anual y creo que un equipo que jug\u00f3 la mayor\u00eda de los partidos de la mejor manera y el hincha as\u00ed lo agradeci\u00f3. <b>As\u00ed que terminamos una temporada maravillosa poniendo a V\u00e9lez Sarsfield en el lugar donde siempre tuvo que estar<\/b>, en lo m\u00e1s alto y haci\u00e9ndolo campe\u00f3n. <b>La verdad que me voy dolido porque quiero mucho a este club. <\/b>Tengo mucho cari\u00f1o, tanto yo como toda mi familia y.<b> Y ojal\u00e1 que este no sea un adi\u00f3s, sino un hasta pronto\u00bb<\/b>, concluy\u00f3 Quinteros.<\/p>\n<p>El entrenador decidi\u00f3 no renovar su contrato con V\u00e9lez que ten\u00eda vigencia hasta el 31 de diciembre proximo, despu\u00e9s de firmar por un a\u00f1o tras haber llegado a fines de 2023. <b>Quinteros no dirigi\u00f3 al \u00abFort\u00edn\u00bb en el \u00faltimo partido del a\u00f1o, en la final ante del Trofeo de Campeones -que fue una derrota por 3-0-, ya que su \u00fanica hija se casaba ese mismo d\u00eda y decidi\u00f3 acompa\u00f1arla. <\/b>A trav\u00e9s de un comunicado, explic\u00f3 su decisi\u00f3n a los hinchas: \u00abDeseo acompa\u00f1arla al altar y vivir junto a ella este momento tan especial\u00bb.<\/p>\n<p>   Esto gener\u00f3 problemas en el equipo, ya que el mismo capit\u00e1n del conjunto de Liniers, Valent\u00edn G\u00f3mez, expres\u00f3 su descontento despu\u00e9s de perder por goleada ante los dirigidos por Eduardo Dom\u00ednguez. <b>\u00abSi bien \u00e9l es el l\u00edder y estar\u00eda bueno que siempre est\u00e9, hay cosas m\u00e1s importantes que el f\u00fatbol, es una realidad. Lo entiendo, pero tambi\u00e9n todos dejamos cosas de lado\u00bb<\/b>, argument\u00f3 el defensor.<\/p>\n<p>Para la directiva, la decisi\u00f3n del t\u00e9cnico parece haber sido sorpresiva, ya que<b> su presidente Fabi\u00e1n Berlanga hab\u00eda asegurado, hace unos d\u00edas, que estaba llegando a un acuerdo con el entrenador para que contin\u00fae en el club,<\/b> al afirmar que lo \u00fanico que faltaba era reunirse por cuestiones deportivas, ya que lo econ\u00f3mico estaba arreglado.<\/p>\n<p>Si bien Quinteros no brind\u00f3 pistas sobre su futuro, <b>la prensa brasile\u00f1a asegura que el t\u00e9cnico tendr\u00eda todo acordado para tomar las riendas del Gremio de Porto Alegre<\/b>, que no jugar\u00e1 ninguna copa internacional en el 2025 tras haber quedado en el decimocuarto puesto del Brasileirao. Desde el medio<b> Zero Hora<\/b> informaron que l<b>a noticia se oficializar\u00eda despu\u00e9s de navidad<\/b>, mientras que <b>diferentes medios aseguraron que Quinteros tomar\u00eda el mando del \u00abMaior do Sul\u00bb el pr\u00f3ximo 8 de enero.<\/b><\/p>\n<p><!-- Live Blog Post --><\/div>\n<p><a href=\"https:\/\/www.pagina12.com.ar\/792923-quinteros-explico-las-razones-por-las-que-se-va-de-velez\">source<\/a><\/p>\n","protected":false},"excerpt":{"rendered":"<p>La noticia lleg\u00f3 con p\u00e9simo regalo navide\u00f1o: en la noche del mi\u00e9rcoles, V\u00e9lez confirm\u00f3 la&#8230;<\/p>\n","protected":false},"author":3,"featured_media":17406,"comment_status":"closed","ping_status":"closed","sticky":false,"template":"","format":"standard","meta":{"footnotes":""},"categories":[21],"tags":[],"class_list":["post-17405","post","type-post","status-publish","format-standard","has-post-thumbnail","hentry","category-deportes"],"featured_image_urls":{"full":["https:\/\/fmamiga909.com.ar\/wp-content\/uploads\/2024\/12\/wp-header-logo-336.png",960,540,false],"thumbnail":["https:\/\/fmamiga909.com.ar\/wp-content\/uploads\/2024\/12\/wp-header-logo-336-150x150.png",150,150,true],"medium":["https:\/\/fmamiga909.com.ar\/wp-content\/uploads\/2024\/12\/wp-header-logo-336-300x169.png",300,169,true],"medium_large":["https:\/\/fmamiga909.com.ar\/wp-content\/uploads\/2024\/12\/wp-header-logo-336.png",960,540,false],"large":["https:\/\/fmamiga909.com.ar\/wp-content\/uploads\/2024\/12\/wp-header-logo-336.png",640,360,false],"1536x1536":["https:\/\/fmamiga909.com.ar\/wp-content\/uploads\/2024\/12\/wp-header-logo-336.png",960,540,false],"2048x2048":["https:\/\/fmamiga909.com.ar\/wp-content\/uploads\/2024\/12\/wp-header-logo-336.png",960,540,false],"newsium-slider-full":["https:\/\/fmamiga909.com.ar\/wp-content\/uploads\/2024\/12\/wp-header-logo-336.png",960,540,false],"newsium-featured":["https:\/\/fmamiga909.com.ar\/wp-content\/uploads\/2024\/12\/wp-header-logo-336.png",960,540,false],"newsium-medium":["https:\/\/fmamiga909.com.ar\/wp-content\/uploads\/2024\/12\/wp-header-logo-336-720x475.png",720,475,true]},"author_info":{"display_name":"Fredy Giuliano","author_link":"https:\/\/fmamiga909.com.ar\/?author=3"},"category_info":"<a href=\"https:\/\/fmamiga909.com.ar\/?cat=21\" rel=\"category\">Deportes<\/a>","tag_info":"Deportes","comment_count":"0","_links":{"self":[{"href":"https:\/\/fmamiga909.com.ar\/index.php?rest_route=\/wp\/v2\/posts\/17405","targetHints":{"allow":["GET"]}}],"collection":[{"href":"https:\/\/fmamiga909.com.ar\/index.php?rest_route=\/wp\/v2\/posts"}],"about":[{"href":"https:\/\/fmamiga909.com.ar\/index.php?rest_route=\/wp\/v2\/types\/post"}],"author":[{"embeddable":true,"href":"https:\/\/fmamiga909.com.ar\/index.php?rest_route=\/wp\/v2\/users\/3"}],"replies":[{"embeddable":true,"href":"https:\/\/fmamiga909.com.ar\/index.php?rest_route=%2Fwp%2Fv2%2Fcomments&post=17405"}],"version-history":[{"count":0,"href":"https:\/\/fmamiga909.com.ar\/index.php?rest_route=\/wp\/v2\/posts\/17405\/revisions"}],"wp:featuredmedia":[{"embeddable":true,"href":"https:\/\/fmamiga909.com.ar\/index.php?rest_route=\/wp\/v2\/media\/17406"}],"wp:attachment":[{"href":"https:\/\/fmamiga909.com.ar\/index.php?rest_route=%2Fwp%2Fv2%2Fmedia&parent=17405"}],"wp:term":[{"taxonomy":"category","embeddable":true,"href":"https:\/\/fmamiga909.com.ar\/index.php?rest_route=%2Fwp%2Fv2%2Fcategories&post=17405"},{"taxonomy":"post_tag","embeddable":true,"href":"https:\/\/fmamiga909.com.ar\/index.php?rest_route=%2Fwp%2Fv2%2Ftags&post=17405"}],"curies":[{"name":"wp","href":"https:\/\/api.w.org\/{rel}","templated":true}]}}