{"id":17555,"date":"2025-01-02T23:10:37","date_gmt":"2025-01-02T23:10:37","guid":{"rendered":"https:\/\/fmamiga909.com.ar\/?p=17555"},"modified":"2025-01-02T23:10:37","modified_gmt":"2025-01-02T23:10:37","slug":"san-lorenzo-ficho-a-emanuel-cecchini-y-es-su-primer-refuerzo","status":"publish","type":"post","link":"https:\/\/fmamiga909.com.ar\/?p=17555","title":{"rendered":"San Lorenzo fich\u00f3 a Emanuel Cecchini y es su primer refuerzo\u00a0"},"content":{"rendered":"<div><!-- Body --><\/p>\n<p>El mediocampista central <b>Emanuel Cecchini<\/b>, de 28 a\u00f1os, <b>se convirti\u00f3 en el primer refuerzo de San Lorenzo <\/b>para la temporada 2025 y se sumar\u00e1 en breve a la pretemporada bajo las \u00f3rdenes de Miguel Angel Russo.<\/p>\n<p>El jugador llega en condici\u00f3n de <b>libre tras su paso por el Audax Italiano de Chile<\/b>, donde disput\u00f3 26 partidos, marc\u00f3 un gol y brind\u00f3 una asistencia en la \u00faltima temporada.<\/p>\n<p><b>Con un contrato hasta diciembre de 2025<\/b>, <b>Cecchini buscar\u00e1 aportar su experiencia adquirida en<\/b> equipos como <b>Banfield, Gimnasia La Plata y Uni\u00f3n de Santa Fe. <\/b>Este fichaje representa una apuesta del club por fortalecer el mediocampo, mientras intenta salir de la crisis deportiva e institucional que ha marcado los \u00faltimos meses.<\/p>\n<p>La incorporaci\u00f3n de Cecchini se suma a la reestructuraci\u00f3n que San Lorenzo est\u00e1 llevando a cabo para encarar los desaf\u00edos de la pr\u00f3xima temporada. <b>Tanto en el plantel como en el \u00e1rea dirigencial, el club busca recuperar el protagonismo <\/b>que hist\u00f3ricamente lo ha caracterizado en el f\u00fatbol argentino.<\/p>\n<h2>Un conocido se sum\u00f3 como manager<\/h2>\n<p><b>En el \u00e1mbito institucional, el Cicl\u00f3n tambi\u00e9n sum\u00f3 un refuerzo de peso fuera del campo de juego: Carlos \u00abLa Roca\u00bb S\u00e1nchez asumi\u00f3 como nuevo manager<\/b> del club. <b>Tras retirarse del f\u00fatbol en Barracas Central<\/b>, S\u00e1nchez regresa a San Lorenzo con el objetivo de liderar un renovado Departamento de F\u00fatbol, en coordinaci\u00f3n con el vicepresidente primero, N\u00e9stor Navarro.<\/p>\n<p>\u00abLa Roca\u00bb expres\u00f3 su entusiasmo por este nuevo desaf\u00edo en una entrevista radial, en donde destac\u00f3 su preparaci\u00f3n para asumir el rol. <b>\u00abHe hecho el curso de manager, estoy haciendo el de t\u00e9cnico y hablo cinco idiomas: franc\u00e9s, ingl\u00e9s, italiano, portugu\u00e9s y espa\u00f1ol\u00bb, se\u00f1al\u00f3.<\/b><\/p>\n<p>Con su experiencia como futbolista y su formaci\u00f3n espec\u00edfica, <b>S\u00e1nchez aspira a aportar una visi\u00f3n renovadora para mejorar la conexi\u00f3n entre la dirigencia y los jugadores<\/b>, un paso clave para que el club pueda encarar con \u00e9xito esta nueva etapa.<\/p>\n<p><!-- Live Blog Post --><\/div>\n<p><a href=\"https:\/\/www.pagina12.com.ar\/794276-san-lorenzo-ficho-a-emanuel-cecchini-y-es-su-primer-refuerzo\">source<\/a><\/p>\n","protected":false},"excerpt":{"rendered":"<p>El mediocampista central Emanuel Cecchini, de 28 a\u00f1os, se convirti\u00f3 en el primer refuerzo de&#8230;<\/p>\n","protected":false},"author":3,"featured_media":17556,"comment_status":"closed","ping_status":"closed","sticky":false,"template":"","format":"standard","meta":{"footnotes":""},"categories":[21],"tags":[],"class_list":["post-17555","post","type-post","status-publish","format-standard","has-post-thumbnail","hentry","category-deportes"],"featured_image_urls":{"full":["https:\/\/fmamiga909.com.ar\/wp-content\/uploads\/2025\/01\/wp-header-logo-15.png",960,540,false],"thumbnail":["https:\/\/fmamiga909.com.ar\/wp-content\/uploads\/2025\/01\/wp-header-logo-15-150x150.png",150,150,true],"medium":["https:\/\/fmamiga909.com.ar\/wp-content\/uploads\/2025\/01\/wp-header-logo-15-300x169.png",300,169,true],"medium_large":["https:\/\/fmamiga909.com.ar\/wp-content\/uploads\/2025\/01\/wp-header-logo-15.png",960,540,false],"large":["https:\/\/fmamiga909.com.ar\/wp-content\/uploads\/2025\/01\/wp-header-logo-15.png",640,360,false],"1536x1536":["https:\/\/fmamiga909.com.ar\/wp-content\/uploads\/2025\/01\/wp-header-logo-15.png",960,540,false],"2048x2048":["https:\/\/fmamiga909.com.ar\/wp-content\/uploads\/2025\/01\/wp-header-logo-15.png",960,540,false],"newsium-slider-full":["https:\/\/fmamiga909.com.ar\/wp-content\/uploads\/2025\/01\/wp-header-logo-15.png",960,540,false],"newsium-featured":["https:\/\/fmamiga909.com.ar\/wp-content\/uploads\/2025\/01\/wp-header-logo-15.png",960,540,false],"newsium-medium":["https:\/\/fmamiga909.com.ar\/wp-content\/uploads\/2025\/01\/wp-header-logo-15-720x475.png",720,475,true]},"author_info":{"display_name":"Fredy Giuliano","author_link":"https:\/\/fmamiga909.com.ar\/?author=3"},"category_info":"<a href=\"https:\/\/fmamiga909.com.ar\/?cat=21\" rel=\"category\">Deportes<\/a>","tag_info":"Deportes","comment_count":"0","_links":{"self":[{"href":"https:\/\/fmamiga909.com.ar\/index.php?rest_route=\/wp\/v2\/posts\/17555","targetHints":{"allow":["GET"]}}],"collection":[{"href":"https:\/\/fmamiga909.com.ar\/index.php?rest_route=\/wp\/v2\/posts"}],"about":[{"href":"https:\/\/fmamiga909.com.ar\/index.php?rest_route=\/wp\/v2\/types\/post"}],"author":[{"embeddable":true,"href":"https:\/\/fmamiga909.com.ar\/index.php?rest_route=\/wp\/v2\/users\/3"}],"replies":[{"embeddable":true,"href":"https:\/\/fmamiga909.com.ar\/index.php?rest_route=%2Fwp%2Fv2%2Fcomments&post=17555"}],"version-history":[{"count":0,"href":"https:\/\/fmamiga909.com.ar\/index.php?rest_route=\/wp\/v2\/posts\/17555\/revisions"}],"wp:featuredmedia":[{"embeddable":true,"href":"https:\/\/fmamiga909.com.ar\/index.php?rest_route=\/wp\/v2\/media\/17556"}],"wp:attachment":[{"href":"https:\/\/fmamiga909.com.ar\/index.php?rest_route=%2Fwp%2Fv2%2Fmedia&parent=17555"}],"wp:term":[{"taxonomy":"category","embeddable":true,"href":"https:\/\/fmamiga909.com.ar\/index.php?rest_route=%2Fwp%2Fv2%2Fcategories&post=17555"},{"taxonomy":"post_tag","embeddable":true,"href":"https:\/\/fmamiga909.com.ar\/index.php?rest_route=%2Fwp%2Fv2%2Ftags&post=17555"}],"curies":[{"name":"wp","href":"https:\/\/api.w.org\/{rel}","templated":true}]}}