{"id":17563,"date":"2025-01-03T00:08:14","date_gmt":"2025-01-03T00:08:14","guid":{"rendered":"https:\/\/fmamiga909.com.ar\/?p=17563"},"modified":"2025-01-03T00:08:14","modified_gmt":"2025-01-03T00:08:14","slug":"boca-el-primero-en-iniciar-la-pretemporada","status":"publish","type":"post","link":"https:\/\/fmamiga909.com.ar\/?p=17563","title":{"rendered":"Boca, el primero en iniciar la pretemporada"},"content":{"rendered":"<div><!-- Body --><\/p>\n<p>Boca dio inicio este jueves a su pretemporada 2025, convirti\u00e9ndose en el primer equipo argentino en volver al trabajo tras 17 d\u00edas de descanso.\u00a0El plantel dirigido por Fernando Gago comenz\u00f3 las actividades en el predio del club con la mira puesta en un semestre repleto de compromisos importantes, entre los que destacan la Copa Libertadores y el ansiado Mundial de Clubes.<\/p>\n<p>La jornada inaugural inici\u00f3 a las 7.30 con estudios m\u00e9dicos y f\u00edsicos, donde los jugadores fueron evaluados en su peso y estado general tras las vacaciones, para luego realizar la primera pr\u00e1ctica.<\/p>\n<p>El cuerpo t\u00e9cnico, liderado por Gago, apost\u00f3 por un esquema de doble turno, con entrenamientos matutinos y vespertinos que se repetir\u00e1n hasta el viernes, d\u00eda en que los jugadores ser\u00e1n liberados tras concentrar en el predio.<\/p>\n<p>Durante el fin de semana, las pr\u00e1cticas ser\u00e1n menos exigentes, con una sola sesi\u00f3n matutina tanto el s\u00e1bado como el domingo. Este cronograma marca el comienzo de 21 d\u00edas de intensa preparaci\u00f3n, cuyo objetivo ser\u00e1 alcanzar un nivel f\u00edsico y t\u00e1ctico \u00f3ptimo para encarar los exigentes compromisos que esperan al club.\u00a0<\/p>\n<p>Boca ya tendr\u00eda confirmados dos encuentros en su agenda: el primer amistoso ser\u00e1 el mi\u00e9rcoles 15 de enero frente a Juventude de Brasil, en el Estadio San Nicol\u00e1s. Luego, el equipo podr\u00eda debutar oficialmente el 22 de enero en la Copa Argentina, enfrentando a Argentino de Monte Ma\u00edz.<\/p>\n<p>El calendario se intensificar\u00e1 en febrero, con el inicio de la Copa de la Liga y los dos partidos del repechaje de la Copa Libertadores: la ida ser\u00e1 el 18 de febrero y la vuelta, el 25, en La Bombonera.\u00a0<\/p>\n<p>El \u00fanico refuerzo confirmado hasta el momento es el delantero chileno Carlos Palacios, proveniente de Colo Colo. Sin embargo, Boca busca incorporar si es posible dos defensores centrales, un mediocampista creativo y otro volante para fortalecer el plantel.<\/p>\n<p>Algunos de los jugadores de los que se rumorearon en la semana son Ayrton Costa, Sergio Ramos, Giuliano Galoppo, Alan Velasco y Lucas Torreira.<\/p>\n<p><!-- Live Blog Post --><\/div>\n<p><a href=\"https:\/\/www.pagina12.com.ar\/794309-boca-el-primero-en-iniciar-la-pretemporada\">source<\/a><\/p>\n","protected":false},"excerpt":{"rendered":"<p>Boca dio inicio este jueves a su pretemporada 2025, convirti\u00e9ndose en el primer equipo argentino&#8230;<\/p>\n","protected":false},"author":3,"featured_media":17564,"comment_status":"closed","ping_status":"closed","sticky":false,"template":"","format":"standard","meta":{"footnotes":""},"categories":[21],"tags":[],"class_list":["post-17563","post","type-post","status-publish","format-standard","has-post-thumbnail","hentry","category-deportes"],"featured_image_urls":{"full":["https:\/\/fmamiga909.com.ar\/wp-content\/uploads\/2025\/01\/wp-header-logo-19.png",960,540,false],"thumbnail":["https:\/\/fmamiga909.com.ar\/wp-content\/uploads\/2025\/01\/wp-header-logo-19-150x150.png",150,150,true],"medium":["https:\/\/fmamiga909.com.ar\/wp-content\/uploads\/2025\/01\/wp-header-logo-19-300x169.png",300,169,true],"medium_large":["https:\/\/fmamiga909.com.ar\/wp-content\/uploads\/2025\/01\/wp-header-logo-19.png",960,540,false],"large":["https:\/\/fmamiga909.com.ar\/wp-content\/uploads\/2025\/01\/wp-header-logo-19.png",640,360,false],"1536x1536":["https:\/\/fmamiga909.com.ar\/wp-content\/uploads\/2025\/01\/wp-header-logo-19.png",960,540,false],"2048x2048":["https:\/\/fmamiga909.com.ar\/wp-content\/uploads\/2025\/01\/wp-header-logo-19.png",960,540,false],"newsium-slider-full":["https:\/\/fmamiga909.com.ar\/wp-content\/uploads\/2025\/01\/wp-header-logo-19.png",960,540,false],"newsium-featured":["https:\/\/fmamiga909.com.ar\/wp-content\/uploads\/2025\/01\/wp-header-logo-19.png",960,540,false],"newsium-medium":["https:\/\/fmamiga909.com.ar\/wp-content\/uploads\/2025\/01\/wp-header-logo-19-720x475.png",720,475,true]},"author_info":{"display_name":"Fredy Giuliano","author_link":"https:\/\/fmamiga909.com.ar\/?author=3"},"category_info":"<a href=\"https:\/\/fmamiga909.com.ar\/?cat=21\" rel=\"category\">Deportes<\/a>","tag_info":"Deportes","comment_count":"0","_links":{"self":[{"href":"https:\/\/fmamiga909.com.ar\/index.php?rest_route=\/wp\/v2\/posts\/17563","targetHints":{"allow":["GET"]}}],"collection":[{"href":"https:\/\/fmamiga909.com.ar\/index.php?rest_route=\/wp\/v2\/posts"}],"about":[{"href":"https:\/\/fmamiga909.com.ar\/index.php?rest_route=\/wp\/v2\/types\/post"}],"author":[{"embeddable":true,"href":"https:\/\/fmamiga909.com.ar\/index.php?rest_route=\/wp\/v2\/users\/3"}],"replies":[{"embeddable":true,"href":"https:\/\/fmamiga909.com.ar\/index.php?rest_route=%2Fwp%2Fv2%2Fcomments&post=17563"}],"version-history":[{"count":0,"href":"https:\/\/fmamiga909.com.ar\/index.php?rest_route=\/wp\/v2\/posts\/17563\/revisions"}],"wp:featuredmedia":[{"embeddable":true,"href":"https:\/\/fmamiga909.com.ar\/index.php?rest_route=\/wp\/v2\/media\/17564"}],"wp:attachment":[{"href":"https:\/\/fmamiga909.com.ar\/index.php?rest_route=%2Fwp%2Fv2%2Fmedia&parent=17563"}],"wp:term":[{"taxonomy":"category","embeddable":true,"href":"https:\/\/fmamiga909.com.ar\/index.php?rest_route=%2Fwp%2Fv2%2Fcategories&post=17563"},{"taxonomy":"post_tag","embeddable":true,"href":"https:\/\/fmamiga909.com.ar\/index.php?rest_route=%2Fwp%2Fv2%2Ftags&post=17563"}],"curies":[{"name":"wp","href":"https:\/\/api.w.org\/{rel}","templated":true}]}}