{"id":17569,"date":"2025-01-03T17:37:06","date_gmt":"2025-01-03T17:37:06","guid":{"rendered":"https:\/\/fmamiga909.com.ar\/?p=17569"},"modified":"2025-01-03T17:37:06","modified_gmt":"2025-01-03T17:37:06","slug":"sorpresa-en-racing-juanfer-quintero-aparecio-en-la-pretemporada","status":"publish","type":"post","link":"https:\/\/fmamiga909.com.ar\/?p=17569","title":{"rendered":"Sorpresa en Racing: Juanfer Quintero apareci\u00f3 en la pretemporada"},"content":{"rendered":"<div><!-- Body --><\/p>\n<p>Luego de exigir p\u00fablicamente ser vendido en este mercado de pases, <b>Juanfer Quintero<\/b> evit\u00f3 sumarle m\u00e1s pol\u00e9mica a su situaci\u00f3n en <b>Racing <\/b>y este viernes se aperson\u00f3 en el primer d\u00eda de la pretemporada acad\u00e9mica, que adem\u00e1s cont\u00f3 con la presentaci\u00f3n de <b>Diego Milito<\/b>, presidente electo en diciembre, y<b> Sebasti\u00e1n Saja<\/b>, nuevo director deportivo, ante el plantel.<\/p>\n<p>Tras una gran temporada donde conquist\u00f3 la Copa Sudamericana y rompi\u00f3 varios r\u00e9cords, el equipo dirigido por Gustavo Costas inici\u00f3 su preparaci\u00f3n para el primer semestre de 2025 en el predio Tita Mattiusi con<b> la sorpresiva presencia de Quintero<\/b> quien, hace algunos d\u00edas de vacaciones en Colombia, confes\u00f3 que prefiere quedarse en en su pa\u00eds. <b>\u00abSi se da todo, creo que se cierra el ciclo m\u00edo en la Argentina como jugador\u00bb<\/b>, hab\u00eda declarado.<\/p>\n<p>El enganche de 31 a\u00f1os se present\u00f3 a entrenar ya que <b>a\u00fan tiene contrato y busca no tener conflictos adicionales<\/b> con el club que revitaliz\u00f3 su carrera al comprar su ficha en 2023 luego de sus pasos por el f\u00fatbol chino y Junior de Barranquilla. Su representante, Rodrigo Riep, tambi\u00e9n lleg\u00f3 al pa\u00eds e <b>intentar\u00e1 que Racing baje los 5 millones de d\u00f3lares que solicita de resarcimiento para recuperar la inversi\u00f3n<\/b> hecha en su momento.<\/p>\n<div class=\"medium-insert-embeds\">\n<figure>\n<div class=\"medium-insert-embed\">\n<div align=\"center\">\n<figure role=\"group\" class=\"caption caption-div embedded-entity\"><figcaption>Quintero y Rojas bromean durante su reencuentro. (Prensa Racing).<\/figcaption><\/figure>\n<\/div><\/div>\n<\/figure>\n<\/div>\n<p>Quintero viene arrastrando situaciones familiares que lo llevan a preferir volver al f\u00fatbol colombiano y <b>tiene todo arreglado con el Am\u00e9rica de Cali<\/b>. El exRiver acord\u00f3 un contrato de tres a\u00f1os con los \u00abDiablos Rojos\u00bb <b>pero la oferta del club cale\u00f1o, por el momento, s\u00f3lo encontr\u00f3 carcajadas en Avellaneda: un mill\u00f3n de d\u00f3lares y en tres cuotas<\/b>.<\/p>\n<p>Juanfer lleg\u00f3 a Racing en agosto de 2023 para afrontar la serie de cuartos de final de Libertadores ante Boca pero su rendimiento estuvo lejos de lo esperado. Tras varios altibajos, <b>encontr\u00f3 su mejor forma bajo el mando de Costas y tuvo un rol muy preponderante en la Sudamericana<\/b>, sobre todo en la semifinal de vuelta ante Corinthians, cuando marc\u00f3 dos de los tres goles que hizo en la Copa.<\/p>\n<p>En total, jug\u00f3 54 partidos con una marca de 13 goles y 11 asistencias, aunque tambi\u00e9n sum\u00f3 muchas ausencias: 19 entre lesiones y cuestiones personales. De todos modos,<b> la vidriera acad\u00e9mica le sirvi\u00f3 para volver a la Selecci\u00f3n Colombia luego de un impasse de casi dos a\u00f1os<\/b>, que incluy\u00f3 su segundo paso por River, y ahora es una pieza habitual para el DT N\u00e9stor Lorenzo, que lo utiliza como recambio en los segundos tiempos.<\/p>\n<h2>Uno de tres<\/h2>\n<p>As\u00ed las cosas, <b>Quintero fue el \u00fanico de los tres colombianos de Racing que se hizo presente en el inicio de la pretemporada. No lo hicieron ni Roger Mart\u00ednez ni Johan Carbonero.<\/b> El nueve qued\u00f3 libre el 31 de diciembre y tiene en el Whatsapp una oferta de renovaci\u00f3n por dos a\u00f1os que aparentemente no competir\u00eda con las que tiende del exterior. Mientras que el extremo, de muy flojo final de temporada -no sali\u00f3 del banco en los \u00faltimos cuatro partidos de la Sudamericana, <b>peg\u00f3 el faltazo sin permiso y ser\u00e1 sancionado<\/b>. El exGimnasia tiene una oferta del Inter de Porto Alegre de Brasil para salir cedido.<\/p>\n<p>Respecto del \u00faltimo plantel, tampoco estuvieron el central <b>Leonardo Sigali,<\/b> quien se despidi\u00f3 del club tras exitosas siete temporadas, y el extremo <b>Agust\u00edn Urzi<\/b>, retornado a Ju\u00e1rez de M\u00e9xico tras un pr\u00e9stamo que no fue renovado.<\/p>\n<h2>Maravilla y los retornados<\/h2>\n<p>   En cuanto a <b>Adri\u00e1n \u00abMaravilla\u00bb Mart\u00ednez<\/b>, la dirigencia y el entorno del jugador siguen negociando una mejora salarial para el gran goleador argentino de la temporada (30 gritos). <b>La flamante comisi\u00f3n directiva le ofreci\u00f3 triplicarle el sueldo<\/b> mientras el futbolista es seguido de cerca por clubes del exterior y tambi\u00e9n River.<\/p>\n<p>   Adem\u00e1s, hubo varios jugadores que volvieron a Racing tras estar cedidos en otros clubes pero deber\u00e1n definir su continuidad como los arqueros Gast\u00f3n <b>\u00abChila\u00bb G\u00f3mez<\/b> (San Lorenzo) y\u00a0Mat\u00edas <b>Tagliamonte <\/b>(Gimnasia de Mendoza); el defensor\u00a0Nicol\u00e1s <b>Kozlovksy <\/b>(Rafaela); los volantes Catriel <b>Cabellos <\/b>(Alianza Lima de Per\u00fa), Patricio <b>Tanda <\/b>y Evelio <b>Cardozo <\/b>(Uni\u00f3n de Santa Fe); y los delanteros H\u00e9ctor <b>F\u00e9rtoli <\/b>(Hurac\u00e1n),  Iv\u00e1n <b>Maggi <\/b>(Nueva Chicago) y Emiliano <b>Saliadarre <\/b>(Temperley).<\/p>\n<h2>El domingo a Paraguay<\/h2>\n<p>   El primer equipo de Racing viajar\u00e1 este domingo a Paraguay, lugar donde realiz\u00f3 la pretemporada 2024, para continuar con la puesta a punto y retornar\u00e1 el 12 de enero para llevar a cabo el \u00faltimo tramo de la preparaci\u00f3n.<\/p>\n<p><!-- Live Blog Post --><\/div>\n<p><a href=\"https:\/\/www.pagina12.com.ar\/794467-sorpresa-en-racing-juanfer-quintero-aparecio-en-la-pretempor\">source<\/a><\/p>\n","protected":false},"excerpt":{"rendered":"<p>Luego de exigir p\u00fablicamente ser vendido en este mercado de pases, Juanfer Quintero evit\u00f3 sumarle&#8230;<\/p>\n","protected":false},"author":3,"featured_media":17570,"comment_status":"closed","ping_status":"closed","sticky":false,"template":"","format":"standard","meta":{"footnotes":""},"categories":[21],"tags":[],"class_list":["post-17569","post","type-post","status-publish","format-standard","has-post-thumbnail","hentry","category-deportes"],"featured_image_urls":{"full":["https:\/\/fmamiga909.com.ar\/wp-content\/uploads\/2025\/01\/wp-header-logo-22.png",960,540,false],"thumbnail":["https:\/\/fmamiga909.com.ar\/wp-content\/uploads\/2025\/01\/wp-header-logo-22-150x150.png",150,150,true],"medium":["https:\/\/fmamiga909.com.ar\/wp-content\/uploads\/2025\/01\/wp-header-logo-22-300x169.png",300,169,true],"medium_large":["https:\/\/fmamiga909.com.ar\/wp-content\/uploads\/2025\/01\/wp-header-logo-22.png",960,540,false],"large":["https:\/\/fmamiga909.com.ar\/wp-content\/uploads\/2025\/01\/wp-header-logo-22.png",640,360,false],"1536x1536":["https:\/\/fmamiga909.com.ar\/wp-content\/uploads\/2025\/01\/wp-header-logo-22.png",960,540,false],"2048x2048":["https:\/\/fmamiga909.com.ar\/wp-content\/uploads\/2025\/01\/wp-header-logo-22.png",960,540,false],"newsium-slider-full":["https:\/\/fmamiga909.com.ar\/wp-content\/uploads\/2025\/01\/wp-header-logo-22.png",960,540,false],"newsium-featured":["https:\/\/fmamiga909.com.ar\/wp-content\/uploads\/2025\/01\/wp-header-logo-22.png",960,540,false],"newsium-medium":["https:\/\/fmamiga909.com.ar\/wp-content\/uploads\/2025\/01\/wp-header-logo-22-720x475.png",720,475,true]},"author_info":{"display_name":"Fredy Giuliano","author_link":"https:\/\/fmamiga909.com.ar\/?author=3"},"category_info":"<a href=\"https:\/\/fmamiga909.com.ar\/?cat=21\" rel=\"category\">Deportes<\/a>","tag_info":"Deportes","comment_count":"0","_links":{"self":[{"href":"https:\/\/fmamiga909.com.ar\/index.php?rest_route=\/wp\/v2\/posts\/17569","targetHints":{"allow":["GET"]}}],"collection":[{"href":"https:\/\/fmamiga909.com.ar\/index.php?rest_route=\/wp\/v2\/posts"}],"about":[{"href":"https:\/\/fmamiga909.com.ar\/index.php?rest_route=\/wp\/v2\/types\/post"}],"author":[{"embeddable":true,"href":"https:\/\/fmamiga909.com.ar\/index.php?rest_route=\/wp\/v2\/users\/3"}],"replies":[{"embeddable":true,"href":"https:\/\/fmamiga909.com.ar\/index.php?rest_route=%2Fwp%2Fv2%2Fcomments&post=17569"}],"version-history":[{"count":0,"href":"https:\/\/fmamiga909.com.ar\/index.php?rest_route=\/wp\/v2\/posts\/17569\/revisions"}],"wp:featuredmedia":[{"embeddable":true,"href":"https:\/\/fmamiga909.com.ar\/index.php?rest_route=\/wp\/v2\/media\/17570"}],"wp:attachment":[{"href":"https:\/\/fmamiga909.com.ar\/index.php?rest_route=%2Fwp%2Fv2%2Fmedia&parent=17569"}],"wp:term":[{"taxonomy":"category","embeddable":true,"href":"https:\/\/fmamiga909.com.ar\/index.php?rest_route=%2Fwp%2Fv2%2Fcategories&post=17569"},{"taxonomy":"post_tag","embeddable":true,"href":"https:\/\/fmamiga909.com.ar\/index.php?rest_route=%2Fwp%2Fv2%2Ftags&post=17569"}],"curies":[{"name":"wp","href":"https:\/\/api.w.org\/{rel}","templated":true}]}}