{"id":17579,"date":"2025-01-03T21:21:35","date_gmt":"2025-01-03T21:21:35","guid":{"rendered":"https:\/\/fmamiga909.com.ar\/?p=17579"},"modified":"2025-01-03T21:21:35","modified_gmt":"2025-01-03T21:21:35","slug":"cronica-de-un-regreso-y-una-herida-a-punto-de-sanar-horacio-zeballos-cada-vez-mas-cerca-de-la-copa-davis","status":"publish","type":"post","link":"https:\/\/fmamiga909.com.ar\/?p=17579","title":{"rendered":"Cr\u00f3nica de un \u00bfregreso? y una herida a punto de sanar: Horacio Zeballos, cada vez m\u00e1s cerca de la Copa Davis"},"content":{"rendered":"<div><!-- Body --><\/p>\n<p><b><a href=\"https:\/\/www.pagina12.com.ar\/tags\/3890-horacio-zeballos\">Horacio Zeballos<\/a><\/b> est\u00e1 entusiasmado, con la cabeza renovada para un nuevo a\u00f1o. El extenso conflicto con el ex capit\u00e1n\u00a0<b><a href=\"https:\/\/www.pagina12.com.ar\/785644-no-fue-magia-se-termino-la-deslucida-capitania-de-guillermo-\">Guillermo Coria, el mago sin magia<\/a><\/b> que <b><a href=\"https:\/\/www.pagina12.com.ar\/744760-donde-manda-capitan-no-manda-ni-el-numero-uno-horacio-zeball\">lo margin\u00f3 de los Juegos Ol\u00edmpicos de Par\u00eds 2024<\/a><\/b> pese a haber sido entonces nada menos que <b><a href=\"https:\/\/www.pagina12.com.ar\/733740-horacio-zeballos-el-numero-uno-detras-de-las-luces-los-detal\">el doblista n\u00famero uno del mundo<\/a><\/b>, una decisi\u00f3n tambi\u00e9n avalada por la Asociaci\u00f3n Argentina de Tenis,<b> ya forma parte de la historia. <\/b>Otra etapa est\u00e1 abierta: <b>el marplatense ya estuvo en contacto con <a href=\"https:\/\/www.pagina12.com.ar\/788474-javier-frana-el-capitan-pacificador-aviso-que-hablara-con-ze\">el nuevo capit\u00e1n Javier Frana.<\/a><\/b><\/p>\n<p><b>Con el Mago ya fuera del armado del plantel nacional<\/b>, por quien tuvo que alejarse del equipo de la Copa Davis-\u00a0<b><a href=\"https:\/\/www.pagina12.com.ar\/761273-cronica-de-un-rechazo-zeballos-declino-el-llamado-de-coria-p\">\u00abme cuesta creer en su palabra\u00bb<\/a><\/b>-, comenzaron a soplar vientos de cambio. <b>El doblista m\u00e1s destacado de la historia de la Argentina<\/b>, l\u00edder del ranking ATP durante 15 semanas en 2024 -actual 4\u00b0 del planeta-, <b>hab\u00eda sufrido una herida:<\/b> con m\u00e9ritos de sobra, a ra\u00edz de motivos que pudieron exceder el plano deportivo, <b>se hab\u00eda perdido la mayor cita del deporte internacional en Roland Garros, <\/b>acaso la \u00faltima de su trayectoria deportiva.<\/p>\n<p>Incluso dolido, ya oficializado <b>Frana,\u00a0de claro perfil conciliador,<\/b> el zurdo de 39 a\u00f1os confirm\u00f3 en este medio que estaba dispuesto a volver a la Davis:\u00a0<b>\u00abYo estoy disponible para volver al equipo.<\/b> Creo que el tenis se basa en momentos y en el presente de cada jugador para formar el mejor plantel. <b>Estoy disponible como siempre lo he estado\u00bb.<\/b><\/p>\n<p>Al d\u00eda siguiente, luego de su presentaci\u00f3n oficial, <b><a href=\"https:\/\/www.pagina12.com.ar\/788474-javier-frana-el-capitan-pacificador-aviso-que-hablara-con-ze\">el flamante capit\u00e1n habl\u00f3 con este diario<\/a><\/b> y le anticip\u00f3: \u00abS\u00ed, s\u00ed, claro. Voy a ponerme en contacto con todos. <b>Y Horacio<\/b>\u00a0<b>est\u00e1 entre los jugadores elegibles.\u00a0<\/b>Segu\u00ed toda su carrera; como doblista me toc\u00f3 comentar varios de sus partidos. Yo trazo una raya y todos largamos desde ah\u00ed. <b>Afortunadamente con la Asociaci\u00f3n yo no tengo ning\u00fan condicionamiento de nada. <\/b>Me dijeron: &#8216;Eleg\u00ed vos, arm\u00e1 vos, porque vos vas a ser el responsable&#8217;.<b> Tengo plena libertad y no hubiera aceptado en otras condiciones, definitivamente. <\/b>Todos parten desde el mismo lugar\u00bb.<\/p>\n<p>La herida, ahora, est\u00e1 cada vez m\u00e1s cerca de sanar: <b>Zeballos, con creces el mejor tenista argentino del a\u00f1o pasado,<\/b> habitu\u00e9 en las instancias finales de los grandes torneos y reciente ganador del Olimpia de plata de tenis, <b>se encuentra muy cerca de volver al equipo de la Davis<\/b>, al que represent\u00f3 entre 2010 y 2022.<b> Todo indica que formar\u00e1 parte del plantel que jugar\u00e1 de visitante ante\u00a0<a href=\"https:\/\/www.pagina12.com.ar\/787194-copa-davis-2025-noruega-de-visitante-el-primer-desafio-de-la\">Noruega<\/a>,<\/b> cuya pieza m\u00e1s valiosa es <b>Casper Ruud<\/b> (6\u00b0 del ranking; ex 2\u00b0), por los Qualifiers en cancha dura bajo techo, en una de dos fechas que elegir\u00e1 el anfitri\u00f3n:\u00a0<b>del 31 de enero al 1\u00b0 de febrero o bien del 1\u00b0 de febrero al 2 del mismo mes.<\/b><\/p>\n<p><b>Muy poco antes de Navidad son\u00f3 el tel\u00e9fono celular del doblista marplatense.<\/b> Era Frana, en efecto, quien cumpli\u00f3 con su palabra: <b>se contact\u00f3 con el n\u00famero cuatro del mundo para saber si estaba disponible. <\/b>La respuesta del zurdo fue que s\u00ed, que<b> si decidiera convocarlo ah\u00ed estar\u00eda para jugar.<\/b> Quedaron expresas sus ganas de volver a estar.<\/p>\n<p><b>\u00abYo no s\u00e9 si voy a lograr unirlos a todos, pero por lo menos quiero ponerlos a todos un poco m\u00e1s cerca.<\/b> Para graficarlo: <b>si me tengo que meter en el barro es para sacar gente del barro. <\/b>Porque aquellas peleas que yo tuve que padecer, con equipos totalmente divididos, vestuarios en llamas, me hac\u00edan preguntarme: <b>&#8216;\u00bfCu\u00e1nto tengo que querer la Copa Davis para convivir as\u00ed?&#8217;.<\/b> Y despu\u00e9s te das cuenta de que nada era tan grave ni insalvable\u00bb, reflexionaba en su presentaci\u00f3n el nuevo capit\u00e1n, <b>el hombre de profundo v\u00ednculo con la Davis<\/b> que vino a pacificar.<b> El pr\u00f3ximo lunes, por lo pronto, anunciar\u00e1 el equipo<\/b> para su debut en la capitan\u00eda.<b> Se espera por el l\u00f3gico regreso de Zeballos. La herida, entonces, doler\u00eda un poco menos.<\/b><\/p>\n<p><a href=\"\/cdn-cgi\/l\/email-protection\" class=\"__cf_email__\" data-cfemail=\"6313020e020f050a17020d0c231302040a0d0252514d000c0e4d0211\">[email\u00a0protected]<\/a><\/p>\n<p><!-- Live Blog Post --><\/div>\n<p><a href=\"https:\/\/www.pagina12.com.ar\/794515-cronica-de-un-regreso-y-una-herida-a-punto-de-sanar-horacio-\">source<\/a><\/p>\n","protected":false},"excerpt":{"rendered":"<p>Horacio Zeballos est\u00e1 entusiasmado, con la cabeza renovada para un nuevo a\u00f1o. El extenso conflicto&#8230;<\/p>\n","protected":false},"author":3,"featured_media":17580,"comment_status":"closed","ping_status":"closed","sticky":false,"template":"","format":"standard","meta":{"footnotes":""},"categories":[21],"tags":[],"class_list":["post-17579","post","type-post","status-publish","format-standard","has-post-thumbnail","hentry","category-deportes"],"featured_image_urls":{"full":["https:\/\/fmamiga909.com.ar\/wp-content\/uploads\/2025\/01\/wp-header-logo-27.png",960,540,false],"thumbnail":["https:\/\/fmamiga909.com.ar\/wp-content\/uploads\/2025\/01\/wp-header-logo-27-150x150.png",150,150,true],"medium":["https:\/\/fmamiga909.com.ar\/wp-content\/uploads\/2025\/01\/wp-header-logo-27-300x169.png",300,169,true],"medium_large":["https:\/\/fmamiga909.com.ar\/wp-content\/uploads\/2025\/01\/wp-header-logo-27.png",960,540,false],"large":["https:\/\/fmamiga909.com.ar\/wp-content\/uploads\/2025\/01\/wp-header-logo-27.png",640,360,false],"1536x1536":["https:\/\/fmamiga909.com.ar\/wp-content\/uploads\/2025\/01\/wp-header-logo-27.png",960,540,false],"2048x2048":["https:\/\/fmamiga909.com.ar\/wp-content\/uploads\/2025\/01\/wp-header-logo-27.png",960,540,false],"newsium-slider-full":["https:\/\/fmamiga909.com.ar\/wp-content\/uploads\/2025\/01\/wp-header-logo-27.png",960,540,false],"newsium-featured":["https:\/\/fmamiga909.com.ar\/wp-content\/uploads\/2025\/01\/wp-header-logo-27.png",960,540,false],"newsium-medium":["https:\/\/fmamiga909.com.ar\/wp-content\/uploads\/2025\/01\/wp-header-logo-27-720x475.png",720,475,true]},"author_info":{"display_name":"Fredy Giuliano","author_link":"https:\/\/fmamiga909.com.ar\/?author=3"},"category_info":"<a href=\"https:\/\/fmamiga909.com.ar\/?cat=21\" rel=\"category\">Deportes<\/a>","tag_info":"Deportes","comment_count":"0","_links":{"self":[{"href":"https:\/\/fmamiga909.com.ar\/index.php?rest_route=\/wp\/v2\/posts\/17579","targetHints":{"allow":["GET"]}}],"collection":[{"href":"https:\/\/fmamiga909.com.ar\/index.php?rest_route=\/wp\/v2\/posts"}],"about":[{"href":"https:\/\/fmamiga909.com.ar\/index.php?rest_route=\/wp\/v2\/types\/post"}],"author":[{"embeddable":true,"href":"https:\/\/fmamiga909.com.ar\/index.php?rest_route=\/wp\/v2\/users\/3"}],"replies":[{"embeddable":true,"href":"https:\/\/fmamiga909.com.ar\/index.php?rest_route=%2Fwp%2Fv2%2Fcomments&post=17579"}],"version-history":[{"count":0,"href":"https:\/\/fmamiga909.com.ar\/index.php?rest_route=\/wp\/v2\/posts\/17579\/revisions"}],"wp:featuredmedia":[{"embeddable":true,"href":"https:\/\/fmamiga909.com.ar\/index.php?rest_route=\/wp\/v2\/media\/17580"}],"wp:attachment":[{"href":"https:\/\/fmamiga909.com.ar\/index.php?rest_route=%2Fwp%2Fv2%2Fmedia&parent=17579"}],"wp:term":[{"taxonomy":"category","embeddable":true,"href":"https:\/\/fmamiga909.com.ar\/index.php?rest_route=%2Fwp%2Fv2%2Fcategories&post=17579"},{"taxonomy":"post_tag","embeddable":true,"href":"https:\/\/fmamiga909.com.ar\/index.php?rest_route=%2Fwp%2Fv2%2Ftags&post=17579"}],"curies":[{"name":"wp","href":"https:\/\/api.w.org\/{rel}","templated":true}]}}