{"id":17599,"date":"2025-01-04T22:25:17","date_gmt":"2025-01-04T22:25:17","guid":{"rendered":"https:\/\/fmamiga909.com.ar\/?p=17599"},"modified":"2025-01-04T22:25:17","modified_gmt":"2025-01-04T22:25:17","slug":"tenemos-un-equipo-joven-con-muchas-expectativas-para-el-proximo-ciclo","status":"publish","type":"post","link":"https:\/\/fmamiga909.com.ar\/?p=17599","title":{"rendered":"\u201cTenemos un equipo joven, con muchas expectativas para el pr\u00f3ximo ciclo\u201d"},"content":{"rendered":"<div><!-- Body --><\/p>\n<p><b>\u201cEl taekwondo, desde 2011, goza de buena salud tanto deportiva como institucional.<\/b> Tenemos un equipo con entrenadores experimentados en su cargo, con una estructura s\u00f3lida lo que nos da a que seguiremos creciendo en el futuro. Hoy tenemos un equipo joven, con muchas expectativas para el pr\u00f3ximo ciclo\u201d, asegur\u00f3 el <b>director t\u00e9cnico general de los seleccionados nacionales de ese deporte, Gabriel Taraburelli,\u00a0<\/b>en una entrevista con <b>P\u00e1gina\/12<\/b>.<\/p>\n<p><b>Sobreviviente de la  tragedia de Croma\u00f1on en 2004<\/b>, Taraburelli fue cuarto en los Juegos Ol\u00edmpicos de S\u00eddney 2000 en la categor\u00eda 58 kilos y ganador de la medalla de plata en los Juegos Odesur de Cuenca 1998, en la categor\u00eda 54 kilos.<\/p>\n<p>Taraburelli, de 43 a\u00f1os, tambi\u00e9n fue el <b>entrenador del correntino Sebasti\u00e1n Crismanich, quien conquist\u00f3 la \u00fanica medalla <\/b>que obtuvo el taekwondo argentino en los Juegos Ol\u00edmpicos, en Londres 2012. Adem\u00e1s, fue el DT del porte\u00f1o<b> Juan Samorano<\/b>, quien obtuvo sendas medallas de bronce en la categor\u00eda -70kg K4 en los Paral\u00edmpicos\u00a0de Tokio 2020 y Par\u00eds 2024 y en los Parapanamericanos de Santiago 2023.<\/p>\n<p>En Tokio tambi\u00e9n fue el entrenador de <b>Lucas Guzm\u00e1n<\/b>, oriundo del partido bonaerense de Merlo, quien venci\u00f3\u00a0ag\u00f3nicamente\u00a0al irland\u00e9s Jack Woolley (22-19) y al iran\u00ed Hadipour Seighalani por 26-6 y luego, en semifinales, fue derrotado por el italiano Vito Dell&#8217;Aquila por 29-10 en el Makuhari Messe Hall de la capital japonesa. Guzm\u00e1n perdi\u00f3 despu\u00e9s ante el ruso representante de refugiados, Mijail Artamonov, por 15-10, no obtuvo la medalla de bronce y finaliz\u00f3 en el quinto puesto con diploma ol\u00edmpico.<\/p>\n<p>En Par\u00eds, Taraburelli volvi\u00f3 a estar con Guzm\u00e1n, quien fue derrotado por el h\u00fangaro Omar Sal\u00edm por 2-1 en su primera y \u00fanica presentaci\u00f3n en la categor\u00eda -58 kilos.<\/p>\n<p> <b>-\u00bfC\u00f3mo evalu\u00e1s la participaci\u00f3n de Lucas Guzm\u00e1n en Par\u00eds 2024?<\/b><\/p>\n<p>-Fue un ciclo duro para Lucas en lo f\u00edsico pero a la vez positivo en el resultado. Su medalla de plata en los Juegos Panamericanos y su segunda clasificaci\u00f3n ol\u00edmpica fue el cierre del ciclo. Durante la preparaci\u00f3n a Par\u00eds, un mes antes Lucas sufre una grave lesi\u00f3n que casi lo deja fuera de la misma y, a pesar de eso, nos enfocamos en la recuperaci\u00f3n y la posibilidad de llegar de la mejor manera. Objetivo que pudimos cumplir a medias ya que tuvo una recuperaci\u00f3n muy buena pero teniendo que dejar de lado los objetivos t\u00e9cnicos. De igual manera el resultado en los Juegos, fue eliminado por una diferencia m\u00ednima.<\/p>\n<p><b>-\u00bfQu\u00e9 vac\u00edo deja su retiro en el taekwondo nacional?<\/b><\/p>\n<p>-Obviamente que mucho ya que fue uno de los mejores 58 kilos que tuvo el pa\u00eds y con resultados en las m\u00e1ximas competencias.<\/p>\n<div class=\"medium-insert-embeds\">\n<figure>\n<div class=\"medium-insert-embed\">\n<div align=\"center\">\n<figure role=\"group\" class=\"caption caption-div embedded-entity\"><figcaption>Lucas Guzm\u00e1n vuela en Par\u00eds 2024.<\/figcaption><\/figure>\n<\/div><\/div>\n<\/figure>\n<\/div>\n<p><b>-\u00bfTiene Guzm\u00e1n heredero o habr\u00e1 que esperar muchos a\u00f1os hasta que surja uno?<\/b><\/p>\n<p>-Los procesos de Selecci\u00f3n trabajamos desde las bases, es decir que tratamos de ganar tiempo y preparar atletas que reemplacen en futuro a los de \u00e9lite.<\/p>\n<p><b>-Tuviste el privilegio de dirigir a Sebasti\u00e1n Crismanich cuando conquist\u00f3 la medalla de oro en Londres 2012 y luego a la otra gran aparici\u00f3n del taekwondo nacional que fue Guzm\u00e1n. \u00bfC\u00f3mo defin\u00eds a cada uno?<\/b><\/p>\n<p>-Soy un privilegiado de haber podido estar atr\u00e1s de estos grandes atletas y personas. En un punto los dos tienen sus semejanzas, en lo deportivo y personal. Ambos tuvieron una entrega del ciento por ciento, lo que hizo que podamos conseguir los m\u00e1s grandes resultados.<\/p>\n<p><b>-Dej\u00e1s tu cargo de entrenador. \u00bfCu\u00e1ntos a\u00f1os lo desempe\u00f1aste y qu\u00e9 ense\u00f1anzas te dej\u00f3?<\/b><\/p>\n<p>-Dej\u00f3 mi lugar como entrenador y coach, ya no estar\u00e9 dirigiendo en el tatami, pero contin\u00fao como DTN general, organizando y estructurando todo el taekwondo  argentino. Estuve 13 a\u00f1os dirigiendo al equipo, pude lograr y cumplir todos los objetivos. Estoy trabajando tambi\u00e9n en proyectos personales, tengo ofertas de otros pa\u00edses que estoy analizando, pero este deporte es parte de mi vida y haberle dado a mi pa\u00eds todos los resultados conseguidos me llena de orgullo. Como ense\u00f1anza me llevo que siempre que creamos  en nosotros y en lo que podamos lograr, todo es posible.  Y que el tiempo que invertimos todo ese tiempo, lo hicimos valer.<\/p>\n<p><b>-En tu car\u00e1cter de DTN a la hora de detectar talentos, \u00bfc\u00f3mo pesc\u00e1s a un peleador nato? <\/b> <\/p>\n<p>-En las competencias nacionales, se clasifican los atletas y se los preseleccionan. Luego dentro de la Selecci\u00f3n, los atletas son evaluados constantemente tanto f\u00edsica como t\u00e9cnicamente y de ah\u00ed sale el mejor equipo que nos representar\u00e1n en las competencias planificadas. En mi ojo de entrenador, me gustan los atletas que tienen sangre y car\u00e1cter de peleadores, lo f\u00edsico y t\u00e9cnico, podemos mejorarlo, pero la actitud es algo que me gusta observar y que sea natural de ellos.  Siempre pongo lo mental por arriba de lo f\u00edsico y en nuestro deporte, es muy importante.<\/p>\n<p><b>-\u00bfCu\u00e1l es la misi\u00f3n que te encomend\u00f3 puntualmente la Confederaci\u00f3n Argentina de Taekwondo?<\/b><\/p>\n<p>-Siempre estoy buscando las mejores posibilidades para mi deporte y los equipos. Tengo la experiencia de haber pasado por todos los puestos previos hasta llegar a DTN, hoy sigo encargado de lo mismo, tratando de lograr una mejor estructura y estabilidad de los equipos, para superar los resultados y posicionar al taekwondo como deporte.<\/p>\n<p><b>-\u00bfEl  taekwondo nacional goza de buena salud o va hacia adelante como puede?, \u00bfqu\u00e9 futuro avizor\u00e1s?<\/b><\/p>\n<p>-El taekwondo desde 2011 goza de buena salud tanto deportiva como institucional. Tenemos un equipo con entrenadores experimentados en su cargo, con una estructura s\u00f3lida lo que nos da a que seguiremos creciendo en el futuro. Hoy tenemos un equipo joven, con muchas expectativas para el pr\u00f3ximo ciclo.<\/p>\n<p><b>-\u00bfSon suficientes los apoyos con los que cuenta para su desarrollo?<\/b><\/p>\n<p>-Creo que nunca son suficientes los apoyos.  En nuestro deporte, las clasificaciones a las competencias importantes son por medio de puntos que se suman en competencias internacionales, lo que hace que todo el tiempo estemos necesitando participaciones en las mismas. A pesar de eso, con el apoyo que tenemos de los entes, tratamos de ser inteligentes y jugar nuestras fichas de la mejor manera, para llegar a estar presentes en las mismas y conseguir los resultados. Con lo que tenemos, tratamos de hacer lo mejor siempre, sin poner excusas y mirando para adelante.  <\/p>\n<p><b>-\u00abCreo que para los pr\u00f3ximos Juegos Ol\u00edmpicos de Los \u00c1ngeles 2028 podemos so\u00f1ar con una medalla ol\u00edmpica. Tenemos a unos atletas que est\u00e1n en un muy buen rendimiento, que son todav\u00eda muy j\u00f3venes pero que ya le est\u00e1n peleando a los que est\u00e1n m\u00e1s maduros a nivel mundial\u00bb, <a href=\"https:\/\/www.pagina12.com.ar\/787496-crismanich-argentina-tiene-chances-reales-de-lograr-una-meda\">afirm\u00f3 Sebasti\u00e1n Crismanich en di\u00e1logo con P\u00e1gina\/12 en diciembre pasado<\/a>. \u00bfCu\u00e1l es tu mirada?<\/b><\/p>\n<p>-Trabajamos para eso y es nuestro foco. Es una camada de atletas muy j\u00f3venes, pero tenemos un gran potencial, que puede explotar en estos cuatro a\u00f1os.<\/p>\n<p><!-- Live Blog Post --><\/div>\n<p><a href=\"https:\/\/www.pagina12.com.ar\/794679-tenemos-un-equipo-joven-con-muchas-expectativas-para-el-prox\">source<\/a><\/p>\n","protected":false},"excerpt":{"rendered":"<p>\u201cEl taekwondo, desde 2011, goza de buena salud tanto deportiva como institucional. Tenemos un equipo&#8230;<\/p>\n","protected":false},"author":3,"featured_media":17600,"comment_status":"closed","ping_status":"closed","sticky":false,"template":"","format":"standard","meta":{"footnotes":""},"categories":[21],"tags":[],"class_list":["post-17599","post","type-post","status-publish","format-standard","has-post-thumbnail","hentry","category-deportes"],"featured_image_urls":{"full":["https:\/\/fmamiga909.com.ar\/wp-content\/uploads\/2025\/01\/wp-header-logo-35.png",960,540,false],"thumbnail":["https:\/\/fmamiga909.com.ar\/wp-content\/uploads\/2025\/01\/wp-header-logo-35-150x150.png",150,150,true],"medium":["https:\/\/fmamiga909.com.ar\/wp-content\/uploads\/2025\/01\/wp-header-logo-35-300x169.png",300,169,true],"medium_large":["https:\/\/fmamiga909.com.ar\/wp-content\/uploads\/2025\/01\/wp-header-logo-35.png",960,540,false],"large":["https:\/\/fmamiga909.com.ar\/wp-content\/uploads\/2025\/01\/wp-header-logo-35.png",640,360,false],"1536x1536":["https:\/\/fmamiga909.com.ar\/wp-content\/uploads\/2025\/01\/wp-header-logo-35.png",960,540,false],"2048x2048":["https:\/\/fmamiga909.com.ar\/wp-content\/uploads\/2025\/01\/wp-header-logo-35.png",960,540,false],"newsium-slider-full":["https:\/\/fmamiga909.com.ar\/wp-content\/uploads\/2025\/01\/wp-header-logo-35.png",960,540,false],"newsium-featured":["https:\/\/fmamiga909.com.ar\/wp-content\/uploads\/2025\/01\/wp-header-logo-35.png",960,540,false],"newsium-medium":["https:\/\/fmamiga909.com.ar\/wp-content\/uploads\/2025\/01\/wp-header-logo-35-720x475.png",720,475,true]},"author_info":{"display_name":"Fredy Giuliano","author_link":"https:\/\/fmamiga909.com.ar\/?author=3"},"category_info":"<a href=\"https:\/\/fmamiga909.com.ar\/?cat=21\" rel=\"category\">Deportes<\/a>","tag_info":"Deportes","comment_count":"0","_links":{"self":[{"href":"https:\/\/fmamiga909.com.ar\/index.php?rest_route=\/wp\/v2\/posts\/17599","targetHints":{"allow":["GET"]}}],"collection":[{"href":"https:\/\/fmamiga909.com.ar\/index.php?rest_route=\/wp\/v2\/posts"}],"about":[{"href":"https:\/\/fmamiga909.com.ar\/index.php?rest_route=\/wp\/v2\/types\/post"}],"author":[{"embeddable":true,"href":"https:\/\/fmamiga909.com.ar\/index.php?rest_route=\/wp\/v2\/users\/3"}],"replies":[{"embeddable":true,"href":"https:\/\/fmamiga909.com.ar\/index.php?rest_route=%2Fwp%2Fv2%2Fcomments&post=17599"}],"version-history":[{"count":0,"href":"https:\/\/fmamiga909.com.ar\/index.php?rest_route=\/wp\/v2\/posts\/17599\/revisions"}],"wp:featuredmedia":[{"embeddable":true,"href":"https:\/\/fmamiga909.com.ar\/index.php?rest_route=\/wp\/v2\/media\/17600"}],"wp:attachment":[{"href":"https:\/\/fmamiga909.com.ar\/index.php?rest_route=%2Fwp%2Fv2%2Fmedia&parent=17599"}],"wp:term":[{"taxonomy":"category","embeddable":true,"href":"https:\/\/fmamiga909.com.ar\/index.php?rest_route=%2Fwp%2Fv2%2Fcategories&post=17599"},{"taxonomy":"post_tag","embeddable":true,"href":"https:\/\/fmamiga909.com.ar\/index.php?rest_route=%2Fwp%2Fv2%2Ftags&post=17599"}],"curies":[{"name":"wp","href":"https:\/\/api.w.org\/{rel}","templated":true}]}}