{"id":17613,"date":"2025-01-05T22:09:54","date_gmt":"2025-01-05T22:09:54","guid":{"rendered":"https:\/\/fmamiga909.com.ar\/?p=17613"},"modified":"2025-01-05T22:09:54","modified_gmt":"2025-01-05T22:09:54","slug":"estudiantes-no-sera-una-sad-afirmo-juan-sebastian-veron","status":"publish","type":"post","link":"https:\/\/fmamiga909.com.ar\/?p=17613","title":{"rendered":"&quot;Estudiantes no ser\u00e1 una SAD&quot;, afirm\u00f3 Juan Sebasti\u00e1n Ver\u00f3n"},"content":{"rendered":"<div><!-- Body --><\/p>\n<p><b>El presidente de Estudiantes de La Plata, Juan Sebasti\u00e1n Ver\u00f3n, se refiri\u00f3 <\/b>nuevamente <b>al acuerdo con Foster Gillett<\/b>, esta vez <b>en respuesta a las declaraciones del presidente Javier Milei y del empresario Guillermo Tofoni.<\/b> Ambos hab\u00edan vinculado al club con la idea de las Sociedades An\u00f3nimas Deportivas, algo que el dirigente desminti\u00f3 categ\u00f3ricamente: <b>\u00abEstudiantes no ser\u00e1 una SAD\u00bb.<\/b><\/p>\n<p>El origen de la pol\u00e9mica surgi\u00f3 tras una publicaci\u00f3n de <b>Tofoni<\/b>, representante de Foster Gillett en Argentina, en la que <b>se\u00f1al\u00f3 a Estudiantes como un ejemplo del avance de las SAD en el f\u00fatbol argentino.<\/b> Sum\u00e1ndose a esta narrativa, <b>Milei declar\u00f3<\/b> en Radio Mitre que<b> \u00abEstudiantes est\u00e1 camino a ser una SAD en beneficio de sus socios e hinchas\u00bb.<\/b><\/p>\n<p><b>En contrapartida, Pablo Toviggino, tesorero de la AFA<\/b>, hab\u00eda cuestionado d\u00edas pasados la posici\u00f3n de Ver\u00f3n,\u00a0quien firm\u00f3 un preacuerdo con el ex due\u00f1o del Liverpool para recibir una inversi\u00f3n de 150 millones de d\u00f3lares. A partir de este v\u00ednculo, la instituci\u00f3n pincha realizar\u00eda fichajes importantes, como ya ocurri\u00f3 con la incorporaci\u00f3n de Cristian Medina\u00a0desde Boca.<\/p>\n<p>Toviggino <b>sali\u00f3 con los tapones de punta en las redes sociales: \u00abLos clubes son de los socios y no lo decimos nosotros, es un principio que enorgullece al f\u00fatbol argentino<\/b>, el mismo que es campe\u00f3n del mundo y bicampe\u00f3n de Am\u00e9rica, hoy posicionado como una de las marcas deportivas m\u00e1s importantes del mundo a nivel global\u00bb, dispar\u00f3.\u00a0<\/p>\n<p><b>Y le apunt\u00f3 a Ver\u00f3n: \u00abResultar\u00eda conveniente<\/b>, incluso aconsejable, <b>que expliques<\/b> claramente <b>a los socios del club que presides desde Miami, que lo \u00fanico que est\u00e1s haciendo es contraer una deuda monstruosa<\/b>, que s\u00f3lo pod\u00e9s garantizar con el patrimonio de Estudiantes Asociaci\u00f3n Civil.<b> Que no est\u00e1s cambiando o transformando el modelo de gesti\u00f3n del f\u00fatbol argentino<\/b>, tampoco est\u00e1s inventando nada, <b>puesto que Foster Gillet<a href=\"https:\/\/www.infobae.com\/deportes\/2024\/08\/21\/foster-gillett-el-magnate-que-condujo-al-liverpool-y-apuesta-a-invertir-en-el-futbol-argentino-queremos-mejorar-lo-que-hay-no-danarlo\/\" target=\"_blank\">\u00a0<\/a>no es ni ser\u00e1 un socio comercial<\/b>, ni un dirigente deportivo, <b>ni mucho menos un benefactor <\/b>de la humanidad deportiva\u00bb.<\/p>\n<p>Sin embargo, <b>Ver\u00f3n se defendi\u00f3 <\/b>a su modo en una entrevista con <i>La Voz Albirroja<\/i>: <b>\u00abLos clubes est\u00e1n atravesados por la pol\u00edtica y<\/b>, aunque no nos guste<b>, no podemos escapar a eso. Pero Estudiantes no ser\u00e1 parte de ese modelo\u00bb.<\/b><\/p>\n<p>El presidente pincha explic\u00f3 que, si bien existen acuerdos comerciales y administrativos, \u00e9stos no implican que la estructura del club pase a manos privadas: <b>\u00abVamos a usar la SAD para lo que es el f\u00fatbol. Pero Estudiantes seguir\u00e1 siendo una sociedad civil. El club no va a quebrar, ni desaparecer, como ocurre en otros casos\u00bb<\/b>, afirm\u00f3, dejando claro que la instituci\u00f3n mantendr\u00e1 su autonom\u00eda y esencia.<\/p>\n<p>Ver\u00f3n tambi\u00e9n destac\u00f3 que cualquier intento de imponer un modelo contrario a los intereses del club habr\u00eda sido rechazado desde el inicio: \u00abSi Tofoni o quien sea quisiera obligar a Estudiantes a algo, no nos hubi\u00e9ramos subido nunca a este acuerdo\u00bb, afirm\u00f3, <b>al tiempo que reconoci\u00f3 que existen distintas posturas e intereses alrededor del convenio con Gillett, lo que puede generar confusiones.\u00a0<\/b><\/p>\n<p><b>Con estas declaraciones, Ver\u00f3n busc\u00f3 calmar las aguas y despejar dudas sobre el futuro del club.<\/b> En un contexto donde las SAD generan controversia en el f\u00fatbol argentino, el l\u00edder albirrojo reiter\u00f3 su compromiso con la identidad de Estudiantes y su visi\u00f3n de un modelo que combine sustentabilidad econ\u00f3mica sin sacrificar los valores que definieron a la instituci\u00f3n a lo largo de su historia.<\/p>\n<p><!-- Live Blog Post --><\/div>\n<p><a href=\"https:\/\/www.pagina12.com.ar\/794830-estudiantes-no-sera-una-sad-afirmo-juan-sebastian-veron\">source<\/a><\/p>\n","protected":false},"excerpt":{"rendered":"<p>El presidente de Estudiantes de La Plata, Juan Sebasti\u00e1n Ver\u00f3n, se refiri\u00f3 nuevamente al acuerdo&#8230;<\/p>\n","protected":false},"author":3,"featured_media":17614,"comment_status":"closed","ping_status":"closed","sticky":false,"template":"","format":"standard","meta":{"footnotes":""},"categories":[21],"tags":[],"class_list":["post-17613","post","type-post","status-publish","format-standard","has-post-thumbnail","hentry","category-deportes"],"featured_image_urls":{"full":["https:\/\/fmamiga909.com.ar\/wp-content\/uploads\/2025\/01\/wp-header-logo-42.png",960,540,false],"thumbnail":["https:\/\/fmamiga909.com.ar\/wp-content\/uploads\/2025\/01\/wp-header-logo-42-150x150.png",150,150,true],"medium":["https:\/\/fmamiga909.com.ar\/wp-content\/uploads\/2025\/01\/wp-header-logo-42-300x169.png",300,169,true],"medium_large":["https:\/\/fmamiga909.com.ar\/wp-content\/uploads\/2025\/01\/wp-header-logo-42.png",960,540,false],"large":["https:\/\/fmamiga909.com.ar\/wp-content\/uploads\/2025\/01\/wp-header-logo-42.png",640,360,false],"1536x1536":["https:\/\/fmamiga909.com.ar\/wp-content\/uploads\/2025\/01\/wp-header-logo-42.png",960,540,false],"2048x2048":["https:\/\/fmamiga909.com.ar\/wp-content\/uploads\/2025\/01\/wp-header-logo-42.png",960,540,false],"newsium-slider-full":["https:\/\/fmamiga909.com.ar\/wp-content\/uploads\/2025\/01\/wp-header-logo-42.png",960,540,false],"newsium-featured":["https:\/\/fmamiga909.com.ar\/wp-content\/uploads\/2025\/01\/wp-header-logo-42.png",960,540,false],"newsium-medium":["https:\/\/fmamiga909.com.ar\/wp-content\/uploads\/2025\/01\/wp-header-logo-42-720x475.png",720,475,true]},"author_info":{"display_name":"Fredy Giuliano","author_link":"https:\/\/fmamiga909.com.ar\/?author=3"},"category_info":"<a href=\"https:\/\/fmamiga909.com.ar\/?cat=21\" rel=\"category\">Deportes<\/a>","tag_info":"Deportes","comment_count":"0","_links":{"self":[{"href":"https:\/\/fmamiga909.com.ar\/index.php?rest_route=\/wp\/v2\/posts\/17613","targetHints":{"allow":["GET"]}}],"collection":[{"href":"https:\/\/fmamiga909.com.ar\/index.php?rest_route=\/wp\/v2\/posts"}],"about":[{"href":"https:\/\/fmamiga909.com.ar\/index.php?rest_route=\/wp\/v2\/types\/post"}],"author":[{"embeddable":true,"href":"https:\/\/fmamiga909.com.ar\/index.php?rest_route=\/wp\/v2\/users\/3"}],"replies":[{"embeddable":true,"href":"https:\/\/fmamiga909.com.ar\/index.php?rest_route=%2Fwp%2Fv2%2Fcomments&post=17613"}],"version-history":[{"count":0,"href":"https:\/\/fmamiga909.com.ar\/index.php?rest_route=\/wp\/v2\/posts\/17613\/revisions"}],"wp:featuredmedia":[{"embeddable":true,"href":"https:\/\/fmamiga909.com.ar\/index.php?rest_route=\/wp\/v2\/media\/17614"}],"wp:attachment":[{"href":"https:\/\/fmamiga909.com.ar\/index.php?rest_route=%2Fwp%2Fv2%2Fmedia&parent=17613"}],"wp:term":[{"taxonomy":"category","embeddable":true,"href":"https:\/\/fmamiga909.com.ar\/index.php?rest_route=%2Fwp%2Fv2%2Fcategories&post=17613"},{"taxonomy":"post_tag","embeddable":true,"href":"https:\/\/fmamiga909.com.ar\/index.php?rest_route=%2Fwp%2Fv2%2Ftags&post=17613"}],"curies":[{"name":"wp","href":"https:\/\/api.w.org\/{rel}","templated":true}]}}