{"id":17637,"date":"2025-01-06T00:13:01","date_gmt":"2025-01-06T00:13:01","guid":{"rendered":"https:\/\/fmamiga909.com.ar\/?p=17637"},"modified":"2025-01-06T00:13:01","modified_gmt":"2025-01-06T00:13:01","slug":"supercopa-de-espana-real-madrid-se-mide-con-mallorca-por-semifinales","status":"publish","type":"post","link":"https:\/\/fmamiga909.com.ar\/?p=17637","title":{"rendered":"Supercopa de Espa\u00f1a: Real Madrid se mide con Mallorca por semifinales"},"content":{"rendered":"<div><!-- Body --><\/p>\n<p>El lateral derecho del Mallorca, Pablo Maffeo, apunt\u00f3 contra el brasile\u00f1o Vinicius del Real Madrid y asegur\u00f3 que \u00ablo noquear\u00eda en 10 segundos\u00bb, previo al duelo v\u00e1lido por la semifinal de la Supercopa de Espa\u00f1a.<\/p>\n<p>El defensor con paso por la Selecci\u00f3n Argentina especul\u00f3 sobre un posible combate frente al ex Flamengo, jugador con el que mantiene una dura rivalidad debido a una fuerte falta en un enfrentamiento entre ambos en 2022.<\/p>\n<p>\u00abSer\u00eda en una vida ficticia, pero creo que podr\u00eda ser la pelea m\u00e1s vista de la historia. Estoy seguro de que ganar\u00eda. No tengo dudas que lo noquear\u00eda en diez segundos\u00bb, asegur\u00f3 Maffei en una entrevista para un medio espa\u00f1ol.<\/p>\n<p>Tras aquella infracci\u00f3n, el extremo del Merengue reaccion\u00f3 y ambos sostuvieron un fuerte intercambio de insultos y cruces que dur\u00f3 todo el encuentro.<\/p>\n<p>En este punto, Maffei explic\u00f3 como har\u00e1 para intentar frenar a un futbolista tan determinante como el brasile\u00f1o. \u00abIntento sacarlo de su juego y para eso veo de meterme bajo su piel. La rivalidad queda en el campo de juego, pero es algo que disfruto mucho\u00bb, asever\u00f3.<\/p>\n<p>Sin embargo, reconoci\u00f3 que en el \u00faltimo duelo entre ambos, llevado a cabo en agosto del 2024, Maffeo se acerc\u00f3 al astro brasile\u00f1o para hacer las paces.<\/p>\n<p>\u00abLo encontr\u00e9 durante un descanso de hidrataci\u00f3n y le dije: \u00abDejemos las tonter\u00edas. Lo que pas\u00f3, pas\u00f3. Y \u00e9l respondi\u00f3 que estaba todo bien\u00bb, afirm\u00f3.<\/p>\n<p>Por \u00faltimo, el actual jugador del Mallorca se expres\u00f3 acerca de la pol\u00e9mica en torno a los insultos que recibe el delantero de 24 a\u00f1os, aunque afirm\u00f3 que \u00abEspa\u00f1a no es un pa\u00eds racista\u00bb.<\/p>\n<p>\u00abHay tontos en todas partes; \u00e9l est\u00e1 afectado y tampoco creo que provoque los insultos. Comete errores como todos nosotros, pero no creo que use la carta de la raza\u00bb, concluy\u00f3.<\/p>\n<p><!-- Live Blog Post --><\/div>\n<p><a href=\"https:\/\/www.pagina12.com.ar\/794857-supercopa-de-espana-real-madrid-se-mide-con-mallorca-por-sem\">source<\/a><\/p>\n","protected":false},"excerpt":{"rendered":"<p>El lateral derecho del Mallorca, Pablo Maffeo, apunt\u00f3 contra el brasile\u00f1o Vinicius del Real Madrid&#8230;<\/p>\n","protected":false},"author":3,"featured_media":17638,"comment_status":"closed","ping_status":"closed","sticky":false,"template":"","format":"standard","meta":{"footnotes":""},"categories":[21],"tags":[],"class_list":["post-17637","post","type-post","status-publish","format-standard","has-post-thumbnail","hentry","category-deportes"],"featured_image_urls":{"full":["https:\/\/fmamiga909.com.ar\/wp-content\/uploads\/2025\/01\/wp-header-logo-54.png",960,540,false],"thumbnail":["https:\/\/fmamiga909.com.ar\/wp-content\/uploads\/2025\/01\/wp-header-logo-54-150x150.png",150,150,true],"medium":["https:\/\/fmamiga909.com.ar\/wp-content\/uploads\/2025\/01\/wp-header-logo-54-300x169.png",300,169,true],"medium_large":["https:\/\/fmamiga909.com.ar\/wp-content\/uploads\/2025\/01\/wp-header-logo-54.png",960,540,false],"large":["https:\/\/fmamiga909.com.ar\/wp-content\/uploads\/2025\/01\/wp-header-logo-54.png",640,360,false],"1536x1536":["https:\/\/fmamiga909.com.ar\/wp-content\/uploads\/2025\/01\/wp-header-logo-54.png",960,540,false],"2048x2048":["https:\/\/fmamiga909.com.ar\/wp-content\/uploads\/2025\/01\/wp-header-logo-54.png",960,540,false],"newsium-slider-full":["https:\/\/fmamiga909.com.ar\/wp-content\/uploads\/2025\/01\/wp-header-logo-54.png",960,540,false],"newsium-featured":["https:\/\/fmamiga909.com.ar\/wp-content\/uploads\/2025\/01\/wp-header-logo-54.png",960,540,false],"newsium-medium":["https:\/\/fmamiga909.com.ar\/wp-content\/uploads\/2025\/01\/wp-header-logo-54-720x475.png",720,475,true]},"author_info":{"display_name":"Fredy Giuliano","author_link":"https:\/\/fmamiga909.com.ar\/?author=3"},"category_info":"<a href=\"https:\/\/fmamiga909.com.ar\/?cat=21\" rel=\"category\">Deportes<\/a>","tag_info":"Deportes","comment_count":"0","_links":{"self":[{"href":"https:\/\/fmamiga909.com.ar\/index.php?rest_route=\/wp\/v2\/posts\/17637","targetHints":{"allow":["GET"]}}],"collection":[{"href":"https:\/\/fmamiga909.com.ar\/index.php?rest_route=\/wp\/v2\/posts"}],"about":[{"href":"https:\/\/fmamiga909.com.ar\/index.php?rest_route=\/wp\/v2\/types\/post"}],"author":[{"embeddable":true,"href":"https:\/\/fmamiga909.com.ar\/index.php?rest_route=\/wp\/v2\/users\/3"}],"replies":[{"embeddable":true,"href":"https:\/\/fmamiga909.com.ar\/index.php?rest_route=%2Fwp%2Fv2%2Fcomments&post=17637"}],"version-history":[{"count":0,"href":"https:\/\/fmamiga909.com.ar\/index.php?rest_route=\/wp\/v2\/posts\/17637\/revisions"}],"wp:featuredmedia":[{"embeddable":true,"href":"https:\/\/fmamiga909.com.ar\/index.php?rest_route=\/wp\/v2\/media\/17638"}],"wp:attachment":[{"href":"https:\/\/fmamiga909.com.ar\/index.php?rest_route=%2Fwp%2Fv2%2Fmedia&parent=17637"}],"wp:term":[{"taxonomy":"category","embeddable":true,"href":"https:\/\/fmamiga909.com.ar\/index.php?rest_route=%2Fwp%2Fv2%2Fcategories&post=17637"},{"taxonomy":"post_tag","embeddable":true,"href":"https:\/\/fmamiga909.com.ar\/index.php?rest_route=%2Fwp%2Fv2%2Ftags&post=17637"}],"curies":[{"name":"wp","href":"https:\/\/api.w.org\/{rel}","templated":true}]}}