{"id":17644,"date":"2025-01-06T18:08:25","date_gmt":"2025-01-06T18:08:25","guid":{"rendered":"https:\/\/fmamiga909.com.ar\/?p=17644"},"modified":"2025-01-06T18:08:25","modified_gmt":"2025-01-06T18:08:25","slug":"quien-es-ayrton-costa-el-nuevo-refuerzo-de-boca","status":"publish","type":"post","link":"https:\/\/fmamiga909.com.ar\/?p=17644","title":{"rendered":"\u00bfQui\u00e9n es Ayrton Costa, el nuevo refuerzo de Boca?"},"content":{"rendered":"<div><!-- Body --><\/p>\n<p><b>Ayrton Costa ser\u00e1 jugador de Boca<\/b>. En las pr\u00f3ximas horas el defensor <b>exIndependiente<\/b>, actualmente en el <b>Royal Antwerp<\/b> de B\u00e9lgica, ser\u00e1 anunciado como nuevo <b>refuerzo <\/b>del <i><b>Xeneize<\/b><\/i>.\u00a0<\/p>\n<h3\/>\n<p><b>Boca <\/b>contin\u00faa reforz\u00e1ndose de cara al inicio de una temporada en la que tendr\u00e1 que mejorar su nivel en el plano local y en la que intentar\u00e1 no quedarse afuera de la fase de grupos de la <b>Copa Libertadores<\/b> por segundo a\u00f1o consecutivo. En esta oportunidad se meti\u00f3 en la fase 2 del repechaje del torneo continental y deber\u00e1 sortear 2 rivales \u2014a ida y vuelta\u2014 para meterse en la zona de grupos.<\/p>\n<p>Es en ese marco que, luego de la llegada del delantero chileno <b>Carlos Palacios<\/b>, se confirm\u00f3 el futuro arribo de <b>Ayrton Costa<\/b>, con el objetivo de reforzar la defensa.<b> El <i>Xeneize <\/i>pagar\u00e1 3 millones y medio de d\u00f3lares por el 100% de su pase<\/b>. Medios partidarios aseguran que pidi\u00f3 la camiseta n\u00famero 79, la misma que utiliz\u00f3 en <b>Independiente<\/b>.<\/p>\n<h2>\u00bfQui\u00e9n es Ayrton Costa?<\/h2>\n<p><b>Ayrton Costa<\/b> es un defensor argentino de 25 a\u00f1os de edad, oriundo de Quilmes, Provincia de Buenos Aires. Se form\u00f3 en Independiente, donde lleg\u00f3 al primer equipo en 2019. A mediados de 2022 se fue a pr\u00e9stamo a Platense por 6 meses. Luego, en julio de 2024, ser\u00eda transferido al <b>Royal Antwerp<\/b> de B\u00e9lgica a cambio de 2 millones y medio de d\u00f3lares por el 90% del pase. All\u00ed fue titular en casi todos los partidos de la liga belga \u201415 de 20\u2014.\u00a0<\/p>\n<p><b>Mide 1,79, es zurdo y es lateral izquierdo, pero puede jugar de central<\/b>, que es probablemente donde <b>Boca <\/b>m\u00e1s lo necesite, pues en la posici\u00f3n de 3 ya tiene a <b>Frank Fabra, Marcelo Saracchi y Lautaro Blanco<\/b>. De hecho buena parte de las inferiores las hizo jugando como marcador central. Es aguerrido y agresivo en la marca. Tiene velocidad y pasa bien al ataque cuando juega de lateral.<\/p>\n<h3>Segu\u00ed leyendo<\/h3>\n<h3\/><!-- Live Blog Post --><\/div>\n<p><a href=\"https:\/\/www.pagina12.com.ar\/794998-quien-es-ayrton-costa-el-nuevo-refuerzo-de-boca\">source<\/a><\/p>\n","protected":false},"excerpt":{"rendered":"<p>Ayrton Costa ser\u00e1 jugador de Boca. En las pr\u00f3ximas horas el defensor exIndependiente, actualmente en&#8230;<\/p>\n","protected":false},"author":3,"featured_media":17645,"comment_status":"closed","ping_status":"closed","sticky":false,"template":"","format":"standard","meta":{"footnotes":""},"categories":[21],"tags":[],"class_list":["post-17644","post","type-post","status-publish","format-standard","has-post-thumbnail","hentry","category-deportes"],"featured_image_urls":{"full":["https:\/\/fmamiga909.com.ar\/wp-content\/uploads\/2025\/01\/wp-header-logo-56.png",960,540,false],"thumbnail":["https:\/\/fmamiga909.com.ar\/wp-content\/uploads\/2025\/01\/wp-header-logo-56-150x150.png",150,150,true],"medium":["https:\/\/fmamiga909.com.ar\/wp-content\/uploads\/2025\/01\/wp-header-logo-56-300x169.png",300,169,true],"medium_large":["https:\/\/fmamiga909.com.ar\/wp-content\/uploads\/2025\/01\/wp-header-logo-56.png",960,540,false],"large":["https:\/\/fmamiga909.com.ar\/wp-content\/uploads\/2025\/01\/wp-header-logo-56.png",640,360,false],"1536x1536":["https:\/\/fmamiga909.com.ar\/wp-content\/uploads\/2025\/01\/wp-header-logo-56.png",960,540,false],"2048x2048":["https:\/\/fmamiga909.com.ar\/wp-content\/uploads\/2025\/01\/wp-header-logo-56.png",960,540,false],"newsium-slider-full":["https:\/\/fmamiga909.com.ar\/wp-content\/uploads\/2025\/01\/wp-header-logo-56.png",960,540,false],"newsium-featured":["https:\/\/fmamiga909.com.ar\/wp-content\/uploads\/2025\/01\/wp-header-logo-56.png",960,540,false],"newsium-medium":["https:\/\/fmamiga909.com.ar\/wp-content\/uploads\/2025\/01\/wp-header-logo-56-720x475.png",720,475,true]},"author_info":{"display_name":"Fredy Giuliano","author_link":"https:\/\/fmamiga909.com.ar\/?author=3"},"category_info":"<a href=\"https:\/\/fmamiga909.com.ar\/?cat=21\" rel=\"category\">Deportes<\/a>","tag_info":"Deportes","comment_count":"0","_links":{"self":[{"href":"https:\/\/fmamiga909.com.ar\/index.php?rest_route=\/wp\/v2\/posts\/17644","targetHints":{"allow":["GET"]}}],"collection":[{"href":"https:\/\/fmamiga909.com.ar\/index.php?rest_route=\/wp\/v2\/posts"}],"about":[{"href":"https:\/\/fmamiga909.com.ar\/index.php?rest_route=\/wp\/v2\/types\/post"}],"author":[{"embeddable":true,"href":"https:\/\/fmamiga909.com.ar\/index.php?rest_route=\/wp\/v2\/users\/3"}],"replies":[{"embeddable":true,"href":"https:\/\/fmamiga909.com.ar\/index.php?rest_route=%2Fwp%2Fv2%2Fcomments&post=17644"}],"version-history":[{"count":0,"href":"https:\/\/fmamiga909.com.ar\/index.php?rest_route=\/wp\/v2\/posts\/17644\/revisions"}],"wp:featuredmedia":[{"embeddable":true,"href":"https:\/\/fmamiga909.com.ar\/index.php?rest_route=\/wp\/v2\/media\/17645"}],"wp:attachment":[{"href":"https:\/\/fmamiga909.com.ar\/index.php?rest_route=%2Fwp%2Fv2%2Fmedia&parent=17644"}],"wp:term":[{"taxonomy":"category","embeddable":true,"href":"https:\/\/fmamiga909.com.ar\/index.php?rest_route=%2Fwp%2Fv2%2Fcategories&post=17644"},{"taxonomy":"post_tag","embeddable":true,"href":"https:\/\/fmamiga909.com.ar\/index.php?rest_route=%2Fwp%2Fv2%2Ftags&post=17644"}],"curies":[{"name":"wp","href":"https:\/\/api.w.org\/{rel}","templated":true}]}}