{"id":17650,"date":"2025-01-06T22:03:51","date_gmt":"2025-01-06T22:03:51","guid":{"rendered":"https:\/\/fmamiga909.com.ar\/?p=17650"},"modified":"2025-01-06T22:03:51","modified_gmt":"2025-01-06T22:03:51","slug":"juanfer-quintero-se-fue-a-colombia","status":"publish","type":"post","link":"https:\/\/fmamiga909.com.ar\/?p=17650","title":{"rendered":"Juanfer Quintero se fue a Colombia"},"content":{"rendered":"<div><!-- Body --><\/p>\n<p>Luego de informar que no ir\u00eda a Paraguay junto al resto del plantel para realizar la pretemporada, <b>el colombiano Juanfer Quintero emprendi\u00f3 viaje hacia Bogot\u00e1 este lunes<\/b> a la espera de que la dirigencia de <b>Racing <\/b>llegue a un acuerdo con Am\u00e9rica de Cali para satisfacer su deseo de volver a jugar en su pa\u00eds.<\/p>\n<p>El enganche de 31 a\u00f1os no tard\u00f3 en volver a su tierra natal tras asomar la cabeza por Avellaneda el viernes pasado para el reencuentro del plantel tras unas semanas de vacaciones. Durante su descanso, <b>el zurdo hizo p\u00fablico su deseo de emigrar <\/b>y ya tiene todo arreglado con el Am\u00e9rica.<\/p>\n<p>Por su parte, <b>Racing, due\u00f1o de su pase, no lo dejar\u00eda ir por menos de 3 millones de d\u00f3lares<\/b>, una cifra que por el momento les viene resultado dif\u00edcil a los cale\u00f1os. Primero ofrecieron un mill\u00f3n (y en tres cuotas) pero ahora se estar\u00edan acercando a los 2,5 millones.<\/p>\n<p>Mientras tanto, la Academia dio su versi\u00f3n de los hechos en sus redes sociales, como para aclarar el panorama:<\/p>\n<p><i><b>\u00abEn un contexto que afecta a su entorno m\u00e1s cercano, Juan Fernando Quintero ha pedido regresar cuanto antes a Colombia<\/b>, su pa\u00eds natal, y no participar de la pretemporada en Paraguay cuando a\u00fan queda un a\u00f1o de relaci\u00f3n contractual.<\/i><\/p>\n<p><i>Racing Club, con pleno conocimiento del caso, acept\u00f3 analizar un traspaso, siempre que la negociaci\u00f3n entre instituciones satisfaga los propios intereses. <b>En tanto el patrimonio del Club no quede afectado, se podr\u00e1 avanzar en una eventual transferencia.<\/b><\/i><\/p>\n<p><i>Por ese mismo motivo, porque el objetivo prioritario ser\u00e1 siempre resguardar el bienestar de nuestra Instituci\u00f3n, Racing Club aguarda y conf\u00eda en una soluci\u00f3n que contemple todas las partes involucradas\u00bb.<\/i><\/p>\n<p><!-- Live Blog Post --><\/div>\n<p><a href=\"https:\/\/www.pagina12.com.ar\/795040-juanfer-quintero-se-fue-a-colombia\">source<\/a><\/p>\n","protected":false},"excerpt":{"rendered":"<p>Luego de informar que no ir\u00eda a Paraguay junto al resto del plantel para realizar&#8230;<\/p>\n","protected":false},"author":3,"featured_media":17651,"comment_status":"closed","ping_status":"closed","sticky":false,"template":"","format":"standard","meta":{"footnotes":""},"categories":[21],"tags":[],"class_list":["post-17650","post","type-post","status-publish","format-standard","has-post-thumbnail","hentry","category-deportes"],"featured_image_urls":{"full":["https:\/\/fmamiga909.com.ar\/wp-content\/uploads\/2025\/01\/wp-header-logo-59.png",960,540,false],"thumbnail":["https:\/\/fmamiga909.com.ar\/wp-content\/uploads\/2025\/01\/wp-header-logo-59-150x150.png",150,150,true],"medium":["https:\/\/fmamiga909.com.ar\/wp-content\/uploads\/2025\/01\/wp-header-logo-59-300x169.png",300,169,true],"medium_large":["https:\/\/fmamiga909.com.ar\/wp-content\/uploads\/2025\/01\/wp-header-logo-59.png",960,540,false],"large":["https:\/\/fmamiga909.com.ar\/wp-content\/uploads\/2025\/01\/wp-header-logo-59.png",640,360,false],"1536x1536":["https:\/\/fmamiga909.com.ar\/wp-content\/uploads\/2025\/01\/wp-header-logo-59.png",960,540,false],"2048x2048":["https:\/\/fmamiga909.com.ar\/wp-content\/uploads\/2025\/01\/wp-header-logo-59.png",960,540,false],"newsium-slider-full":["https:\/\/fmamiga909.com.ar\/wp-content\/uploads\/2025\/01\/wp-header-logo-59.png",960,540,false],"newsium-featured":["https:\/\/fmamiga909.com.ar\/wp-content\/uploads\/2025\/01\/wp-header-logo-59.png",960,540,false],"newsium-medium":["https:\/\/fmamiga909.com.ar\/wp-content\/uploads\/2025\/01\/wp-header-logo-59-720x475.png",720,475,true]},"author_info":{"display_name":"Fredy Giuliano","author_link":"https:\/\/fmamiga909.com.ar\/?author=3"},"category_info":"<a href=\"https:\/\/fmamiga909.com.ar\/?cat=21\" rel=\"category\">Deportes<\/a>","tag_info":"Deportes","comment_count":"0","_links":{"self":[{"href":"https:\/\/fmamiga909.com.ar\/index.php?rest_route=\/wp\/v2\/posts\/17650","targetHints":{"allow":["GET"]}}],"collection":[{"href":"https:\/\/fmamiga909.com.ar\/index.php?rest_route=\/wp\/v2\/posts"}],"about":[{"href":"https:\/\/fmamiga909.com.ar\/index.php?rest_route=\/wp\/v2\/types\/post"}],"author":[{"embeddable":true,"href":"https:\/\/fmamiga909.com.ar\/index.php?rest_route=\/wp\/v2\/users\/3"}],"replies":[{"embeddable":true,"href":"https:\/\/fmamiga909.com.ar\/index.php?rest_route=%2Fwp%2Fv2%2Fcomments&post=17650"}],"version-history":[{"count":0,"href":"https:\/\/fmamiga909.com.ar\/index.php?rest_route=\/wp\/v2\/posts\/17650\/revisions"}],"wp:featuredmedia":[{"embeddable":true,"href":"https:\/\/fmamiga909.com.ar\/index.php?rest_route=\/wp\/v2\/media\/17651"}],"wp:attachment":[{"href":"https:\/\/fmamiga909.com.ar\/index.php?rest_route=%2Fwp%2Fv2%2Fmedia&parent=17650"}],"wp:term":[{"taxonomy":"category","embeddable":true,"href":"https:\/\/fmamiga909.com.ar\/index.php?rest_route=%2Fwp%2Fv2%2Fcategories&post=17650"},{"taxonomy":"post_tag","embeddable":true,"href":"https:\/\/fmamiga909.com.ar\/index.php?rest_route=%2Fwp%2Fv2%2Ftags&post=17650"}],"curies":[{"name":"wp","href":"https:\/\/api.w.org\/{rel}","templated":true}]}}