{"id":17654,"date":"2025-01-06T22:10:17","date_gmt":"2025-01-06T22:10:17","guid":{"rendered":"https:\/\/fmamiga909.com.ar\/?p=17654"},"modified":"2025-01-06T22:10:17","modified_gmt":"2025-01-06T22:10:17","slug":"copa-davis-frana-dio-el-equipo-con-un-regreso-muy-esperado","status":"publish","type":"post","link":"https:\/\/fmamiga909.com.ar\/?p=17654","title":{"rendered":"Copa Davis: Frana dio el equipo con un regreso muy esperado"},"content":{"rendered":"<div><!-- Body --><\/p>\n<p><b>En la c\u00fapula dirigencial de la Asociaci\u00f3n Argentina de Tenis luc\u00edan preocupados.<\/b> Hab\u00eda una disputa que, creciente, se convirti\u00f3 en un verdadero conflicto.\u00a0<b><a href=\"https:\/\/www.pagina12.com.ar\/tags\/3890-horacio-zeballos\">Horacio Zeballos<\/a>,<\/b> el mejor doblista de la historia del pa\u00eds, manten\u00eda un sostenido cruce con\u00a0<b><a href=\"https:\/\/www.pagina12.com.ar\/785644-no-fue-magia-se-termino-la-deslucida-capitania-de-guillermo-\">Guillermo Coria, el mago sin magia<\/a><\/b>\u00a0que fuera capit\u00e1n nacional hasta noviembre y que <b><a href=\"https:\/\/www.pagina12.com.ar\/744760-donde-manda-capitan-no-manda-ni-el-numero-uno-horacio-zeball\">lo hab\u00eda marginado de los Juegos Ol\u00edmpicos de Par\u00eds 2024<\/a>, <\/b>en una inexplicable decisi\u00f3n deportiva, pese a haber alcanzado nada menos que <b><a href=\"https:\/\/www.pagina12.com.ar\/733740-horacio-zeballos-el-numero-uno-detras-de-las-luces-los-detal\">el n\u00famero uno del mundo<\/a>.<\/b><\/p>\n<p>Pese a que la decisi\u00f3n de no llevarlo a Par\u00eds estuvo respaldada por los dirigentes, en la agenda urgente de la AAT para el arranque de este a\u00f1o se encontraba la necesidad imperiosa de resolver aquella pugna. <b>Lo sab\u00eda el presidente Agust\u00edn Calleri<\/b> y tambi\u00e9n lo sab\u00eda <b><a href=\"https:\/\/www.pagina12.com.ar\/787774-javier-frana-el-elegido-fue-anunciado-como-nuevo-capitan-de-\">Javier Frana, el flamante capit\u00e1n<\/a><\/b> que reemplaz\u00f3 a Coria y que lleg\u00f3 para irradiar un nuevo clima: <b><a href=\"https:\/\/www.pagina12.com.ar\/788474-javier-frana-el-capitan-pacificador-aviso-que-hablara-con-ze\">de perfil pacificador, alimenta la idea de \u00abunirlos a todos\u00bb.<\/a><\/b>\u00a0<\/p>\n<p>Desde su presentaci\u00f3n oficial, en diciembre pasado, <b>Frana se propuso exhibir un semblante conciliador en la conducci\u00f3n. <\/b>M\u00e1s all\u00e1 del deseo de recomponer las piezas de un rompecabezas deshilachado, <b>el nuevo capit\u00e1n es un hombre de di\u00e1logo y conoce mejor que nadie la relevancia del doble en la Davis.<\/b>\u00a0Fue medallista de bronce<b> <\/b>por duplas en los Juegos Ol\u00edmpicos de Barcelona 1992, <b>finalista de Wimbledon en 1991<\/b> y de Roland Garros mixto en 1996, <b>y jugador de fuerte v\u00ednculo con la ensaladera: jug\u00f3 20 series entre 1986 y 1997.<\/b><\/p>\n<p>Este lunes fue el encargado de colocar <b><a href=\"https:\/\/www.pagina12.com.ar\/794515-cronica-de-un-regreso-y-una-herida-a-punto-de-sanar-horacio-\">la primera puntada de sutura en una herida<\/a><\/b> que ya deb\u00eda sanar: <b>Zeballos fue convocado y volver\u00e1 al equipo de la Copa Davis<\/b> para jugar, el 30 y el 31 de enero pr\u00f3ximos,<b> los Qualifiers 2025 ante Noruega<\/b>, en el Fjellhamar Arena -2.000 espectadores-\u00a0<b>sobre superficie r\u00e1pida bajo techo, en la ciudad de Fjellhamar<\/b>, situada en las afueras de Oslo. En las entra\u00f1as del ecosistema del tenis argentino y hasta en la palabra de especialistas del exterior no hab\u00eda lugar para comprender <b>c\u00f3mo Argentina prescind\u00eda del actual 4\u00b0 del planeta<\/b>, surgido en el\u00a0Edison Lawn Tenis de Mar del Plata.<\/p>\n<p><a href=\"https:\/\/www.pagina12.com.ar\/733740-horacio-zeballos-el-numero-uno-detras-de-las-luces-los-detal\"><b>El primer n\u00famero uno en un ranking internacional de la ATP <\/b><\/a>-ocup\u00f3 el puesto de privilegio durante 15 semanas-<a href=\"https:\/\/www.pagina12.com.ar\/733740-horacio-zeballos-el-numero-uno-detras-de-las-luces-los-detal\"><b>,<\/b><\/a> inquilino permanente en las instancias finales de los tornes m\u00e1s relevantes del mundo, <b><a href=\"https:\/\/www.pagina12.com.ar\/788156-horacio-zeballos-el-numero-uno-la-calesita-de-emociones-y-la\">hab\u00eda avisado en este medio:\u00a0<\/a>\u00abYo estoy disponible para volver al equipo.<\/b> Creo que el tenis se basa en momentos y en el presente de cada jugador para formar el mejor plantel. <b>Estoy disponible como siempre lo he estado\u00bb.\u00a0<\/b>Con\u00a015 series coperas entre 2010 y 2022, el marplatense de 39 a\u00f1os estar\u00e1 acompa\u00f1ado en la n\u00f3mina por\u00a0<b>Francisco Cer\u00fandolo (31\u00b0), Tom\u00e1s Etcheverry (39\u00b0), el debutante Mariano Navone (46\u00b0) y Andr\u00e9s Molteni (21\u00b0 en dobles). <\/b>Esta vez quedaron <b>afuera el singlista n\u00famero uno Sebasti\u00e1n B\u00e1ez (28\u00b0)<\/b> y el doblista M\u00e1ximo Gonz\u00e1lez, que comunic\u00f3 su fin de ciclo en la Davis.<\/p>\n<div class=\"iframely-embed medium-embedded-content\" data-html=\"Jmx0O2Jsb2NrcXVvdGUgY2xhc3M9InR3aXR0ZXItdHdlZXQiIGRhdGEtZG50PSJ0cnVlIiBhbGlnbj0iY2VudGVyIiZndDsmbHQ7cCBsYW5nPSJlcyIgZGlyPSJsdHIiJmd0O\/CfpoVIYWxjb25lcyBsaXN0b3MgcGFyYSBlbmZyZW50YXIgYSBOb3J1ZWdhIPCflJwmbHQ7YSBocmVmPSJodHRwczovL3R3aXR0ZXIuY29tL0ZyYW5DZXJ1bmRvbG8\/cmVmX3NyYz10d3NyYyU1RXRmdyImZ3Q7QEZyYW5DZXJ1bmRvbG8mbHQ7L2EmZ3Q7Jm5ic3A7ICZsdDthIGhyZWY9Imh0dHBzOi8vdHdpdHRlci5jb20vdG9tZXRjaGV2ZXJyeT9yZWZfc3JjPXR3c3JjJTVFdGZ3IiZndDtAdG9tZXRjaGV2ZXJyeSZsdDsvYSZndDsmbmJzcDsgJmx0O2EgaHJlZj0iaHR0cHM6Ly90d2l0dGVyLmNvbS9tYXJpYW5vbmF2b25lMT9yZWZfc3JjPXR3c3JjJTVFdGZ3IiZndDtAbWFyaWFub25hdm9uZTEmbHQ7L2EmZ3Q7Jm5ic3A7ICZsdDthIGhyZWY9Imh0dHBzOi8vdHdpdHRlci5jb20vSG9yYWNpb1plYmFsbG9zP3JlZl9zcmM9dHdzcmMlNUV0ZnciJmd0O0BIb3JhY2lvWmViYWxsb3MmbHQ7L2EmZ3Q7Jm5ic3A7ICZsdDthIGhyZWY9Imh0dHBzOi8vdHdpdHRlci5jb20vYW5keW1vbHRvP3JlZl9zcmM9dHdzcmMlNUV0ZnciJmd0O0BhbmR5bW9sdG8mbHQ7L2EmZ3Q7Jm5ic3A7IHNvbiBsb3MgY29udm9jYWRvcyBwb3IgJmx0O2EgaHJlZj0iaHR0cHM6Ly90d2l0dGVyLmNvbS9qYXZpZnJhbmF0ZW5pcz9yZWZfc3JjPXR3c3JjJTVFdGZ3IiZndDtAamF2aWZyYW5hdGVuaXMmbHQ7L2EmZ3Q7Jm5ic3A7IHBhcmEganVnYXIgZWwgMzAgeSAzMSBkZSBlbmVybyBhbnRlIE5vcnVlZ2Eg8J+Hs\/Cfh7QgcG9yIGxvcyBRdWFsaWZpZXJzIGRlICZsdDthIGhyZWY9Imh0dHBzOi8vdHdpdHRlci5jb20vQ29wYURhdmlzP3JlZl9zcmM9dHdzcmMlNUV0ZnciJmd0O0BDb3BhRGF2aXMmbHQ7L2EmZ3Q7Jm5ic3A7Jmx0O2EgaHJlZj0iaHR0cHM6Ly90d2l0dGVyLmNvbS9oYXNodGFnL1ZhbW9zQXJnZW50aW5hP3NyYz1oYXNoJmFtcDthbXA7cmVmX3NyYz10d3NyYyU1RXRmdyImZ3Q7I1ZhbW9zQXJnZW50aW5hJmx0Oy9hJmd0OyDwn4em8J+HtyAmbHQ7YSBocmVmPSJodHRwczovL3QuY28vSUZXSlFjNVcyZiImZ3Q7cGljLnR3aXR0ZXIuY29tL0lGV0pRYzVXMmYmbHQ7L2EmZ3Q7Jmx0Oy9wJmd0OyZhbXA7bWRhc2g7IEFzb2NpYWNpw7NuIEFyZ2VudGluYSBkZSBUZW5pcyAoQEFBVGVuaXMpICZsdDthIGhyZWY9Imh0dHBzOi8vdHdpdHRlci5jb20vQUFUZW5pcy9zdGF0dXMvMTg3NjI5NDAwNzc3ODU3ODUxNz9yZWZfc3JjPXR3c3JjJTVFdGZ3IiZndDtKYW51YXJ5IDYsIDIwMjUmbHQ7L2EmZ3Q7Jmx0Oy9ibG9ja3F1b3RlJmd0OwombHQ7c2NyaXB0IGFzeW5jIHNyYz0iaHR0cHM6Ly9wbGF0Zm9ybS50d2l0dGVyLmNvbS93aWRnZXRzLmpzIiBjaGFyc2V0PSJ1dGYtOCImZ3Q7Jmx0Oy9zY3JpcHQmZ3Q7CgombHQ7ZGl2IGNsYXNzPSJtZWRpdW0taW5zZXJ0LWVtYmVkcy1tZXRhIiZndDsmbHQ7c2NyaXB0IHR5cGU9InRleHQvanNvbiImZ3Q7eyJ1cmwiOiJodHRwczovL3R3aXR0ZXIuY29tL0FBVGVuaXMvc3RhdHVzLzE4NzYyOTQwMDc3Nzg1Nzg1MTciLCJ0eXBlIjoicmljaCIsInZlcnNpb24iOiIxLjAiLCJ0aXRsZSI6IkFzb2NpYWNpw7NuIEFyZ2VudGluYSBkZSBUZW5pcyBvbiBUd2l0dGVyIC8gWCIsImF1dGhvciI6IkFzb2NpYWNpw7NuIEFyZ2VudGluYSBkZSBUZW5pcyIsImF1dGhvcl91cmwiOiJodHRwczovL3R3aXR0ZXIuY29tL0FBVGVuaXMiLCJwcm92aWRlcl9uYW1lIjoiVHdpdHRlciIsImRlc2NyaXB0aW9uIjoi8J+mhUhhbGNvbmVzIGxpc3RvcyBwYXJhIGVuZnJlbnRhciBhIE5vcnVlZ2Eg8J+UnEBGcmFuQ2VydW5kb2xvJm5ic3A7IEB0b21ldGNoZXZlcnJ5Jm5ic3A7IEBtYXJpYW5vbmF2b25lMSZuYnNwOyBASG9yYWNpb1plYmFsbG9zJm5ic3A7IEBhbmR5bW9sdG8mbmJzcDsgc29uIGxvcyBjb252b2NhZG9zIHBvciBAamF2aWZyYW5hdGVuaXMmbmJzcDsgcGFyYSBqdWdhciBlbCAzMCB5IDMxIGRlIGVuZXJvIGFudGUgTm9ydWVnYSDwn4ez8J+HtCBwb3IgbG9zIFF1YWxpZmllcnMgZGUgQENvcGFEYXZpcyZuYnNwOyNWYW1vc0FyZ2VudGluYSDwn4em8J+HtyBwaWMudHdpdHRlci5jb20vSUZXSlFjNVcyZuKAlCBBc29jaWFjacOzbiBBcmdlbnRpbmEgZGUgVGVuaXMgKEBBQVRlbmlzKSBKYW51YXJ5IDYsIDIwMjVcblxuXG4iLCJ0aHVtYm5haWxfdXJsIjoiaHR0cHM6Ly9wYnMudHdpbWcuY29tL21lZGlhL0dnbnZjaDVXc0FBS040Ri5qcGc6bGFyZ2UiLCJ0aHVtYm5haWxfd2lkdGgiOjE1MDgsInRodW1ibmFpbF9oZWlnaHQiOjE4ODYsImNhY2hlX2FnZSI6ODY0MDAsIm9wdGlvbnMiOnsiX2hpZGVfbWVkaWEiOnsibGFiZWwiOiJIaWRlIHBob3RvcywgdmlkZW9zLCBhbmQgY2FyZHMiLCJ2YWx1ZSI6ZmFsc2V9LCJfdGhlbWUiOnsidmFsdWUiOiIiLCJ2YWx1ZXMiOnsiZGFyayI6IlVzZSBkYXJrIHRoZW1lIn19LCJfbWF4d2lkdGgiOnsidmFsdWUiOiIiLCJsYWJlbCI6IkFkanVzdCB3aWR0aCIsInBsYWNlaG9sZGVyIjoiMjIwLTU1MCwgaW4gcHgifX19Jmx0Oy9zY3JpcHQmZ3Q7Jmx0Oy9kaXYmZ3Q7\">\n                <a data-iframely-url=\"\" href=\"https:\/\/twitter.com\/AATenis\/status\/1876294007778578517\">https:\/\/twitter.com\/AATenis\/status\/1876294007778578517<\/a>\n              <\/div>\n<p><b>\u201cTomar decisiones es dif\u00edcil<\/b>, pero en esta primera experiencia en cierto modo fue m\u00e1s simple; con lindas situaciones como las de Horacio (Zeballos), que vuelve, y Mariano (Navone), que debuta. <b>Dije \u2018m\u00e1s simple\u2019 porque Machi me comunic\u00f3 que daba por cerrada su etapa en la Davis; <\/b>y por el lado de Seba B\u00e1ez fue escuchar a su equipo con relaci\u00f3n a su situaci\u00f3n f\u00edsica y priorizar a quien en ese momento estuviese al cien\u201d, reflexion\u00f3 el ex14\u00b0 del mundo en dobles, <b>cuya determinaci\u00f3n de llamar a Zeballos, se supone, habr\u00eda tenido espacio incluso sin el retiro del tandilense.<\/b><\/p>\n<h2>Hay subcapit\u00e1n<\/h2>\n<p>Despu\u00e9s de semanas de especulaciones, y ante la anomal\u00eda del anuncio del capit\u00e1n sin subcapit\u00e1n, <b>finalmente Frana dio a conocer a su ladero para esta nueva etapa: se trata de Eduardo Schwank.<\/b><\/p>\n<p><b>\u00abEl capit\u00e1n design\u00f3 al ex tenista profesional Eduardo Schwank como su asistente t\u00e9cnico y viajar\u00e1 en las pr\u00f3ximas horas a Melbourne <\/b>para seguir de cerca el desempe\u00f1o de todos los jugadores argentinos en el Abierto de Australia, primer Grand Slam de la temporada\u00bb, <b>rez\u00f3 el comunicado de la AAT.<\/b><\/p>\n<p>Tambi\u00e9n ex14\u00b0 del mundo en dobles, <b>el santafesino de 38 a\u00f1os tiene dos atributos en com\u00fan con Frana:<\/b> es un hombre de di\u00e1logo, con <b>aceptaci\u00f3n en la mayor porci\u00f3n de la \u00abfamilia del tenis argentino\u00bb,<\/b> y tambi\u00e9n registra un fuerte v\u00ednculo con la Davis, competencia en la que <b>disput\u00f3 la final del mundo en 2011 (derrota 3-1 ante Espa\u00f1a en Sevilla)<\/b> y acumul\u00f3 diez eliminatorias entre 2010 y 2014.<\/p>\n<h2>Qu\u00e9 tiene Noruega<\/h2>\n<p>El principal ariete de los noruegos es, sin dudas, <b><a href=\"https:\/\/www.pagina12.com.ar\/tags\/40135-casper-ruud\">Casper Ruud.<\/a><\/b> N\u00famero seis del mundo (ex2\u00b0), <b>dos veces finalista de Roland Garros y una en el US Open<\/b>, el jugador de 26 a\u00f1os es el mejor tenista de la historia de su pa\u00eds.<\/p>\n<p>M\u00e1s all\u00e1 de representar un desaf\u00edo en s\u00ed mismo, <b>Ruud no tiene compa\u00f1eros de calibre en el plantel. <\/b>En la \u00faltima serie de septiembre, por la primera ronda del Grupo I, <b>Noruega super\u00f3 3-1 a Portugal<\/b> y, adem\u00e1s de Ruud, jug\u00f3 un n\u00famero uno mundial: <b>Nicolai Budkov Kjaer, de 18 a\u00f1os y actual 511\u00b0 de ATP, pero l\u00edder del ranking internacional de la ITF en juniors <\/b>y campe\u00f3n vigente de Wimbledon en la categor\u00eda sub 18. En la n\u00f3mina de los locales tambi\u00e9n fue designado\u00a0<b>Viktor Durasovic (417\u00b0).<\/b><\/p>\n<p><a href=\"\/cdn-cgi\/l\/email-protection\" class=\"__cf_email__\" data-cfemail=\"e090818d818c868994818e8fa0908187898e81d1d2ce838f8dce8192\">[email\u00a0protected]<\/a><\/p>\n<p><!-- Live Blog Post --><\/div>\n<p><script async src=\"\/\/platform.twitter.com\/widgets.js\" charset=\"utf-8\"><\/script><br \/><a href=\"https:\/\/www.pagina12.com.ar\/795026-copa-davis-frana-dio-el-equipo-con-un-regreso-muy-esperado\">source<\/a><\/p>\n","protected":false},"excerpt":{"rendered":"<p>En la c\u00fapula dirigencial de la Asociaci\u00f3n Argentina de Tenis luc\u00edan preocupados. Hab\u00eda una disputa&#8230;<\/p>\n","protected":false},"author":3,"featured_media":17655,"comment_status":"closed","ping_status":"closed","sticky":false,"template":"","format":"standard","meta":{"footnotes":""},"categories":[21],"tags":[],"class_list":["post-17654","post","type-post","status-publish","format-standard","has-post-thumbnail","hentry","category-deportes"],"featured_image_urls":{"full":["https:\/\/fmamiga909.com.ar\/wp-content\/uploads\/2025\/01\/wp-header-logo-61.png",960,540,false],"thumbnail":["https:\/\/fmamiga909.com.ar\/wp-content\/uploads\/2025\/01\/wp-header-logo-61-150x150.png",150,150,true],"medium":["https:\/\/fmamiga909.com.ar\/wp-content\/uploads\/2025\/01\/wp-header-logo-61-300x169.png",300,169,true],"medium_large":["https:\/\/fmamiga909.com.ar\/wp-content\/uploads\/2025\/01\/wp-header-logo-61.png",960,540,false],"large":["https:\/\/fmamiga909.com.ar\/wp-content\/uploads\/2025\/01\/wp-header-logo-61.png",640,360,false],"1536x1536":["https:\/\/fmamiga909.com.ar\/wp-content\/uploads\/2025\/01\/wp-header-logo-61.png",960,540,false],"2048x2048":["https:\/\/fmamiga909.com.ar\/wp-content\/uploads\/2025\/01\/wp-header-logo-61.png",960,540,false],"newsium-slider-full":["https:\/\/fmamiga909.com.ar\/wp-content\/uploads\/2025\/01\/wp-header-logo-61.png",960,540,false],"newsium-featured":["https:\/\/fmamiga909.com.ar\/wp-content\/uploads\/2025\/01\/wp-header-logo-61.png",960,540,false],"newsium-medium":["https:\/\/fmamiga909.com.ar\/wp-content\/uploads\/2025\/01\/wp-header-logo-61-720x475.png",720,475,true]},"author_info":{"display_name":"Fredy Giuliano","author_link":"https:\/\/fmamiga909.com.ar\/?author=3"},"category_info":"<a href=\"https:\/\/fmamiga909.com.ar\/?cat=21\" rel=\"category\">Deportes<\/a>","tag_info":"Deportes","comment_count":"0","_links":{"self":[{"href":"https:\/\/fmamiga909.com.ar\/index.php?rest_route=\/wp\/v2\/posts\/17654","targetHints":{"allow":["GET"]}}],"collection":[{"href":"https:\/\/fmamiga909.com.ar\/index.php?rest_route=\/wp\/v2\/posts"}],"about":[{"href":"https:\/\/fmamiga909.com.ar\/index.php?rest_route=\/wp\/v2\/types\/post"}],"author":[{"embeddable":true,"href":"https:\/\/fmamiga909.com.ar\/index.php?rest_route=\/wp\/v2\/users\/3"}],"replies":[{"embeddable":true,"href":"https:\/\/fmamiga909.com.ar\/index.php?rest_route=%2Fwp%2Fv2%2Fcomments&post=17654"}],"version-history":[{"count":0,"href":"https:\/\/fmamiga909.com.ar\/index.php?rest_route=\/wp\/v2\/posts\/17654\/revisions"}],"wp:featuredmedia":[{"embeddable":true,"href":"https:\/\/fmamiga909.com.ar\/index.php?rest_route=\/wp\/v2\/media\/17655"}],"wp:attachment":[{"href":"https:\/\/fmamiga909.com.ar\/index.php?rest_route=%2Fwp%2Fv2%2Fmedia&parent=17654"}],"wp:term":[{"taxonomy":"category","embeddable":true,"href":"https:\/\/fmamiga909.com.ar\/index.php?rest_route=%2Fwp%2Fv2%2Fcategories&post=17654"},{"taxonomy":"post_tag","embeddable":true,"href":"https:\/\/fmamiga909.com.ar\/index.php?rest_route=%2Fwp%2Fv2%2Ftags&post=17654"}],"curies":[{"name":"wp","href":"https:\/\/api.w.org\/{rel}","templated":true}]}}