{"id":17670,"date":"2025-01-07T22:44:27","date_gmt":"2025-01-07T22:44:27","guid":{"rendered":"https:\/\/fmamiga909.com.ar\/?p=17670"},"modified":"2025-01-07T22:44:27","modified_gmt":"2025-01-07T22:44:27","slug":"boca-suena-con-fichar-al-internacional-espanol-ander-herrera","status":"publish","type":"post","link":"https:\/\/fmamiga909.com.ar\/?p=17670","title":{"rendered":"Boca sue\u00f1a con fichar al internacional espa\u00f1ol Ander Herrera"},"content":{"rendered":"<div><!-- Body --><\/p>\n<p>En medio del mercado de pases, Boca dio un paso importante para sumar a una estrella internacional como el espa\u00f1ol Ander Herrera. Sin embargo, en las \u00faltimas horas la operaci\u00f3n pareci\u00f3 complicarse a partir de las declaraciones que hizo una de las autoridades del Athl\u00e9tic Bilbao, el club en el que juega el mediocampista vasco de 35 a\u00f1os.<\/p>\n<p>\u00abPara nosotros es muy importante tanto en el campo como fuera\u00bb, dijo Mikel Gonz\u00e1lez, director general del Athl\u00e9tic Bilbao, en di\u00e1logo con el peri\u00f3dico deportivo espa\u00f1ol\u00a0<i>As<\/i>. Las palabras del dirigente fueron en la conferencia de prensa previa al partido que su equipo jugar\u00e1 ante Barcelona por las semifinales de la Supercopa de Espa\u00f1a, en Arabia Saudita.<\/p>\n<p>Estas declaraciones pusieron en alerta al Consejo de F\u00fatbol de Boca, liderado por Juan Rom\u00e1n Riquelme, que espera dar uno de los golpes a nivel internacional con la incorporaci\u00f3n del reconocido futbolista con pasado en Zaragoza de Espa\u00f1a, Manchester United de Inglaterra y Paris Saint-Germain de Francia.<\/p>\n<p>\u00abMe gusta Boca, me encanta Boca, pero no me puedo comparar con el hincha. Yo soy m\u00e1s un admirador, alguien que ha visto por la televisi\u00f3n mucho a Boca. Mi padre ven\u00eda mucho a la Argentina y yo siempre le preguntaba por Boca. Yo tengo pasi\u00f3n, adem\u00e1s de jugar al f\u00fatbol\u00bb, dijo Herrera en junio de 2023 cuando visit\u00f3 el pa\u00eds para unas vacaciones. M\u00e1s all\u00e1 de esta simpat\u00eda por el club de la Ribera, lo cierto es que el futbolista tiene contrato vigente con el Athl\u00e9tic Bilbao y su salida implicar\u00e1 una ardua negociaci\u00f3n.<\/p>\n<p>Por el momento, el \u00fanico refuerzo con el que cuenta Fernando Gago es el chileno Carlos Palacios. Adem\u00e1s, el club ya cerr\u00f3 al defensor argentino Ayrton Costa, del Royal Anwerp de B\u00e9lgica, a cambio de 3,5 millones de d\u00f3lares por la totalidad de la ficha. El jugador se sumar\u00e1 a la pretemporada una vez que pase la revisi\u00f3n m\u00e9dica y firme su contrato hasta diciembre de 2027.<\/p>\n<p>Costa se desempe\u00f1a como marcador central, pero tambi\u00e9n puede jugar de lateral, caracter\u00edstica que el DT Gago consider\u00f3 fundamental para su arribo. <\/p>\n<p>El equipo debutar\u00e1 oficialmente este a\u00f1o en la nueva edici\u00f3n de la Copa Argentina, cuando se enfrente con Argentino de Monte Ma\u00edz, el mi\u00e9rcoles 22 de enero.\u00a0<\/p>\n<p><!-- Live Blog Post --><\/div>\n<p><a href=\"https:\/\/www.pagina12.com.ar\/795277-boca-suena-con-fichar-al-internacional-espanol-ander-herrera\">source<\/a><\/p>\n","protected":false},"excerpt":{"rendered":"<p>En medio del mercado de pases, Boca dio un paso importante para sumar a una&#8230;<\/p>\n","protected":false},"author":3,"featured_media":17671,"comment_status":"closed","ping_status":"closed","sticky":false,"template":"","format":"standard","meta":{"footnotes":""},"categories":[21],"tags":[],"class_list":["post-17670","post","type-post","status-publish","format-standard","has-post-thumbnail","hentry","category-deportes"],"featured_image_urls":{"full":["https:\/\/fmamiga909.com.ar\/wp-content\/uploads\/2025\/01\/wp-header-logo-69.png",960,540,false],"thumbnail":["https:\/\/fmamiga909.com.ar\/wp-content\/uploads\/2025\/01\/wp-header-logo-69-150x150.png",150,150,true],"medium":["https:\/\/fmamiga909.com.ar\/wp-content\/uploads\/2025\/01\/wp-header-logo-69-300x169.png",300,169,true],"medium_large":["https:\/\/fmamiga909.com.ar\/wp-content\/uploads\/2025\/01\/wp-header-logo-69.png",960,540,false],"large":["https:\/\/fmamiga909.com.ar\/wp-content\/uploads\/2025\/01\/wp-header-logo-69.png",640,360,false],"1536x1536":["https:\/\/fmamiga909.com.ar\/wp-content\/uploads\/2025\/01\/wp-header-logo-69.png",960,540,false],"2048x2048":["https:\/\/fmamiga909.com.ar\/wp-content\/uploads\/2025\/01\/wp-header-logo-69.png",960,540,false],"newsium-slider-full":["https:\/\/fmamiga909.com.ar\/wp-content\/uploads\/2025\/01\/wp-header-logo-69.png",960,540,false],"newsium-featured":["https:\/\/fmamiga909.com.ar\/wp-content\/uploads\/2025\/01\/wp-header-logo-69.png",960,540,false],"newsium-medium":["https:\/\/fmamiga909.com.ar\/wp-content\/uploads\/2025\/01\/wp-header-logo-69-720x475.png",720,475,true]},"author_info":{"display_name":"Fredy Giuliano","author_link":"https:\/\/fmamiga909.com.ar\/?author=3"},"category_info":"<a href=\"https:\/\/fmamiga909.com.ar\/?cat=21\" rel=\"category\">Deportes<\/a>","tag_info":"Deportes","comment_count":"0","_links":{"self":[{"href":"https:\/\/fmamiga909.com.ar\/index.php?rest_route=\/wp\/v2\/posts\/17670","targetHints":{"allow":["GET"]}}],"collection":[{"href":"https:\/\/fmamiga909.com.ar\/index.php?rest_route=\/wp\/v2\/posts"}],"about":[{"href":"https:\/\/fmamiga909.com.ar\/index.php?rest_route=\/wp\/v2\/types\/post"}],"author":[{"embeddable":true,"href":"https:\/\/fmamiga909.com.ar\/index.php?rest_route=\/wp\/v2\/users\/3"}],"replies":[{"embeddable":true,"href":"https:\/\/fmamiga909.com.ar\/index.php?rest_route=%2Fwp%2Fv2%2Fcomments&post=17670"}],"version-history":[{"count":0,"href":"https:\/\/fmamiga909.com.ar\/index.php?rest_route=\/wp\/v2\/posts\/17670\/revisions"}],"wp:featuredmedia":[{"embeddable":true,"href":"https:\/\/fmamiga909.com.ar\/index.php?rest_route=\/wp\/v2\/media\/17671"}],"wp:attachment":[{"href":"https:\/\/fmamiga909.com.ar\/index.php?rest_route=%2Fwp%2Fv2%2Fmedia&parent=17670"}],"wp:term":[{"taxonomy":"category","embeddable":true,"href":"https:\/\/fmamiga909.com.ar\/index.php?rest_route=%2Fwp%2Fv2%2Fcategories&post=17670"},{"taxonomy":"post_tag","embeddable":true,"href":"https:\/\/fmamiga909.com.ar\/index.php?rest_route=%2Fwp%2Fv2%2Ftags&post=17670"}],"curies":[{"name":"wp","href":"https:\/\/api.w.org\/{rel}","templated":true}]}}