{"id":17674,"date":"2025-01-07T23:50:36","date_gmt":"2025-01-07T23:50:36","guid":{"rendered":"https:\/\/fmamiga909.com.ar\/?p=17674"},"modified":"2025-01-07T23:50:36","modified_gmt":"2025-01-07T23:50:36","slug":"rodrigo-garro-volvio-a-brasil-luego-del-accidente-fatal","status":"publish","type":"post","link":"https:\/\/fmamiga909.com.ar\/?p=17674","title":{"rendered":"Rodrigo Garro volvi\u00f3 a Brasil luego del accidente fatal\u00a0"},"content":{"rendered":"<div><!-- Body --><\/p>\n<p>El futbolista Rodrigo Garro, imputado por homicidio culposo tras un accidente en La Pampa que result\u00f3 en la muerte de un motociclista, volvi\u00f3 a Brasil para sumarse a la pretemporada del Corinthians.<\/p>\n<p>Aunque evit\u00f3 a la prensa en su llegada y se retir\u00f3 por una puerta alternativa en el aeropuerto, el t\u00e9cnico Ram\u00f3n D\u00edaz se refiri\u00f3 al caso: \u00abCiertamente es una situaci\u00f3n muy dif\u00edcil, pero se va a resolver\u00bb.<\/p>\n<p>Garro arrib\u00f3 a Brasil el lunes 6 de enero por la noche, pero su retorno estuvo marcado por el hermetismo. Seg\u00fan reportaron medios locales, el volante no realiz\u00f3 declaraciones p\u00fablicas y opt\u00f3 por evitar el contacto con periodistas al salir por otra puerta.<\/p>\n<p>Pese a la gravedad del hecho, el jugador retom\u00f3 las actividades con el plantel que dirige el riojano D\u00edaz, mientras el proceso judicial en su contra sigue su curso en Argentina. Adem\u00e1s, el t\u00e9cnico expres\u00f3 su confianza en el sistema judicial: \u00abTengo mucha fe en la Justicia de Argentina\u00bb.<\/p>\n<p>La Fiscal\u00eda formaliz\u00f3 la imputaci\u00f3n por homicidio culposo y orden\u00f3 la inhabilitaci\u00f3n de la licencia de conducir de Garro, aunque no solicit\u00f3 medidas de coerci\u00f3n. Seg\u00fan el fiscal Francisco Cuenca, no se impusieron restricciones para que el mediocampista pueda viajar al exterior debido a su colaboraci\u00f3n con la causa y la falta de riesgo de fuga.<\/p>\n<p>Adem\u00e1s, Cuenca explic\u00f3 que la investigaci\u00f3n est\u00e1 en curso, con an\u00e1lisis de c\u00e1maras de seguridad y pericias t\u00e9cnicas para determinar las responsabilidades en el accidente.<\/p>\n<p>El caso, que gener\u00f3 un fuerte impacto tanto en el \u00e1mbito deportivo como judicial, contin\u00faa bajo la lupa de las autoridades y entre las pericias pendientes se eval\u00faan las condiciones de ambos veh\u00edculos y el estado del motociclista fallecido al momento del accidente. Mientras tanto, Garro permanece en Brasil, donde contin\u00faa entrenando con Corinthians, a la espera de nuevas resoluciones judiciales.<\/p>\n<p><!-- Live Blog Post --><\/div>\n<p><a href=\"https:\/\/www.pagina12.com.ar\/795299-rodrigo-garro-volvio-a-brasil-luego-del-accidente-fatal\">source<\/a><\/p>\n","protected":false},"excerpt":{"rendered":"<p>El futbolista Rodrigo Garro, imputado por homicidio culposo tras un accidente en La Pampa que&#8230;<\/p>\n","protected":false},"author":3,"featured_media":17675,"comment_status":"closed","ping_status":"closed","sticky":false,"template":"","format":"standard","meta":{"footnotes":""},"categories":[21],"tags":[],"class_list":["post-17674","post","type-post","status-publish","format-standard","has-post-thumbnail","hentry","category-deportes"],"featured_image_urls":{"full":["https:\/\/fmamiga909.com.ar\/wp-content\/uploads\/2025\/01\/wp-header-logo-71.png",960,540,false],"thumbnail":["https:\/\/fmamiga909.com.ar\/wp-content\/uploads\/2025\/01\/wp-header-logo-71-150x150.png",150,150,true],"medium":["https:\/\/fmamiga909.com.ar\/wp-content\/uploads\/2025\/01\/wp-header-logo-71-300x169.png",300,169,true],"medium_large":["https:\/\/fmamiga909.com.ar\/wp-content\/uploads\/2025\/01\/wp-header-logo-71.png",960,540,false],"large":["https:\/\/fmamiga909.com.ar\/wp-content\/uploads\/2025\/01\/wp-header-logo-71.png",640,360,false],"1536x1536":["https:\/\/fmamiga909.com.ar\/wp-content\/uploads\/2025\/01\/wp-header-logo-71.png",960,540,false],"2048x2048":["https:\/\/fmamiga909.com.ar\/wp-content\/uploads\/2025\/01\/wp-header-logo-71.png",960,540,false],"newsium-slider-full":["https:\/\/fmamiga909.com.ar\/wp-content\/uploads\/2025\/01\/wp-header-logo-71.png",960,540,false],"newsium-featured":["https:\/\/fmamiga909.com.ar\/wp-content\/uploads\/2025\/01\/wp-header-logo-71.png",960,540,false],"newsium-medium":["https:\/\/fmamiga909.com.ar\/wp-content\/uploads\/2025\/01\/wp-header-logo-71-720x475.png",720,475,true]},"author_info":{"display_name":"Fredy Giuliano","author_link":"https:\/\/fmamiga909.com.ar\/?author=3"},"category_info":"<a href=\"https:\/\/fmamiga909.com.ar\/?cat=21\" rel=\"category\">Deportes<\/a>","tag_info":"Deportes","comment_count":"0","_links":{"self":[{"href":"https:\/\/fmamiga909.com.ar\/index.php?rest_route=\/wp\/v2\/posts\/17674","targetHints":{"allow":["GET"]}}],"collection":[{"href":"https:\/\/fmamiga909.com.ar\/index.php?rest_route=\/wp\/v2\/posts"}],"about":[{"href":"https:\/\/fmamiga909.com.ar\/index.php?rest_route=\/wp\/v2\/types\/post"}],"author":[{"embeddable":true,"href":"https:\/\/fmamiga909.com.ar\/index.php?rest_route=\/wp\/v2\/users\/3"}],"replies":[{"embeddable":true,"href":"https:\/\/fmamiga909.com.ar\/index.php?rest_route=%2Fwp%2Fv2%2Fcomments&post=17674"}],"version-history":[{"count":0,"href":"https:\/\/fmamiga909.com.ar\/index.php?rest_route=\/wp\/v2\/posts\/17674\/revisions"}],"wp:featuredmedia":[{"embeddable":true,"href":"https:\/\/fmamiga909.com.ar\/index.php?rest_route=\/wp\/v2\/media\/17675"}],"wp:attachment":[{"href":"https:\/\/fmamiga909.com.ar\/index.php?rest_route=%2Fwp%2Fv2%2Fmedia&parent=17674"}],"wp:term":[{"taxonomy":"category","embeddable":true,"href":"https:\/\/fmamiga909.com.ar\/index.php?rest_route=%2Fwp%2Fv2%2Fcategories&post=17674"},{"taxonomy":"post_tag","embeddable":true,"href":"https:\/\/fmamiga909.com.ar\/index.php?rest_route=%2Fwp%2Fv2%2Ftags&post=17674"}],"curies":[{"name":"wp","href":"https:\/\/api.w.org\/{rel}","templated":true}]}}