{"id":17680,"date":"2025-01-08T17:35:34","date_gmt":"2025-01-08T17:35:34","guid":{"rendered":"https:\/\/fmamiga909.com.ar\/?p=17680"},"modified":"2025-01-08T17:35:34","modified_gmt":"2025-01-08T17:35:34","slug":"quintero-continuara-su-carrera-en-el-america-de-cali","status":"publish","type":"post","link":"https:\/\/fmamiga909.com.ar\/?p=17680","title":{"rendered":"Quintero continuar\u00e1 su carrera en el Am\u00e9rica de Cali"},"content":{"rendered":"<div><!-- Body --><\/p>\n<p>El ciclo del colombiano Juan Fernando Quintero en Racing lleg\u00f3 a su fin. Tal como era su intenci\u00f3n, el talentoso mediocampista regresar\u00e1 a su pa\u00eds natal, luego de que el Am\u00e9rica de Cali le presentara a Racing una oferta definitiva de 2.500.000 de d\u00f3lares. con lo que se pone fin a unas semanas de tensi\u00f3n entre el jugador y la dirigencia.<\/p>\n<p>   Despu\u00e9s de un a\u00f1o y medio en el club, Quintero dejar\u00e1 la \u00abAcademia\u00bb tras la hist\u00f3rica conquista de la Copa Sudamericana 2024. Desde que termin\u00f3 la temporada pasada, el volante hab\u00eda dejado en claro su intenci\u00f3n de volver a Colombia para estar cerca de su familia, una decisi\u00f3n motivada por problemas personales, entre ellos, la salud de su esposa. A pesar de los refuerzos de Racing por retenerlo, el futbolista decidi\u00f3 no participar en la pretemporada en Paraguay bajo las \u00f3rdenes de Gustavo Costas, lo que aceler\u00f3 las negociaciones para su salida.<\/p>\n<p>   El Am\u00e9rica de Cali, que compet\u00eda con otros equipos interesados en el futbolista como Junior de Barranquilla y Millonarios, fue quien cumpli\u00f3 con las expectativas econ\u00f3micas de Racing. Luego de rechazar dos ofertas iniciales de un mill\u00f3n y dos millones de d\u00f3lares, el club colombiano subi\u00f3 su propuesta a dos millones y medio, con una forma de pago cercana a lo que pretend\u00eda Racing, lo que permiti\u00f3 destrabar su operaci\u00f3n.<\/p>\n<p>   En Avellaneda aceptaron la cifra, considerando tambi\u00e9n que se ahorrar\u00e1n el salario correspondiente al a\u00f1o restante de contrato de Quintero, cuyo total hab\u00eda implicado una inversi\u00f3n de 3.6000.000 de d\u00f3lares entre el traspaso y su remuneraci\u00f3n.<\/p>\n<p>   La partida de Quintero marca el final de una etapa en Racing que, aunque fue breve, dej\u00f3 una huella importante. Su calidad t\u00e9cnica fue clave para el equipo en la conquista de la Copa Sudamericana, un t\u00edtulo que quedar\u00e1 en la memoria de los fan\u00e1ticos de la \u00abAcademia\u00bb. Sin embargo, la decisi\u00f3n unilateral del jugador de no viajar con el plantel y las tensas negociaciones para su salida generaron un desgaste que ahora cede el paso al cierre de este cap\u00edtulo.<\/p>\n<p><!-- Live Blog Post --><\/div>\n<p><a href=\"https:\/\/www.pagina12.com.ar\/795471-quintero-continuara-su-carrera-en-el-america-de-cali\">source<\/a><\/p>\n","protected":false},"excerpt":{"rendered":"<p>El ciclo del colombiano Juan Fernando Quintero en Racing lleg\u00f3 a su fin. Tal como&#8230;<\/p>\n","protected":false},"author":3,"featured_media":17681,"comment_status":"closed","ping_status":"closed","sticky":false,"template":"","format":"standard","meta":{"footnotes":""},"categories":[21],"tags":[],"class_list":["post-17680","post","type-post","status-publish","format-standard","has-post-thumbnail","hentry","category-deportes"],"featured_image_urls":{"full":["https:\/\/fmamiga909.com.ar\/wp-content\/uploads\/2025\/01\/wp-header-logo-74.png",960,540,false],"thumbnail":["https:\/\/fmamiga909.com.ar\/wp-content\/uploads\/2025\/01\/wp-header-logo-74-150x150.png",150,150,true],"medium":["https:\/\/fmamiga909.com.ar\/wp-content\/uploads\/2025\/01\/wp-header-logo-74-300x169.png",300,169,true],"medium_large":["https:\/\/fmamiga909.com.ar\/wp-content\/uploads\/2025\/01\/wp-header-logo-74.png",960,540,false],"large":["https:\/\/fmamiga909.com.ar\/wp-content\/uploads\/2025\/01\/wp-header-logo-74.png",640,360,false],"1536x1536":["https:\/\/fmamiga909.com.ar\/wp-content\/uploads\/2025\/01\/wp-header-logo-74.png",960,540,false],"2048x2048":["https:\/\/fmamiga909.com.ar\/wp-content\/uploads\/2025\/01\/wp-header-logo-74.png",960,540,false],"newsium-slider-full":["https:\/\/fmamiga909.com.ar\/wp-content\/uploads\/2025\/01\/wp-header-logo-74.png",960,540,false],"newsium-featured":["https:\/\/fmamiga909.com.ar\/wp-content\/uploads\/2025\/01\/wp-header-logo-74.png",960,540,false],"newsium-medium":["https:\/\/fmamiga909.com.ar\/wp-content\/uploads\/2025\/01\/wp-header-logo-74-720x475.png",720,475,true]},"author_info":{"display_name":"Fredy Giuliano","author_link":"https:\/\/fmamiga909.com.ar\/?author=3"},"category_info":"<a href=\"https:\/\/fmamiga909.com.ar\/?cat=21\" rel=\"category\">Deportes<\/a>","tag_info":"Deportes","comment_count":"0","_links":{"self":[{"href":"https:\/\/fmamiga909.com.ar\/index.php?rest_route=\/wp\/v2\/posts\/17680","targetHints":{"allow":["GET"]}}],"collection":[{"href":"https:\/\/fmamiga909.com.ar\/index.php?rest_route=\/wp\/v2\/posts"}],"about":[{"href":"https:\/\/fmamiga909.com.ar\/index.php?rest_route=\/wp\/v2\/types\/post"}],"author":[{"embeddable":true,"href":"https:\/\/fmamiga909.com.ar\/index.php?rest_route=\/wp\/v2\/users\/3"}],"replies":[{"embeddable":true,"href":"https:\/\/fmamiga909.com.ar\/index.php?rest_route=%2Fwp%2Fv2%2Fcomments&post=17680"}],"version-history":[{"count":0,"href":"https:\/\/fmamiga909.com.ar\/index.php?rest_route=\/wp\/v2\/posts\/17680\/revisions"}],"wp:featuredmedia":[{"embeddable":true,"href":"https:\/\/fmamiga909.com.ar\/index.php?rest_route=\/wp\/v2\/media\/17681"}],"wp:attachment":[{"href":"https:\/\/fmamiga909.com.ar\/index.php?rest_route=%2Fwp%2Fv2%2Fmedia&parent=17680"}],"wp:term":[{"taxonomy":"category","embeddable":true,"href":"https:\/\/fmamiga909.com.ar\/index.php?rest_route=%2Fwp%2Fv2%2Fcategories&post=17680"},{"taxonomy":"post_tag","embeddable":true,"href":"https:\/\/fmamiga909.com.ar\/index.php?rest_route=%2Fwp%2Fv2%2Ftags&post=17680"}],"curies":[{"name":"wp","href":"https:\/\/api.w.org\/{rel}","templated":true}]}}