{"id":17918,"date":"2025-01-18T20:17:20","date_gmt":"2025-01-18T20:17:20","guid":{"rendered":"https:\/\/fmamiga909.com.ar\/?p=17918"},"modified":"2025-01-18T20:17:20","modified_gmt":"2025-01-18T20:17:20","slug":"y-si-te-llama-el-muneco-los-15-jugadores-que-regresaron-con-gallardo","status":"publish","type":"post","link":"https:\/\/fmamiga909.com.ar\/?p=17918","title":{"rendered":"\u00bfY si te llama el Mu\u00f1eco? Los 15 jugadores que regresaron con Gallardo"},"content":{"rendered":"<div><!-- Body --><\/p>\n<p>River Plate arm\u00f3 un plan, bajo el mando de\u00a0<b>Marcelo Gallardo <\/b>y las dirigencias de <b>Rodolfo D&#8217;Onofrio<\/b> y su sucesor <b>Jorge Brito,<\/b> para repatriar a futbolistas que pasaron y dejaron su marca en el club. El nombre del entrenador seduce, y su liderazgo en el plantel mucho m\u00e1s para varios futbolistas, que ya lo tuvieron en su primera etapa.<\/p>\n<p>El regreso de <b>Gonzalo Montiel<\/b> gener\u00f3 mucho revuelo en el mundo River, y se suma a una gran lista de \u00abcanteranos\u00bb que volvieron a N\u00fa\u00f1ez por pedido del t\u00e9cnico. El defensor campe\u00f3n del Mundo en <b>Qatar 2022 <\/b>con la Selecci\u00f3n Argentina se sum\u00f3 al plantel en las \u00faltimas horas. El lateral derecho regresa por un llamado del entrenador, que lo hizo debutar en Primera Divisi\u00f3n el 30 de abril de 2016, en el empate sin goles frente a V\u00e9lez por el torneo local.<\/p>\n<p>Durante el vigente mercado de pases, <b>Lucas Mart\u00ednez Quarta <\/b>dej\u00f3 de ser el capit\u00e1n de la Fiorentina para sumarse al conjunto riverplatense, por pedido del exitoso director t\u00e9cnico que lo hizo debutar tambi\u00e9n en 2016. Luego de cuatro temporadas en N\u00fa\u00f1ez, el zaguero emigr\u00f3 a Italia para jugar en el equipo de Florencia. Y <b>a los 28 a\u00f1os, decidi\u00f3 que era momento de pegar la vuelta<\/b> al club del que surgi\u00f3.<\/p>\n<p>Durante este mercado veraniego, otro que regres\u00f3 fue <b>Enzo P\u00e9rez<\/b>, multicampe\u00f3n con River y de muy buena relaci\u00f3n con Gallardo. El volante central, de 38 a\u00f1os, jug\u00f3 el a\u00f1o pasado en Estudiantes, y cuando finaliz\u00f3 su contrato, habl\u00f3 con el actual conductor para retornar a River, donde <b>gan\u00f3 diez t\u00edtulos<\/b> (Trofeo de Campeones 2021 y 2023, Torneo de la Liga 2021 y 2023, Copa Argentina 2017 y 2019, Supercopa Argentina 2017 y 2019, y la Copa Libertadores 2018 y Recopa 2019). Indudablemente, Gallardo mucho tuvo que ver con la vuelta del mendocino, que se fue de River en diciembre de 2023 por diferencias con <b>Mart\u00edn Demichelis.<\/b><\/p>\n<p>Por su parte,<b> Sebasti\u00e1n Driussi <\/b>est\u00e1 de regreso. El delantero se plant\u00f3 en el Austin FC de los Estados Unidos para que lo liberaran, luego de tres temporadas. No obstante, la dirigencia de River tuvo que hacer una inversi\u00f3n importante de <b>diez millones de d\u00f3lares<\/b> para destrabar la salida del goleador, m\u00e1s all\u00e1 del convencimiento del t\u00e9cnico para su vuelta.<\/p>\n<p>El atacante, de 28 a\u00f1os, es un hombre de la casa que se form\u00f3 en N\u00fa\u00f1ez, donde debut\u00f3 en el 2013 de la mano de <b>Ram\u00f3n D\u00edaz,<\/b> aunque a partir del a\u00f1o siguiente con la llegada de Gallardo tuvo m\u00e1s continuidad, y se fue consolidando como titular. \u00abRiver me form\u00f3 como jugador y como persona\u00bb, destac\u00f3 el futbolista en el 2015, en el mejor momento de su carrera. Aquel a\u00f1o se consagr\u00f3 <b>campe\u00f3n de la Copa Libertadores.<\/b><\/p>\n<p>En el comienzo del segundo ciclo de Gallardo como orientador del plantel, en julio del a\u00f1o pasado, <b>Germ\u00e1n Pezzella <\/b>abandon\u00f3 la cinta de capit\u00e1n de Betis para retornar al club de sus amores. En ese momento, el entrenador lo llam\u00f3 por tel\u00e9fono y el zaguero de Bah\u00eda Blanca no dudo en regresar luego de casi diez a\u00f1os de haber jugado en Europa. El marcador central, de 33 abriles, debut\u00f3 con la camiseta de la banda en la segunda divisi\u00f3n del f\u00fatbol argentino, durante 2011. Tres temporadas m\u00e1s tarde, ya con Gallardo como t\u00e9cnico, se consagr\u00f3 <b>campe\u00f3n de la Copa Sudamericana y la Recopa en 2014,<\/b> y de la Libertadores en 2015, antes de partir rumbo al Viejo Continente.<\/p>\n<div class=\"medium-insert-embeds\">\n<figure>\n<div class=\"medium-insert-embed\">\n<div align=\"center\">\n<figure role=\"group\" class=\"caption caption-div embedded-entity\"><figcaption>El campe\u00f3n del mundo Montiel jug\u00f3 en el Sevilla. Imagen: Prensa Sevilla.<\/figcaption><\/figure>\n<\/div><\/div>\n<\/figure>\n<\/div>\n<p>Durante el primer ciclo de Gallardo en N\u00fa\u00f1ez, que abarc\u00f3 entre junio de 2014 y diciembre de 2022, regresaron diez futbolistas de la cantera millonaria. Pese a las lesiones que padec\u00eda, que lo ten\u00edan a maltraer en Malasia, <b>Pablo Aimar<\/b> fue el primero en regresar tras un mal paso por el Johor Darul Takzim. En ese momento, recibi\u00f3 el llamado de Gallardo que lo convenci\u00f3 de intentarlo una vez m\u00e1s. El cordob\u00e9s acept\u00f3, pero <b>no pudo mejorar f\u00edsicamente<\/b> y apenas jug\u00f3 unos minutos, antes de recalar en Estudiantes de R\u00edo Cuarto.<\/p>\n<p>Por su parte, <b>Luis Gonz\u00e1lez<\/b> tambi\u00e9n tuvo un regreso opaco. Se fue del f\u00fatbol de Qatar y tuvo posibilidades de regresar al Porto de Portugal, donde es \u00eddolo. Sin embargo, Gallardo lo sedujo para jugar la recta final de la Libertadores 2015 y acept\u00f3. Otro que tuvo una segunda etapa sin pena ni gloria fue <b>Javier Saviola.<\/b> Despu\u00e9s de muchos intentos, el t\u00e9cnico lo tent\u00f3 personalmente para volver al club, y dej\u00f3 el <b>Hellas Verona<\/b> de Italia para regresar a Buenos Aires. Luego de un semestre de bajo rendimiento, se retir\u00f3 como profesional.<\/p>\n<p><b>Andr\u00e9s D&#8217;Alessandro<\/b> es otro de los jugadores que fue convencido por el t\u00e9cnico para dejar el Inter de Porto Alegre y regresar a N\u00fa\u00f1ez. El volante arranc\u00f3 bien su segundo ciclo: fue titular de entrada y marc\u00f3 el primer tanto en la goleada 6-0 frente a The Strongest por la fase de grupos de la Libertadores 2016. Ese a\u00f1o, el mediocampista ofensivo gan\u00f3 la Recopa Sudamericana, pero luego en un partido contra Banfield por el torneo local tuvo un cruce con Gallardo, y <b>volvi\u00f3 a Brasil en el 2017<\/b>. En tanto, <b>Germ\u00e1n Lux <\/b>es un caso similar al del D&#8217;Alessandro. El entrenador lo convenci\u00f3 de dejar el f\u00fatbol espa\u00f1ol para ser el reemplazante de <b>Marcelo Barovero.<\/b> El arquero no rindi\u00f3 lo esperado hasta que la llegada de <b>Franco Armani le quit\u00f3<\/b>\u00a0el puesto. Luego, se retir\u00f3 profesionalmente en la instituci\u00f3n que lo vio nacer para transformarse en ayudante de campo de Demichelis.<\/p>\n<p>Por otra parte, <b>Ariel Rojas<\/b> tuvo su primera etapa en River en el 2015 bajo el mando del exitoso conductor. Luego se fue al f\u00fatbol mexicano. Pese a su alto contrato, el jugador extra\u00f1aba mucho el mundo River y rescindi\u00f3 su v\u00ednculo para volver. Lo mismo sucedi\u00f3 con <b>Jonathan Maidana.<\/b> Se fue a M\u00e9xico con la intenci\u00f3n de hacer una diferencia econ\u00f3mica en el sprint final de su carrera. Sin embargo, el entrenador lo llam\u00f3 y el caudillo no dud\u00f3. En diciembre de 2023, el defensor anunci\u00f3 su salida tras confirmar que no renovar\u00eda su v\u00ednculo, y de esta manera, cerr\u00f3 su etapa de m\u00e1s de 11 a\u00f1os en N\u00fa\u00f1ez, con 16 t\u00edtulos en su haber y m\u00e1s de 315 partidos disputados.<\/p>\n<div class=\"medium-insert-embeds\">\n<figure>\n<div class=\"medium-insert-embed\">\n<div align=\"center\">\n<figure role=\"group\" class=\"caption caption-div embedded-entity\"><figcaption>Sebasti\u00e1n Driussi es uno de los \u00faltimo arribados. Imagen: Redes Sociales.<\/figcaption><\/figure>\n<\/div><\/div>\n<\/figure>\n<\/div>\n<p><b>Enzo Fern\u00e1ndez<\/b> fue moldeado en las divisiones inferiores millonarias hasta su debut en Primera, de la mano de Gallardo. Al tener poco rodaje, tuvo un paso por Defensa y Justicia, que gan\u00f3 la Sudamericana en el 2020. Luego recibi\u00f3 el llamado de Gallardo y regres\u00f3 para ganarse un lugar, antes de ser <b>vendido a Europa y convertirse en una de las ventas m\u00e1s caras de la instituci\u00f3n.<\/b><\/p>\n<p>Por su parte, <b>Juan Fernando Quintero <\/b>es un caso especial. En enero de 2024, lleg\u00f3 a River por primera vez mediante un pedido de Gallardo. El colombiano rindi\u00f3 de la mejor manera. Se consagr\u00f3 campe\u00f3n en la Libertadores 2018 tras ganarle a Boca en Madrid, siendo la figura del partido. Luego de esa gran actuaci\u00f3n, River decide ejecutar la opci\u00f3n de compra de 3,5 millones de euros al Porto, qued\u00e1ndose as\u00ed con los servicios del futbolista. <b>En octubre de 2020 se fue al f\u00fatbol chino<\/b> para hacer una diferencia econ\u00f3mica. Un a\u00f1o y medio despu\u00e9s, resign\u00f3 dinero en China y se confirm\u00f3 su vuelta a River por un llamado de Gallardo. Por \u00faltimo, <b>Leandro Gonz\u00e1lez Pirez<\/b> era una figura de la MLS siendo jugador del Inter Miami, antes de la llegada de Lionel Messi. El marcador central recibi\u00f3 el llamado de Gallardo en el 2022, y decidi\u00f3 dejar la comodidad del salario franquicia en los Estados Unidos para regresar a N\u00fa\u00f1ez.<\/p>\n<p>Los <b>15 regresos <\/b>por llamados telef\u00f3nicos de Gallardo, no hace m\u00e1s que confirmar el poder de convencimiento \u00fanico que tiene el entrenador. Con su impronta, personifica como nadie el sentido de pertenencia, ese que lleva a los jugadores a <b>priorizar a River por encima de todo.<\/b><\/p>\n<p><!-- Live Blog Post --><\/div>\n<p><a href=\"https:\/\/www.pagina12.com.ar\/797772-y-si-te-llama-el-muneco-los-15-jugadores-que-regresaron-con-\">source<\/a><\/p>\n","protected":false},"excerpt":{"rendered":"<p>River Plate arm\u00f3 un plan, bajo el mando de\u00a0Marcelo Gallardo y las dirigencias de Rodolfo&#8230;<\/p>\n","protected":false},"author":3,"featured_media":17919,"comment_status":"closed","ping_status":"closed","sticky":false,"template":"","format":"standard","meta":{"footnotes":""},"categories":[21],"tags":[],"class_list":["post-17918","post","type-post","status-publish","format-standard","has-post-thumbnail","hentry","category-deportes"],"featured_image_urls":{"full":["https:\/\/fmamiga909.com.ar\/wp-content\/uploads\/2025\/01\/wp-header-logo-187.png",960,540,false],"thumbnail":["https:\/\/fmamiga909.com.ar\/wp-content\/uploads\/2025\/01\/wp-header-logo-187-150x150.png",150,150,true],"medium":["https:\/\/fmamiga909.com.ar\/wp-content\/uploads\/2025\/01\/wp-header-logo-187-300x169.png",300,169,true],"medium_large":["https:\/\/fmamiga909.com.ar\/wp-content\/uploads\/2025\/01\/wp-header-logo-187.png",960,540,false],"large":["https:\/\/fmamiga909.com.ar\/wp-content\/uploads\/2025\/01\/wp-header-logo-187.png",640,360,false],"1536x1536":["https:\/\/fmamiga909.com.ar\/wp-content\/uploads\/2025\/01\/wp-header-logo-187.png",960,540,false],"2048x2048":["https:\/\/fmamiga909.com.ar\/wp-content\/uploads\/2025\/01\/wp-header-logo-187.png",960,540,false],"newsium-slider-full":["https:\/\/fmamiga909.com.ar\/wp-content\/uploads\/2025\/01\/wp-header-logo-187.png",960,540,false],"newsium-featured":["https:\/\/fmamiga909.com.ar\/wp-content\/uploads\/2025\/01\/wp-header-logo-187.png",960,540,false],"newsium-medium":["https:\/\/fmamiga909.com.ar\/wp-content\/uploads\/2025\/01\/wp-header-logo-187-720x475.png",720,475,true]},"author_info":{"display_name":"Fredy Giuliano","author_link":"https:\/\/fmamiga909.com.ar\/?author=3"},"category_info":"<a href=\"https:\/\/fmamiga909.com.ar\/?cat=21\" rel=\"category\">Deportes<\/a>","tag_info":"Deportes","comment_count":"0","_links":{"self":[{"href":"https:\/\/fmamiga909.com.ar\/index.php?rest_route=\/wp\/v2\/posts\/17918","targetHints":{"allow":["GET"]}}],"collection":[{"href":"https:\/\/fmamiga909.com.ar\/index.php?rest_route=\/wp\/v2\/posts"}],"about":[{"href":"https:\/\/fmamiga909.com.ar\/index.php?rest_route=\/wp\/v2\/types\/post"}],"author":[{"embeddable":true,"href":"https:\/\/fmamiga909.com.ar\/index.php?rest_route=\/wp\/v2\/users\/3"}],"replies":[{"embeddable":true,"href":"https:\/\/fmamiga909.com.ar\/index.php?rest_route=%2Fwp%2Fv2%2Fcomments&post=17918"}],"version-history":[{"count":0,"href":"https:\/\/fmamiga909.com.ar\/index.php?rest_route=\/wp\/v2\/posts\/17918\/revisions"}],"wp:featuredmedia":[{"embeddable":true,"href":"https:\/\/fmamiga909.com.ar\/index.php?rest_route=\/wp\/v2\/media\/17919"}],"wp:attachment":[{"href":"https:\/\/fmamiga909.com.ar\/index.php?rest_route=%2Fwp%2Fv2%2Fmedia&parent=17918"}],"wp:term":[{"taxonomy":"category","embeddable":true,"href":"https:\/\/fmamiga909.com.ar\/index.php?rest_route=%2Fwp%2Fv2%2Fcategories&post=17918"},{"taxonomy":"post_tag","embeddable":true,"href":"https:\/\/fmamiga909.com.ar\/index.php?rest_route=%2Fwp%2Fv2%2Ftags&post=17918"}],"curies":[{"name":"wp","href":"https:\/\/api.w.org\/{rel}","templated":true}]}}