{"id":17928,"date":"2025-01-18T23:42:43","date_gmt":"2025-01-18T23:42:43","guid":{"rendered":"https:\/\/fmamiga909.com.ar\/?p=17928"},"modified":"2025-01-18T23:42:43","modified_gmt":"2025-01-18T23:42:43","slug":"los-sentidos-mensajes-de-boca-y-estudiantes-por-la-muerte-del-padre-de-martin-palermo","status":"publish","type":"post","link":"https:\/\/fmamiga909.com.ar\/?p=17928","title":{"rendered":"Los sentidos mensajes de Boca y Estudiantes por la muerte del padre de Mart\u00edn Palermo"},"content":{"rendered":"<div><!-- Body --><\/p>\n<p>Ante la triste noticia del fallecimiento de <b>Carlos Jorge Palermo<\/b>, el padre de Mart\u00edn Palermo, el mundo del f\u00fatbol envi\u00f3 sus condolencias al actual entrenador de <b>Olimpia<\/b>. En sus redes sociales, tanto el club paraguayo, como <b>Boca, Estudiantes<\/b> y las autoridades de la <b>Conmebol<\/b>, expresaron su respaldo al Tit\u00e1n en este dif\u00edcil momento.<\/p>\n<h3\/>\n<p>El Xeneize public\u00f3 un comunicado manifestando sus condolencias al m\u00e1ximo goleador de la instituci\u00f3n: \u00abEl Club Atl\u00e9tico Boca Juniors lamenta con profundo pesar el fallecimiento de Carlos Jorge Palermo, padre de Mart\u00edn Palermo\u00bb. \u00ab<b>Acompa\u00f1amos a Mart\u00edn y a toda su familia en este dif\u00edcil momento<\/b>, envi\u00e1ndoles nuestro cari\u00f1o y m\u00e1s sinceras condolencias en nombre de todos los Xeneizes\u00bb, a\u00f1adi\u00f3 la nota.<\/p>\n<div class=\"iframely-embed medium-embedded-content\" data-html=\"Jmx0O2Jsb2NrcXVvdGUgY2xhc3M9InR3aXR0ZXItdHdlZXQiIGRhdGEtZG50PSJ0cnVlIiBhbGlnbj0iY2VudGVyIiZndDsmbHQ7cCBsYW5nPSJlcyIgZGlyPSJsdHIiJmd0O0VzdGFtb3MgY29uIHZvcywgTWFydMOtbiDwn5KZ8J+Sm\/CfkpkgJmx0O2EgaHJlZj0iaHR0cHM6Ly90LmNvLzBZT2RYVkxYNG4iJmd0O3BpYy50d2l0dGVyLmNvbS8wWU9kWFZMWDRuJmx0Oy9hJmd0OyZsdDsvcCZndDsmYW1wO21kYXNoOyBCb2NhIEp1bmlvcnMgKEBCb2NhSnJzT2ZpY2lhbCkgJmx0O2EgaHJlZj0iaHR0cHM6Ly90d2l0dGVyLmNvbS9Cb2NhSnJzT2ZpY2lhbC9zdGF0dXMvMTg4MDY4MjczODc3ODYwNzcwND9yZWZfc3JjPXR3c3JjJTVFdGZ3IiZndDtKYW51YXJ5IDE4LCAyMDI1Jmx0Oy9hJmd0OyZsdDsvYmxvY2txdW90ZSZndDsKJmx0O3NjcmlwdCBhc3luYyBzcmM9Imh0dHBzOi8vcGxhdGZvcm0udHdpdHRlci5jb20vd2lkZ2V0cy5qcyIgY2hhcnNldD0idXRmLTgiJmd0OyZsdDsvc2NyaXB0Jmd0OwoKJmx0O2RpdiBjbGFzcz0ibWVkaXVtLWluc2VydC1lbWJlZHMtbWV0YSImZ3Q7Jmx0O3NjcmlwdCB0eXBlPSJ0ZXh0L2pzb24iJmd0O3sidXJsIjoiaHR0cHM6Ly90d2l0dGVyLmNvbS9Cb2NhSnJzT2ZpY2lhbC9zdGF0dXMvMTg4MDY4MjczODc3ODYwNzcwNCIsInR5cGUiOiJyaWNoIiwidmVyc2lvbiI6IjEuMCIsInRpdGxlIjoiQm9jYSBKdW5pb3JzIG9uIFR3aXR0ZXIgLyBYIiwiYXV0aG9yIjoiQm9jYSBKdW5pb3JzIiwiYXV0aG9yX3VybCI6Imh0dHBzOi8vdHdpdHRlci5jb20vQm9jYUpyc09maWNpYWwiLCJwcm92aWRlcl9uYW1lIjoiVHdpdHRlciIsImRlc2NyaXB0aW9uIjoiRXN0YW1vcyBjb24gdm9zLCBNYXJ0w61uIPCfkpnwn5Kb8J+SmSBwaWMudHdpdHRlci5jb20vMFlPZFhWTFg0buKAlCBCb2NhIEp1bmlvcnMgKEBCb2NhSnJzT2ZpY2lhbCkgSmFudWFyeSAxOCwgMjAyNVxuXG5cbiIsInRodW1ibmFpbF91cmwiOiJodHRwczovL3Bicy50d2ltZy5jb20vbWVkaWEvR2htRy1xbFdVQUFsdmdmLmpwZzpsYXJnZSIsInRodW1ibmFpbF93aWR0aCI6MTYzOCwidGh1bWJuYWlsX2hlaWdodCI6MjA0OCwiY2FjaGVfYWdlIjo4NjQwMCwib3B0aW9ucyI6eyJfaGlkZV9tZWRpYSI6eyJsYWJlbCI6IkhpZGUgcGhvdG9zLCB2aWRlb3MsIGFuZCBjYXJkcyIsInZhbHVlIjpmYWxzZX0sIl90aGVtZSI6eyJ2YWx1ZSI6IiIsInZhbHVlcyI6eyJkYXJrIjoiVXNlIGRhcmsgdGhlbWUifX0sIl9tYXh3aWR0aCI6eyJ2YWx1ZSI6IiIsImxhYmVsIjoiQWRqdXN0IHdpZHRoIiwicGxhY2Vob2xkZXIiOiIyMjAtNTUwLCBpbiBweCJ9fX0mbHQ7L3NjcmlwdCZndDsmbHQ7L2RpdiZndDs=\">\n                <a data-iframely-url=\"\" href=\"https:\/\/twitter.com\/BocaJrsOficial\/status\/1880682738778607704\">https:\/\/twitter.com\/BocaJrsOficial\/status\/1880682738778607704<\/a>\n              <\/div>\n<p>Adem\u00e1s, el Pincha le dedic\u00f3 un posteo en sus redes. \u00abEl Club Estudiantes de La Plata lamenta con profundo dolor el fallecimiento de Carlos Palermo, <b>hist\u00f3rico socio de nuestra instituci\u00f3n<\/b> y padre de nuestro ex futbolista Martin. Acompa\u00f1amos a Martin y a toda su familia en este duro momento\u00bb, precisaron.<\/p>\n<div class=\"iframely-embed medium-embedded-content\" data-html=\"Jmx0O2Jsb2NrcXVvdGUgY2xhc3M9InR3aXR0ZXItdHdlZXQiIGRhdGEtZG50PSJ0cnVlIiBhbGlnbj0iY2VudGVyIiZndDsmbHQ7cCBsYW5nPSJlcyIgZGlyPSJsdHIiJmd0O0VsIENsdWIgRXN0dWRpYW50ZXMgZGUgTGEgUGxhdGEgbGFtZW50YSBjb24gcHJvZnVuZG8gZG9sb3IgZWwgZmFsbGVjaW1pZW50byBkZSBDYXJsb3MgUGFsZXJtbywgaGlzdMOzcmljbyBzb2NpbyBkZSBudWVzdHJhIGluc3RpdHVjacOzbiB5IHBhZHJlIGRlIG51ZXN0cm8gZXggZnV0Ym9saXN0YSBNYXJ0aW4uIEFjb21wYcOxYW1vcyBhIE1hcnRpbiB5IGEgdG9kYSBzdSBmYW1pbGlhIGVuIGVzdGUgZHVybyBtb21lbnRvLiAmbHQ7YSBocmVmPSJodHRwczovL3QuY28vWXNwbHdrdUtndiImZ3Q7cGljLnR3aXR0ZXIuY29tL1lzcGx3a3VLZ3YmbHQ7L2EmZ3Q7Jmx0Oy9wJmd0OyZhbXA7bWRhc2g7IEVzdHVkaWFudGVzIGRlIExhIFBsYXRhIChARWRlbHBPZmljaWFsKSAmbHQ7YSBocmVmPSJodHRwczovL3R3aXR0ZXIuY29tL0VkZWxwT2ZpY2lhbC9zdGF0dXMvMTg4MDY5NzI1ODA2MjMxNTgxMz9yZWZfc3JjPXR3c3JjJTVFdGZ3IiZndDtKYW51YXJ5IDE4LCAyMDI1Jmx0Oy9hJmd0OyZsdDsvYmxvY2txdW90ZSZndDsKJmx0O3NjcmlwdCBhc3luYyBzcmM9Imh0dHBzOi8vcGxhdGZvcm0udHdpdHRlci5jb20vd2lkZ2V0cy5qcyIgY2hhcnNldD0idXRmLTgiJmd0OyZsdDsvc2NyaXB0Jmd0OwoKJmx0O2RpdiBjbGFzcz0ibWVkaXVtLWluc2VydC1lbWJlZHMtbWV0YSImZ3Q7Jmx0O3NjcmlwdCB0eXBlPSJ0ZXh0L2pzb24iJmd0O3sidXJsIjoiaHR0cHM6Ly90d2l0dGVyLmNvbS9FZGVscE9maWNpYWwvc3RhdHVzLzE4ODA2OTcyNTgwNjIzMTU4MTMiLCJ0eXBlIjoicmljaCIsInZlcnNpb24iOiIxLjAiLCJ0aXRsZSI6IkVzdHVkaWFudGVzIGRlIExhIFBsYXRhIG9uIFR3aXR0ZXIgLyBYIiwiYXV0aG9yIjoiRXN0dWRpYW50ZXMgZGUgTGEgUGxhdGEiLCJhdXRob3JfdXJsIjoiaHR0cHM6Ly90d2l0dGVyLmNvbS9FZGVscE9maWNpYWwiLCJwcm92aWRlcl9uYW1lIjoiVHdpdHRlciIsImRlc2NyaXB0aW9uIjoiRWwgQ2x1YiBFc3R1ZGlhbnRlcyBkZSBMYSBQbGF0YSBsYW1lbnRhIGNvbiBwcm9mdW5kbyBkb2xvciBlbCBmYWxsZWNpbWllbnRvIGRlIENhcmxvcyBQYWxlcm1vLCBoaXN0w7NyaWNvIHNvY2lvIGRlIG51ZXN0cmEgaW5zdGl0dWNpw7NuIHkgcGFkcmUgZGUgbnVlc3RybyBleCBmdXRib2xpc3RhIE1hcnRpbi4gQWNvbXBhw7FhbW9zIGEgTWFydGluIHkgYSB0b2RhIHN1IGZhbWlsaWEgZW4gZXN0ZSBkdXJvIG1vbWVudG8uIHBpYy50d2l0dGVyLmNvbS9Zc3Bsd2t1S2d24oCUIEVzdHVkaWFudGVzIGRlIExhIFBsYXRhIChARWRlbHBPZmljaWFsKSBKYW51YXJ5IDE4LCAyMDI1XG5cblxuIiwidGh1bWJuYWlsX3VybCI6Imh0dHBzOi8vcGJzLnR3aW1nLmNvbS9tZWRpYS9HaG1VRi1NV1FBQURiTncuanBnOmxhcmdlIiwidGh1bWJuYWlsX3dpZHRoIjoxMjgwLCJ0aHVtYm5haWxfaGVpZ2h0Ijo5NjAsImNhY2hlX2FnZSI6ODY0MDAsIm9wdGlvbnMiOnsiX2hpZGVfbWVkaWEiOnsibGFiZWwiOiJIaWRlIHBob3RvcywgdmlkZW9zLCBhbmQgY2FyZHMiLCJ2YWx1ZSI6ZmFsc2V9LCJfdGhlbWUiOnsidmFsdWUiOiIiLCJ2YWx1ZXMiOnsiZGFyayI6IlVzZSBkYXJrIHRoZW1lIn19LCJfbWF4d2lkdGgiOnsidmFsdWUiOiIiLCJsYWJlbCI6IkFkanVzdCB3aWR0aCIsInBsYWNlaG9sZGVyIjoiMjIwLTU1MCwgaW4gcHgifX19Jmx0Oy9zY3JpcHQmZ3Q7Jmx0Oy9kaXYmZ3Q7\">\n                <a data-iframely-url=\"\" href=\"https:\/\/twitter.com\/EdelpOficial\/status\/1880697258062315813\">https:\/\/twitter.com\/EdelpOficial\/status\/1880697258062315813<\/a>\n              <\/div>\n<p>Desde Olimpia tambi\u00e9n le dedicaron palabras de apoyo a su entrenador: \u00abLamentamos informar el fallecimiento del se\u00f1or Carlos Jorge Palermo, padre de nuestro actual entrenador\u00bb. \u00ab<b>La Comisi\u00f3n Directiva ha declarado un periodo de duelo de dos d\u00edas<\/b>, invitando a toda la Comunidad Olimpista a unirse a este momento de reflexi\u00f3n y respeto\u00bb, destacaron.<\/p>\n<div class=\"iframely-embed medium-embedded-content\" data-html=\"Jmx0O2Jsb2NrcXVvdGUgY2xhc3M9InR3aXR0ZXItdHdlZXQiIGRhdGEtZG50PSJ0cnVlIiBhbGlnbj0iY2VudGVyIiZndDsmbHQ7cCBsYW5nPSJlcyIgZGlyPSJsdHIiJmd0O8KhVE9ETyBPTElNUElBIENPTlRJR08sIFRJVMOBTiEg8J+kjSZsdDticiZndDsmbHQ7YnImZ3Q7TGFtZW50YW1vcyBpbmZvcm1hciBlbCBmYWxsZWNpbWllbnRvIGRlbCBzZcOxb3IgQ2FybG9zIEpvcmdlIFBhbGVybW8sIHBhZHJlIGRlIG51ZXN0cm8gYWN0dWFsIGVudHJlbmFkb3IuJmx0O2JyJmd0OyZsdDticiZndDtMYSBDb21pc2nDs24gRGlyZWN0aXZhIGhhIGRlY2xhcmFkbyB1biBwZXJpb2RvIGRlIGR1ZWxvIGRlIGRvcyBkw61hcyBpbnZpdGFuZG8gYSB0b2RhIGxhIENvbXVuaWRhZCBPbGltcGlzdGEgYSB1bmlyc2UgYSBlc3RlIG1vbWVudG8gZGXigKYgJmx0O2EgaHJlZj0iaHR0cHM6Ly90LmNvL0dNNHpWRUowVWoiJmd0O3BpYy50d2l0dGVyLmNvbS9HTTR6VkVKMFVqJmx0Oy9hJmd0OyZsdDsvcCZndDsmYW1wO21kYXNoOyBDbHViIE9saW1waWEgKEBlbENsdWJPbGltcGlhKSAmbHQ7YSBocmVmPSJodHRwczovL3R3aXR0ZXIuY29tL2VsQ2x1Yk9saW1waWEvc3RhdHVzLzE4ODA2MzY1MzE3NjI2ODQyMzY\/cmVmX3NyYz10d3NyYyU1RXRmdyImZ3Q7SmFudWFyeSAxOCwgMjAyNSZsdDsvYSZndDsmbHQ7L2Jsb2NrcXVvdGUmZ3Q7CiZsdDtzY3JpcHQgYXN5bmMgc3JjPSJodHRwczovL3BsYXRmb3JtLnR3aXR0ZXIuY29tL3dpZGdldHMuanMiIGNoYXJzZXQ9InV0Zi04IiZndDsmbHQ7L3NjcmlwdCZndDsKCiZsdDtkaXYgY2xhc3M9Im1lZGl1bS1pbnNlcnQtZW1iZWRzLW1ldGEiJmd0OyZsdDtzY3JpcHQgdHlwZT0idGV4dC9qc29uIiZndDt7InVybCI6Imh0dHBzOi8vdHdpdHRlci5jb20vZWxDbHViT2xpbXBpYS9zdGF0dXMvMTg4MDYzNjUzMTc2MjY4NDIzNiIsInR5cGUiOiJyaWNoIiwidmVyc2lvbiI6IjEuMCIsInRpdGxlIjoiQ2x1YiBPbGltcGlhIG9uIFR3aXR0ZXIgLyBYIiwiYXV0aG9yIjoiQ2x1YiBPbGltcGlhIiwiYXV0aG9yX3VybCI6Imh0dHBzOi8vdHdpdHRlci5jb20vZWxDbHViT2xpbXBpYSIsInByb3ZpZGVyX25hbWUiOiJUd2l0dGVyIiwiZGVzY3JpcHRpb24iOiLCoVRPRE8gT0xJTVBJQSBDT05USUdPLCBUSVTDgU4hIPCfpI1MYW1lbnRhbW9zIGluZm9ybWFyIGVsIGZhbGxlY2ltaWVudG8gZGVsIHNlw7FvciBDYXJsb3MgSm9yZ2UgUGFsZXJtbywgcGFkcmUgZGUgbnVlc3RybyBhY3R1YWwgZW50cmVuYWRvci5MYSBDb21pc2nDs24gRGlyZWN0aXZhIGhhIGRlY2xhcmFkbyB1biBwZXJpb2RvIGRlIGR1ZWxvIGRlIGRvcyBkw61hcyBpbnZpdGFuZG8gYSB0b2RhIGxhIENvbXVuaWRhZCBPbGltcGlzdGEgYSB1bmlyc2UgYSBlc3RlIG1vbWVudG8gZGXigKYgcGljLnR3aXR0ZXIuY29tL0dNNHpWRUowVWrigJQgQ2x1YiBPbGltcGlhIChAZWxDbHViT2xpbXBpYSkgSmFudWFyeSAxOCwgMjAyNVxuXG5cbiIsInRodW1ibmFpbF91cmwiOiJodHRwczovL3Bicy50d2ltZy5jb20vbWVkaWEvR2hsY1hlU1hNQUF4bFk4LmpwZzpsYXJnZSIsInRodW1ibmFpbF93aWR0aCI6MjA0OCwidGh1bWJuYWlsX2hlaWdodCI6MjA0OCwiY2FjaGVfYWdlIjo4NjQwMCwib3B0aW9ucyI6eyJfaGlkZV9tZWRpYSI6eyJsYWJlbCI6IkhpZGUgcGhvdG9zLCB2aWRlb3MsIGFuZCBjYXJkcyIsInZhbHVlIjpmYWxzZX0sIl90aGVtZSI6eyJ2YWx1ZSI6IiIsInZhbHVlcyI6eyJkYXJrIjoiVXNlIGRhcmsgdGhlbWUifX0sIl9tYXh3aWR0aCI6eyJ2YWx1ZSI6IiIsImxhYmVsIjoiQWRqdXN0IHdpZHRoIiwicGxhY2Vob2xkZXIiOiIyMjAtNTUwLCBpbiBweCJ9fX0mbHQ7L3NjcmlwdCZndDsmbHQ7L2RpdiZndDs=\">\n                <a data-iframely-url=\"\" href=\"https:\/\/twitter.com\/elClubOlimpia\/status\/1880636531762684236\">https:\/\/twitter.com\/elClubOlimpia\/status\/1880636531762684236<\/a>\n              <\/div>\n<p>En esa l\u00ednea, dejaron un mensaje de aliento al DT. \u00abAbrazamos al querido Mart\u00edn en este complicado momento y enviamos, en nombre de toda la Instituci\u00f3n, nuestras m\u00e1s sinceras condolencias a sus familiares y amigos\u00bb, sentenci\u00f3 el comunicado.<\/p>\n<p>Por su parte, la Confederaci\u00f3n Sudamericana de F\u00fatbol tambi\u00e9n expres\u00f3 su respaldo en su cuenta oficial: \u00abLa CONMEBOL expresa su profundo pesar por el fallecimiento del se\u00f1or Carlos Jorge Palermo, padre de Mart\u00edn Palermo. <b>Extendemos nuestras m\u00e1s sinceras condolencias a sus familiares y seres queridos en este momento<\/b>\u00ab.<\/p>\n<div class=\"iframely-embed medium-embedded-content\" data-html=\"Jmx0O2Jsb2NrcXVvdGUgY2xhc3M9InR3aXR0ZXItdHdlZXQiIGRhdGEtZG50PSJ0cnVlIiBhbGlnbj0iY2VudGVyIiZndDsmbHQ7cCBsYW5nPSJlcyIgZGlyPSJsdHIiJmd0O0xhIENPTk1FQk9MIGV4cHJlc2Egc3UgcHJvZnVuZG8gcGVzYXIgcG9yIGVsIGZhbGxlY2ltaWVudG8gZGVsIHNlw7FvciBDYXJsb3MgSm9yZ2UgUGFsZXJtbywgcGFkcmUgZGUgTWFydMOtbiBQYWxlcm1vLiBFeHRlbmRlbW9zIG51ZXN0cmFzIG3DoXMgc2luY2VyYXMgY29uZG9sZW5jaWFzIGEgc3VzIGZhbWlsaWFyZXMgeSBzZXJlcyBxdWVyaWRvcyBlbiBlc3RlIG1vbWVudG8mbHQ7L3AmZ3Q7JmFtcDttZGFzaDsgQ09OTUVCT0wuY29tIChAQ09OTUVCT0wpICZsdDthIGhyZWY9Imh0dHBzOi8vdHdpdHRlci5jb20vQ09OTUVCT0wvc3RhdHVzLzE4ODA2NTQxNTE0MjU5MDQ3NzA\/cmVmX3NyYz10d3NyYyU1RXRmdyImZ3Q7SmFudWFyeSAxOCwgMjAyNSZsdDsvYSZndDsmbHQ7L2Jsb2NrcXVvdGUmZ3Q7CiZsdDtzY3JpcHQgYXN5bmMgc3JjPSJodHRwczovL3BsYXRmb3JtLnR3aXR0ZXIuY29tL3dpZGdldHMuanMiIGNoYXJzZXQ9InV0Zi04IiZndDsmbHQ7L3NjcmlwdCZndDsKCiZsdDtkaXYgY2xhc3M9Im1lZGl1bS1pbnNlcnQtZW1iZWRzLW1ldGEiJmd0OyZsdDtzY3JpcHQgdHlwZT0idGV4dC9qc29uIiZndDt7InVybCI6Imh0dHBzOi8vdHdpdHRlci5jb20vQ09OTUVCT0wvc3RhdHVzLzE4ODA2NTQxNTE0MjU5MDQ3NzAiLCJ0eXBlIjoicmljaCIsInZlcnNpb24iOiIxLjAiLCJ0aXRsZSI6IkNPTk1FQk9MLmNvbSBvbiBUd2l0dGVyIC8gWCIsImF1dGhvciI6IkNPTk1FQk9MLmNvbSIsImF1dGhvcl91cmwiOiJodHRwczovL3R3aXR0ZXIuY29tL0NPTk1FQk9MIiwicHJvdmlkZXJfbmFtZSI6IlR3aXR0ZXIiLCJkZXNjcmlwdGlvbiI6IkxhIENPTk1FQk9MIGV4cHJlc2Egc3UgcHJvZnVuZG8gcGVzYXIgcG9yIGVsIGZhbGxlY2ltaWVudG8gZGVsIHNlw7FvciBDYXJsb3MgSm9yZ2UgUGFsZXJtbywgcGFkcmUgZGUgTWFydMOtbiBQYWxlcm1vLiBFeHRlbmRlbW9zIG51ZXN0cmFzIG3DoXMgc2luY2VyYXMgY29uZG9sZW5jaWFzIGEgc3VzIGZhbWlsaWFyZXMgeSBzZXJlcyBxdWVyaWRvcyBlbiBlc3RlIG1vbWVudG\/igJQgQ09OTUVCT0wuY29tIChAQ09OTUVCT0wpIEphbnVhcnkgMTgsIDIwMjVcblxuXG4iLCJjYWNoZV9hZ2UiOjg2NDAwLCJvcHRpb25zIjp7Il90aGVtZSI6eyJ2YWx1ZSI6IiIsInZhbHVlcyI6eyJkYXJrIjoiVXNlIGRhcmsgdGhlbWUifX0sIl9tYXh3aWR0aCI6eyJ2YWx1ZSI6IiIsImxhYmVsIjoiQWRqdXN0IHdpZHRoIiwicGxhY2Vob2xkZXIiOiIyMjAtNTUwLCBpbiBweCJ9fX0mbHQ7L3NjcmlwdCZndDsmbHQ7L2RpdiZndDs=\">\n                <a data-iframely-url=\"\" href=\"https:\/\/twitter.com\/CONMEBOL\/status\/1880654151425904770\">https:\/\/twitter.com\/CONMEBOL\/status\/1880654151425904770<\/a>\n              <\/div>\n<p>El presidente de la CONMEBOL, Alejandro Dom\u00ednguez, record\u00f3 al delantero y se solidariz\u00f3 con su situaci\u00f3n: \u00abLamento el fallecimiento de Carlos Jorge Palermo, padre de Mart\u00edn Palermo. <b>Expreso mis m\u00e1s sinceras condolencias a su familia y seres queridos en este dif\u00edcil momento<\/b>\u00ab.<\/p>\n<div class=\"iframely-embed medium-embedded-content\" data-html=\"Jmx0O2Jsb2NrcXVvdGUgY2xhc3M9InR3aXR0ZXItdHdlZXQiIGRhdGEtZG50PSJ0cnVlIiBhbGlnbj0iY2VudGVyIiZndDsmbHQ7cCBsYW5nPSJlcyIgZGlyPSJsdHIiJmd0O0xhbWVudG8gZWwgZmFsbGVjaW1pZW50byBkZSBDYXJsb3MgSm9yZ2UgUGFsZXJtbywgcGFkcmUgZGUgTWFydMOtbiBQYWxlcm1vLiBFeHByZXNvIG1pcyBtw6FzIHNpbmNlcmFzIGNvbmRvbGVuY2lhcyBhIHN1IGZhbWlsaWEgeSBzZXJlcyBxdWVyaWRvcyBlbiBlc3RlIGRpZsOtY2lsIG1vbWVudG8mbHQ7L3AmZ3Q7JmFtcDttZGFzaDsgQWxlamFuZHJvIERvbcOtbmd1ZXogKEBhZ2R3cykgJmx0O2EgaHJlZj0iaHR0cHM6Ly90d2l0dGVyLmNvbS9hZ2R3cy9zdGF0dXMvMTg4MDY1Mzk1MjM2MDEwODQyNj9yZWZfc3JjPXR3c3JjJTVFdGZ3IiZndDtKYW51YXJ5IDE4LCAyMDI1Jmx0Oy9hJmd0OyZsdDsvYmxvY2txdW90ZSZndDsKJmx0O3NjcmlwdCBhc3luYyBzcmM9Imh0dHBzOi8vcGxhdGZvcm0udHdpdHRlci5jb20vd2lkZ2V0cy5qcyIgY2hhcnNldD0idXRmLTgiJmd0OyZsdDsvc2NyaXB0Jmd0OwoKJmx0O2RpdiBjbGFzcz0ibWVkaXVtLWluc2VydC1lbWJlZHMtbWV0YSImZ3Q7Jmx0O3NjcmlwdCB0eXBlPSJ0ZXh0L2pzb24iJmd0O3sidXJsIjoiaHR0cHM6Ly90d2l0dGVyLmNvbS9hZ2R3cy9zdGF0dXMvMTg4MDY1Mzk1MjM2MDEwODQyNiIsInR5cGUiOiJyaWNoIiwidmVyc2lvbiI6IjEuMCIsInRpdGxlIjoiQWxlamFuZHJvIERvbcOtbmd1ZXogb24gVHdpdHRlciAvIFgiLCJhdXRob3IiOiJBbGVqYW5kcm8gRG9tw61uZ3VleiIsImF1dGhvcl91cmwiOiJodHRwczovL3R3aXR0ZXIuY29tL2FnZHdzIiwicHJvdmlkZXJfbmFtZSI6IlR3aXR0ZXIiLCJkZXNjcmlwdGlvbiI6IkxhbWVudG8gZWwgZmFsbGVjaW1pZW50byBkZSBDYXJsb3MgSm9yZ2UgUGFsZXJtbywgcGFkcmUgZGUgTWFydMOtbiBQYWxlcm1vLiBFeHByZXNvIG1pcyBtw6FzIHNpbmNlcmFzIGNvbmRvbGVuY2lhcyBhIHN1IGZhbWlsaWEgeSBzZXJlcyBxdWVyaWRvcyBlbiBlc3RlIGRpZsOtY2lsIG1vbWVudG\/igJQgQWxlamFuZHJvIERvbcOtbmd1ZXogKEBhZ2R3cykgSmFudWFyeSAxOCwgMjAyNVxuXG5cbiIsImNhY2hlX2FnZSI6ODY0MDAsIm9wdGlvbnMiOnsiX3RoZW1lIjp7InZhbHVlIjoiIiwidmFsdWVzIjp7ImRhcmsiOiJVc2UgZGFyayB0aGVtZSJ9fSwiX21heHdpZHRoIjp7InZhbHVlIjoiIiwibGFiZWwiOiJBZGp1c3Qgd2lkdGgiLCJwbGFjZWhvbGRlciI6IjIyMC01NTAsIGluIHB4In19fSZsdDsvc2NyaXB0Jmd0OyZsdDsvZGl2Jmd0Ow==\">\n                <a data-iframely-url=\"\" href=\"https:\/\/twitter.com\/agdws\/status\/1880653952360108426\">https:\/\/twitter.com\/agdws\/status\/1880653952360108426<\/a>\n              <\/div>\n<h3>Segu\u00ed leyendo:<\/h3>\n<h3\/><!-- Live Blog Post --><\/div>\n<p><script async src=\"\/\/platform.twitter.com\/widgets.js\" charset=\"utf-8\"><\/script><br \/><a href=\"https:\/\/www.pagina12.com.ar\/797809-los-sentidos-mensajes-de-boca-y-estudiantes-por-la-muerte-de\">source<\/a><\/p>\n","protected":false},"excerpt":{"rendered":"<p>Ante la triste noticia del fallecimiento de Carlos Jorge Palermo, el padre de Mart\u00edn Palermo,&#8230;<\/p>\n","protected":false},"author":3,"featured_media":17929,"comment_status":"closed","ping_status":"closed","sticky":false,"template":"","format":"standard","meta":{"footnotes":""},"categories":[21],"tags":[],"class_list":["post-17928","post","type-post","status-publish","format-standard","has-post-thumbnail","hentry","category-deportes"],"featured_image_urls":{"full":["https:\/\/fmamiga909.com.ar\/wp-content\/uploads\/2025\/01\/wp-header-logo-192.png",960,540,false],"thumbnail":["https:\/\/fmamiga909.com.ar\/wp-content\/uploads\/2025\/01\/wp-header-logo-192-150x150.png",150,150,true],"medium":["https:\/\/fmamiga909.com.ar\/wp-content\/uploads\/2025\/01\/wp-header-logo-192-300x169.png",300,169,true],"medium_large":["https:\/\/fmamiga909.com.ar\/wp-content\/uploads\/2025\/01\/wp-header-logo-192.png",960,540,false],"large":["https:\/\/fmamiga909.com.ar\/wp-content\/uploads\/2025\/01\/wp-header-logo-192.png",640,360,false],"1536x1536":["https:\/\/fmamiga909.com.ar\/wp-content\/uploads\/2025\/01\/wp-header-logo-192.png",960,540,false],"2048x2048":["https:\/\/fmamiga909.com.ar\/wp-content\/uploads\/2025\/01\/wp-header-logo-192.png",960,540,false],"newsium-slider-full":["https:\/\/fmamiga909.com.ar\/wp-content\/uploads\/2025\/01\/wp-header-logo-192.png",960,540,false],"newsium-featured":["https:\/\/fmamiga909.com.ar\/wp-content\/uploads\/2025\/01\/wp-header-logo-192.png",960,540,false],"newsium-medium":["https:\/\/fmamiga909.com.ar\/wp-content\/uploads\/2025\/01\/wp-header-logo-192-720x475.png",720,475,true]},"author_info":{"display_name":"Fredy Giuliano","author_link":"https:\/\/fmamiga909.com.ar\/?author=3"},"category_info":"<a href=\"https:\/\/fmamiga909.com.ar\/?cat=21\" rel=\"category\">Deportes<\/a>","tag_info":"Deportes","comment_count":"0","_links":{"self":[{"href":"https:\/\/fmamiga909.com.ar\/index.php?rest_route=\/wp\/v2\/posts\/17928","targetHints":{"allow":["GET"]}}],"collection":[{"href":"https:\/\/fmamiga909.com.ar\/index.php?rest_route=\/wp\/v2\/posts"}],"about":[{"href":"https:\/\/fmamiga909.com.ar\/index.php?rest_route=\/wp\/v2\/types\/post"}],"author":[{"embeddable":true,"href":"https:\/\/fmamiga909.com.ar\/index.php?rest_route=\/wp\/v2\/users\/3"}],"replies":[{"embeddable":true,"href":"https:\/\/fmamiga909.com.ar\/index.php?rest_route=%2Fwp%2Fv2%2Fcomments&post=17928"}],"version-history":[{"count":0,"href":"https:\/\/fmamiga909.com.ar\/index.php?rest_route=\/wp\/v2\/posts\/17928\/revisions"}],"wp:featuredmedia":[{"embeddable":true,"href":"https:\/\/fmamiga909.com.ar\/index.php?rest_route=\/wp\/v2\/media\/17929"}],"wp:attachment":[{"href":"https:\/\/fmamiga909.com.ar\/index.php?rest_route=%2Fwp%2Fv2%2Fmedia&parent=17928"}],"wp:term":[{"taxonomy":"category","embeddable":true,"href":"https:\/\/fmamiga909.com.ar\/index.php?rest_route=%2Fwp%2Fv2%2Fcategories&post=17928"},{"taxonomy":"post_tag","embeddable":true,"href":"https:\/\/fmamiga909.com.ar\/index.php?rest_route=%2Fwp%2Fv2%2Ftags&post=17928"}],"curies":[{"name":"wp","href":"https:\/\/api.w.org\/{rel}","templated":true}]}}