{"id":17940,"date":"2025-01-19T15:53:51","date_gmt":"2025-01-19T15:53:51","guid":{"rendered":"https:\/\/fmamiga909.com.ar\/?p=17940"},"modified":"2025-01-19T15:53:51","modified_gmt":"2025-01-19T15:53:51","slug":"el-nadador-de-auschwitz","status":"publish","type":"post","link":"https:\/\/fmamiga909.com.ar\/?p=17940","title":{"rendered":"El nadador de Auschwitz"},"content":{"rendered":"<div><!-- Body --><\/p>\n<p><b>El respetado es Alfred Nakache, r\u00e9cord mundial e integrante del Sal\u00f3n de la Fama de la Nataci\u00f3n desde 2019. Pero lo suyo no pasa s\u00f3lo por el deporte<\/b>. Nacido el 18 de noviembre de 1915 en Constantina, Argelia, que pertenec\u00eda entonces a Francia, fue <b>deportado junto a su esposa y su hija reci\u00e9n nacida a Auschwitz por su condici\u00f3n de jud\u00edo<\/b>. Ya era un nadador reconocido cuando se los llevaron de su casa. Entraron los nazis, les ordenaron armar una valija con lo m\u00ednimo y los subieron a un tren. Nakache no volvi\u00f3 a saber de su esposa ni de la peque\u00f1a.<\/p>\n<p><b>Sali\u00f3 de Auschwitz con 30 kilos menos y destrozado an\u00edmicamente. Volvi\u00f3 a competir y bati\u00f3 un r\u00e9cord mundial, pero obviamente ya no fue el mismo<\/b>. Despu\u00e9s se cas\u00f3 otra vez y casi no habl\u00f3 de su pasado. Vean sus fotos de los a\u00f1os 30: fibroso, abdominales marcados. Pocos deportistas de entonces ten\u00edan un f\u00edsico as\u00ed de privilegiado. Nakache\u2013de perfil bajo\u2013 no era un nadador t\u00e9cnico sino m\u00e1s bien barroco y efectivo.<\/p>\n<p><b>El que ten\u00eda virtudes t\u00e9cnicas era Jacques Cartonnet. Ol\u00edmpico, r\u00e9cord mundial de los 100 metros en los a\u00f1os 30. El lindo de las fotos. El aceite en la vida de Nakache. Y el buch\u00f3n.<\/b><\/p>\n<p>Envidioso por el crecimiento deportivo de Nakache, Cartonnet lo evita. Lo mira de manera altanera, lo ningunea desde su silencio. Los medios de la \u00e9poca enaltecen a Cartonnet por su f\u00edsico esbelto, su altura. \u00abEs proporcionado\u00bb, lo refieren. Y por lo bajo se murmura su homosexualidad. Dice que vive un romance con un alto funcionario del ej\u00e9rcito nacional. <b>Francia habla de ambos y Cartonnet ve una competencia que le hace sombra. Es imposible que no haya comparaci\u00f3n.<\/b> As\u00ed que se desaf\u00edan en una pileta, donde Nakache se impone. Un minuto, doce segundos, cuatro d\u00e9cimas de ventaja. R\u00e9cord nacional. Es el a\u00f1o 1936.<\/p>\n<p><b>El antisemitismo es imparable cuando le advierten a Nakache que se aleje de Europa.<\/b> Los diarios lo insultan por ser jud\u00edo. En el <i>Miroir des Sports<\/i> un periodista escribe de \u00e9l: \u00abCon su pelo rizado, su nariz ligeramente aplastada, sus ojos p\u00edcaros, tiene tanto aspecto de fauno que uno casi espera ver que sus orejas son puntiagudas\u00bb. As\u00ed que se va de Par\u00eds a Toulouse. <\/p>\n<p><b>Cartonnet, a la vez que pierde presencia en las piletas, empieza a escribir sobre su antisemitismo en un peri\u00f3dico.<\/b> Dicen que esp\u00eda a Nakache y cuenta a las autoridades cada uno de sus movimientos. Como su rival, de Par\u00eds se va a Toulouse. Se lo ve entrar a las oficinas de la Gestapo. Y <b>se vuelve habitu\u00e9 de las festicholas nocturnas que se arman entre alcahuetes franceses y jerarcas alemanes<\/b>. Para entonces, ya es el mandam\u00e1s de la secci\u00f3n Juventud y Deporte de la Gestapo. Un detalle: ya no d\u00e1 la mano al saludar sino que hace el t\u00edpico gesto nazi.<\/p>\n<p><b>Cuando Nakache se entera, sabe que su suerte y la de su familia est\u00e1 echada. <\/b>Siguen los torneos. Otro diario suma a los ataques: \u00abEs el menos defendible de los jud\u00edos; es el jud\u00edo m\u00e1s espec\u00edficamente jud\u00edo de toda la juder\u00eda. Un personaje nefasto que merece, como m\u00ednimo, el campo de concentraci\u00f3n\u00bb. La gente de Cartonnet toma nota de qui\u00e9nes entran y salen de los gimnasios. Los amigos le sugieren a Nakache que se vaya a Espa\u00f1a, pero no quiere. No le permiten competir. Le sacan la nacionalidad francesa. No es de ning\u00fan lado.<\/p>\n<p><b>Todo esto lo cuenta de forma magistral el periodista franc\u00e9s Renaud Leblond en <\/b><i><b>El nadador de Auschwitz<\/b>, <\/i>que por estos meses public\u00f3 en Argentina la editorial Emec\u00e9. Libro imprescindible no s\u00f3lo para el deporte sino para entender la condici\u00f3n humana. <b>Hay relatos tremendos que resumen el odio del fascismo. Asesinatos, humillaciones. Aberraci\u00f3n sin l\u00edmites<\/b>. Pero tambi\u00e9n es un libro sobre la amistad, la solidaridad. Y el volver a empezar a\u00fan cuando no se puede pasar por mayor dolor que el de Nakache.<\/p>\n<p>Vamos a 1945. <b>Nakache se recupera en un hospital. Cuando sale, seguir\u00e1 buscando en cada paso, en cada vereda y en cada rinc\u00f3n, a su esposa Paule y a su hijita Annie<\/b>, que ten\u00eda dos a\u00f1os al momento de la detenci\u00f3n. Se entera de amigos y conocidos que murieron en los campos de concentraci\u00f3n. Pero de ellas, nada. Recupera su peso y vuelve a entrenar. <b>En 1946 un soldado del Ministerio de Defensa golpea la puerta de su casa y le entrega un informe: \u00abLamentamos confirmarle que su hija Annie fue asesinada en la c\u00e1mara de gas dos d\u00edas despu\u00e9s de su llegada a Auschwitz, el 25 de enero de 1944\u00bb<\/b>. Nada le dicen de Paule. <b>Roto por dentro, el 8 de agosto de 1946 bate un r\u00e9cord en el Campeonato Mundial de Marsella<\/b>. Hay m\u00e1s: clasifica para los Juegos Ol\u00edmpicos de Londres \u201848, los primeros despu\u00e9s de la guerra. Y se retira con toda los aplausos del mundo.<\/p>\n<p><b>No termin\u00f3 todo para Nakache. A\u00f1os despu\u00e9s volver\u00e1 a casarse y se instalar\u00e1 en S\u00e9te, pueblo pesquero franc\u00e9s, en el Mediterr\u00e1neo<\/b>. Vive como uno m\u00e1s. No habla del pasado. Todas las ma\u00f1anas sale a nadar. Ac\u00e1 es donde podemos encontrar la parte po\u00e9tica. <b>El 4 de agosto de 1983, en uno de sus nados diarios, muere de un ataque al coraz\u00f3n. Ten\u00eda 67 a\u00f1os<\/b>.<\/p>\n<p>Regresemos a eso del agua y el aceite. <b>Porque as\u00ed como Nakache se convirti\u00f3 en un h\u00e9roe (aunque a \u00e9l, claro, tal vez no le haya servido), Cartonnet es a\u00fan hoy una referencia de los m\u00e1s inmundo del ser humano<\/b>. La Justicia de Toulouse lo conden\u00f3 a muerte en 1945. Pero se escap\u00f3 saltando de un avi\u00f3n que lo trasladaban desde Roma a Francia. Vuelto a encarcelar, Leblond cuenta en <b><i>El nadador de Auschwitz<\/i><\/b> que nunca m\u00e1s se supo de \u00e9l.<i> Se sabe, sin embargo, que fue entrenador del equipo de nataci\u00f3n del Lazio italiano, club conocido por su fascismo. El Gobierno de Italia lo protegi\u00f3 hasta los a\u00f1os 50. Algunos dicen que muri\u00f3 en 1967, pero no hay certeza<\/i>. Su rastro se pierde en una nebulosa. Todo es hipot\u00e9tico.<\/p>\n<p>Lo \u00fanico certero es que cada vez que se hable de Cartonnet, su nombre estar\u00e1 ligado al de Nakache. Y el de Nakache, al sufrimiento y la gloria.<\/p>\n<p><!-- Live Blog Post --><\/div>\n<p><a href=\"https:\/\/www.pagina12.com.ar\/797916-el-nadador-de-auschwitz\">source<\/a><\/p>\n","protected":false},"excerpt":{"rendered":"<p>El respetado es Alfred Nakache, r\u00e9cord mundial e integrante del Sal\u00f3n de la Fama de&#8230;<\/p>\n","protected":false},"author":3,"featured_media":17941,"comment_status":"closed","ping_status":"closed","sticky":false,"template":"","format":"standard","meta":{"footnotes":""},"categories":[21],"tags":[],"class_list":["post-17940","post","type-post","status-publish","format-standard","has-post-thumbnail","hentry","category-deportes"],"featured_image_urls":{"full":["https:\/\/fmamiga909.com.ar\/wp-content\/uploads\/2025\/01\/wp-header-logo-198.png",960,540,false],"thumbnail":["https:\/\/fmamiga909.com.ar\/wp-content\/uploads\/2025\/01\/wp-header-logo-198-150x150.png",150,150,true],"medium":["https:\/\/fmamiga909.com.ar\/wp-content\/uploads\/2025\/01\/wp-header-logo-198-300x169.png",300,169,true],"medium_large":["https:\/\/fmamiga909.com.ar\/wp-content\/uploads\/2025\/01\/wp-header-logo-198.png",960,540,false],"large":["https:\/\/fmamiga909.com.ar\/wp-content\/uploads\/2025\/01\/wp-header-logo-198.png",640,360,false],"1536x1536":["https:\/\/fmamiga909.com.ar\/wp-content\/uploads\/2025\/01\/wp-header-logo-198.png",960,540,false],"2048x2048":["https:\/\/fmamiga909.com.ar\/wp-content\/uploads\/2025\/01\/wp-header-logo-198.png",960,540,false],"newsium-slider-full":["https:\/\/fmamiga909.com.ar\/wp-content\/uploads\/2025\/01\/wp-header-logo-198.png",960,540,false],"newsium-featured":["https:\/\/fmamiga909.com.ar\/wp-content\/uploads\/2025\/01\/wp-header-logo-198.png",960,540,false],"newsium-medium":["https:\/\/fmamiga909.com.ar\/wp-content\/uploads\/2025\/01\/wp-header-logo-198-720x475.png",720,475,true]},"author_info":{"display_name":"Fredy Giuliano","author_link":"https:\/\/fmamiga909.com.ar\/?author=3"},"category_info":"<a href=\"https:\/\/fmamiga909.com.ar\/?cat=21\" rel=\"category\">Deportes<\/a>","tag_info":"Deportes","comment_count":"0","_links":{"self":[{"href":"https:\/\/fmamiga909.com.ar\/index.php?rest_route=\/wp\/v2\/posts\/17940","targetHints":{"allow":["GET"]}}],"collection":[{"href":"https:\/\/fmamiga909.com.ar\/index.php?rest_route=\/wp\/v2\/posts"}],"about":[{"href":"https:\/\/fmamiga909.com.ar\/index.php?rest_route=\/wp\/v2\/types\/post"}],"author":[{"embeddable":true,"href":"https:\/\/fmamiga909.com.ar\/index.php?rest_route=\/wp\/v2\/users\/3"}],"replies":[{"embeddable":true,"href":"https:\/\/fmamiga909.com.ar\/index.php?rest_route=%2Fwp%2Fv2%2Fcomments&post=17940"}],"version-history":[{"count":0,"href":"https:\/\/fmamiga909.com.ar\/index.php?rest_route=\/wp\/v2\/posts\/17940\/revisions"}],"wp:featuredmedia":[{"embeddable":true,"href":"https:\/\/fmamiga909.com.ar\/index.php?rest_route=\/wp\/v2\/media\/17941"}],"wp:attachment":[{"href":"https:\/\/fmamiga909.com.ar\/index.php?rest_route=%2Fwp%2Fv2%2Fmedia&parent=17940"}],"wp:term":[{"taxonomy":"category","embeddable":true,"href":"https:\/\/fmamiga909.com.ar\/index.php?rest_route=%2Fwp%2Fv2%2Fcategories&post=17940"},{"taxonomy":"post_tag","embeddable":true,"href":"https:\/\/fmamiga909.com.ar\/index.php?rest_route=%2Fwp%2Fv2%2Ftags&post=17940"}],"curies":[{"name":"wp","href":"https:\/\/api.w.org\/{rel}","templated":true}]}}