{"id":17950,"date":"2025-01-19T23:00:15","date_gmt":"2025-01-19T23:00:15","guid":{"rendered":"https:\/\/fmamiga909.com.ar\/?p=17950"},"modified":"2025-01-19T23:00:15","modified_gmt":"2025-01-19T23:00:15","slug":"liga-de-espana-real-madrid-goleo-a-las-palmas-y-trepo-a-la-cima","status":"publish","type":"post","link":"https:\/\/fmamiga909.com.ar\/?p=17950","title":{"rendered":"Liga de Espa\u00f1a: Real Madrid gole\u00f3 a Las Palmas y trep\u00f3 a la cima"},"content":{"rendered":"<div><!-- Body --><\/p>\n<p><b>Real Madrid logr\u00f3 <\/b>este domingo <b>una contundente victoria 4-1 ante Las Palmas <\/b>en el Santiago Bernab\u00e9u, <b>desplaz\u00f3 de la punta al Atl\u00e9tico Madrid <\/b>tras su derrota del s\u00e1bado ante el Legan\u00e9s <b>y alcanz\u00f3 la cima en solitario de la Liga de Espa\u00f1a <\/b>por la <b>vig\u00e9sima fecha.<\/b><\/p>\n<p>El franc\u00e9s <b>Kylian Mbapp\u00e9 fue la figura indiscutida del encuentro, con un doblete <\/b>y una actuaci\u00f3n brillante que lider\u00f3 el triunfo de los blancos.<\/p>\n<p><b>El equipo dirigido por el italiano Carlo Ancelotti<\/b> mostr\u00f3 solidez y <b>dej\u00f3 atr\u00e1s las dudas que lo hab\u00edan acompa\u00f1ado<\/b> en jornadas anteriores.<\/p>\n<p>No obstante, <b>el partido comenz\u00f3 de forma sorpresiva con un gol de Las Palmas a los 26 segundos<\/b>: Sandro Ram\u00edrez envi\u00f3 un centro que el portugu\u00e9s F\u00e1bio Silva transform\u00f3 en gol con un remate certero dentro del \u00e1rea chica que dej\u00f3 mudos a los hinchas del club capitalino.<\/p>\n<p><b>Sin embargo, el Merengue respondi\u00f3 con jerarqu\u00eda<\/b>: Mbapp\u00e9 igual\u00f3 de penal tras una falta en el \u00e1rea y, poco despu\u00e9s, un rebote tras disparo suyo permiti\u00f3 al marroqu\u00ed Brahim D\u00edaz empezar la remontada.<\/p>\n<p><iframe style=\"border: 0px; position: absolute; top: 0px; left: 0px; height: 100%;\" allowfullscreen=\"\" frameborder=\"0\" src=\"https:\/\/www.youtube.com\/embed\/uo-FqQRgCs0\"><\/iframe><\/p>\n<p>Antes del descanso, <b>Mbapp\u00e9<\/b> -que <b>alcanz\u00f3 los 17 goles en la temporada<\/b>&#8211; ampli\u00f3 la ventaja con un potente disparo al \u00e1ngulo.\u00a0El 3-1 parcial con el que termin\u00f3 el primer tiempo reflej\u00f3 el dominio del local para irse al descanso con tranquilidad.<\/p>\n<p><b>En la segunda mitad<\/b>, Las Palmas intent\u00f3 reaccionar con cambios en su alineaci\u00f3n, pero <b>Real Madrid continu\u00f3 siendo superior. <\/b>El brasile\u00f1o Rodrygo coron\u00f3 su actuaci\u00f3n con el cuarto gol tras un disparo preciso dentro del \u00e1rea.<\/p>\n<p><b>El encuentro se complic\u00f3 a\u00fan m\u00e1s para los canarios con la expulsi\u00f3n de Benito Ram\u00edrez<\/b> por una dura entrada sobre Lucas V\u00e1zquez. Aunque el Merengue estuvo cerca de ampliar la ventaja con goles anulados a Jude Bellingham y Federico Valverde, el marcador no se movi\u00f3 m\u00e1s.<\/p>\n<p>En tanto, <b>Athl\u00e9tic Bilbao se impuso 2-1 al Celta de Vigo de Franco Cervi <\/b>en un partido re\u00f1ido, consolid\u00e1ndose en la parte alta de la tabla.\u00a0<\/p>\n<p>El equipo vasco resolvi\u00f3 el duelo en el segundo tiempo con goles de Alex Berenguer y Daniel Vivian, a pesar del descuento de Hugo Alvarez para los locales.<\/p>\n<p><iframe style=\"border: 0px; position: absolute; top: 0px; left: 0px; height: 100%;\" allowfullscreen=\"\" frameborder=\"0\" src=\"https:\/\/www.youtube.com\/embed\/V2SLo7oSzBw\"><\/iframe><\/p>\n<p>Asimismo, <b>Osasuna igual\u00f3 1-1 ante Rayo Vallecano (con Augusto Batalla y<\/b> el ingreso de <b>Oscar Trejo<\/b>) por los goles de Ra\u00fal Garc\u00eda y\u00a0Sergio Camello, en tanto\u00a0<b>Valencia, con\u00a0Enzo Barrenechea,\u00a0derrot\u00f3 1-0 a Real Sociedad.\u00a0<\/b><\/p>\n<p><iframe style=\"border: 0px; position: absolute; top: 0px; left: 0px; height: 100%;\" allowfullscreen=\"\" frameborder=\"0\" src=\"https:\/\/www.youtube.com\/embed\/4azN3dWvI74\"><\/iframe><\/p>\n<p><b>Este lunes a las 17, Villarreal-Mallorca <\/b>cerrar\u00e1n la jornada 20.<\/p>\n<h2>Posiciones en la Liga de Espa\u00f1a<\/h2>\n<p>      <!-- Live Blog Post --><\/div>\n<p><a href=\"https:\/\/www.pagina12.com.ar\/797967-liga-de-espana-real-madrid-goleo-a-las-palmas-y-trepo-a-la-c\">source<\/a><\/p>\n","protected":false},"excerpt":{"rendered":"<p>Real Madrid logr\u00f3 este domingo una contundente victoria 4-1 ante Las Palmas en el Santiago&#8230;<\/p>\n","protected":false},"author":3,"featured_media":17951,"comment_status":"closed","ping_status":"closed","sticky":false,"template":"","format":"standard","meta":{"footnotes":""},"categories":[21],"tags":[],"class_list":["post-17950","post","type-post","status-publish","format-standard","has-post-thumbnail","hentry","category-deportes"],"featured_image_urls":{"full":["https:\/\/fmamiga909.com.ar\/wp-content\/uploads\/2025\/01\/wp-header-logo-203.png",960,540,false],"thumbnail":["https:\/\/fmamiga909.com.ar\/wp-content\/uploads\/2025\/01\/wp-header-logo-203-150x150.png",150,150,true],"medium":["https:\/\/fmamiga909.com.ar\/wp-content\/uploads\/2025\/01\/wp-header-logo-203-300x169.png",300,169,true],"medium_large":["https:\/\/fmamiga909.com.ar\/wp-content\/uploads\/2025\/01\/wp-header-logo-203.png",960,540,false],"large":["https:\/\/fmamiga909.com.ar\/wp-content\/uploads\/2025\/01\/wp-header-logo-203.png",640,360,false],"1536x1536":["https:\/\/fmamiga909.com.ar\/wp-content\/uploads\/2025\/01\/wp-header-logo-203.png",960,540,false],"2048x2048":["https:\/\/fmamiga909.com.ar\/wp-content\/uploads\/2025\/01\/wp-header-logo-203.png",960,540,false],"newsium-slider-full":["https:\/\/fmamiga909.com.ar\/wp-content\/uploads\/2025\/01\/wp-header-logo-203.png",960,540,false],"newsium-featured":["https:\/\/fmamiga909.com.ar\/wp-content\/uploads\/2025\/01\/wp-header-logo-203.png",960,540,false],"newsium-medium":["https:\/\/fmamiga909.com.ar\/wp-content\/uploads\/2025\/01\/wp-header-logo-203-720x475.png",720,475,true]},"author_info":{"display_name":"Fredy Giuliano","author_link":"https:\/\/fmamiga909.com.ar\/?author=3"},"category_info":"<a href=\"https:\/\/fmamiga909.com.ar\/?cat=21\" rel=\"category\">Deportes<\/a>","tag_info":"Deportes","comment_count":"0","_links":{"self":[{"href":"https:\/\/fmamiga909.com.ar\/index.php?rest_route=\/wp\/v2\/posts\/17950","targetHints":{"allow":["GET"]}}],"collection":[{"href":"https:\/\/fmamiga909.com.ar\/index.php?rest_route=\/wp\/v2\/posts"}],"about":[{"href":"https:\/\/fmamiga909.com.ar\/index.php?rest_route=\/wp\/v2\/types\/post"}],"author":[{"embeddable":true,"href":"https:\/\/fmamiga909.com.ar\/index.php?rest_route=\/wp\/v2\/users\/3"}],"replies":[{"embeddable":true,"href":"https:\/\/fmamiga909.com.ar\/index.php?rest_route=%2Fwp%2Fv2%2Fcomments&post=17950"}],"version-history":[{"count":0,"href":"https:\/\/fmamiga909.com.ar\/index.php?rest_route=\/wp\/v2\/posts\/17950\/revisions"}],"wp:featuredmedia":[{"embeddable":true,"href":"https:\/\/fmamiga909.com.ar\/index.php?rest_route=\/wp\/v2\/media\/17951"}],"wp:attachment":[{"href":"https:\/\/fmamiga909.com.ar\/index.php?rest_route=%2Fwp%2Fv2%2Fmedia&parent=17950"}],"wp:term":[{"taxonomy":"category","embeddable":true,"href":"https:\/\/fmamiga909.com.ar\/index.php?rest_route=%2Fwp%2Fv2%2Fcategories&post=17950"},{"taxonomy":"post_tag","embeddable":true,"href":"https:\/\/fmamiga909.com.ar\/index.php?rest_route=%2Fwp%2Fv2%2Ftags&post=17950"}],"curies":[{"name":"wp","href":"https:\/\/api.w.org\/{rel}","templated":true}]}}