{"id":17962,"date":"2025-01-20T16:28:28","date_gmt":"2025-01-20T16:28:28","guid":{"rendered":"https:\/\/fmamiga909.com.ar\/?p=17962"},"modified":"2025-01-20T16:28:28","modified_gmt":"2025-01-20T16:28:28","slug":"marchesin-es-el-nuevo-arquero-de-boca","status":"publish","type":"post","link":"https:\/\/fmamiga909.com.ar\/?p=17962","title":{"rendered":"Marches\u00edn es el nuevo arquero de Boca"},"content":{"rendered":"<div><!-- Body --><\/p>\n<p>Boca ya tiene el arquero que estaba buscando. Despu\u00e9s de una negociaci\u00f3n que se dilat\u00f3 casi una semana, Gremio de Porto Alegre acept\u00f3 la oferta que le realiz\u00f3 el club argentino por Agust\u00edn Marches\u00edn, por un monto de 1.500.000 d\u00f3lares por la totalidad del pase, por lo que el exjugador de Lan\u00fas viajar\u00e1 a Buenos Aires para firmar el contrato con la entidad \u00abXeneize\u00bb.<\/p>\n<p>   El acuerdo se alcanz\u00f3 el domingo por la noche, tras intensas charlas, revelaron a la Agencia Noticias Argentinas fuentes vinculadas la negociaci\u00f3n, las que indicaron que Boca le realizar\u00e1 un contrato por dos temporadas con opci\u00f3n a un a\u00f1o m\u00e1s. El guardavallas, reconocido hincha de Boca, se mostr\u00f3 muy entusiasmado con la chance de volver al pa\u00eds, sobre todo al conjunto xeneize, por lo que su palabra result\u00f3 fundamental para que la operaci\u00f3n se llevara a cabo.<\/p>\n<p>   Boca contrat\u00f3 a Marches\u00edn dado que uno de sus arqueros, Sergio Romero, se debi\u00f3 someter a una operaci\u00f3n de la rodilla derecha, que le demandar\u00e1 unos dos meses de recuparaci\u00f3n. El equipo de La Ribera tiene en su plantel a Leandro Brey y Javier Garc\u00eda, quien hab\u00eda anunciado su retiro a fines a\u00f1o 2024, pero por pedido de la dirigencia renov\u00f3 el acuerdo contractual.<\/p>\n<p>   Marches\u00edn, que lleg\u00f3 en enero de 2024 a Brasil, jug\u00f3 28 partidos en Gremio, se convirti\u00f3 en una de las figuras del torneo Brasileirao, y pese a que su nuevo entrenador, Gustavo Quinteros, le pidi\u00f3 que se quedara, finalmente acept\u00f3 la oferta de Boca para ser titular en el equipo de Fernando Gago.<\/p>\n<p>Luego de un paso destacado en Lan\u00fas, Marches\u00edn brill\u00f3 en el f\u00fatbol mexicano, primero en el Santos Laguna y despu\u00e9s en el Am\u00e9rica, y luego tuvo una experiencia en Europa, durante cuatro campa\u00f1as en el Porto y otras dos en el Celta de Vigo, antes de marcharse a Gremio. Codiciado en varias ocasiones por Boca, ahora Marches\u00edn concret\u00f3 su sue\u00f1o de jugar en el club del que era hincha desde peque\u00f1o.<\/p>\n<p><!-- Live Blog Post --><\/div>\n<p><a href=\"https:\/\/www.pagina12.com.ar\/798097-marchesin-es-el-nuevo-arquero-de-boca\">source<\/a><\/p>\n","protected":false},"excerpt":{"rendered":"<p>Boca ya tiene el arquero que estaba buscando. Despu\u00e9s de una negociaci\u00f3n que se dilat\u00f3&#8230;<\/p>\n","protected":false},"author":3,"featured_media":17963,"comment_status":"closed","ping_status":"closed","sticky":false,"template":"","format":"standard","meta":{"footnotes":""},"categories":[21],"tags":[],"class_list":["post-17962","post","type-post","status-publish","format-standard","has-post-thumbnail","hentry","category-deportes"],"featured_image_urls":{"full":["https:\/\/fmamiga909.com.ar\/wp-content\/uploads\/2025\/01\/wp-header-logo-209.png",960,540,false],"thumbnail":["https:\/\/fmamiga909.com.ar\/wp-content\/uploads\/2025\/01\/wp-header-logo-209-150x150.png",150,150,true],"medium":["https:\/\/fmamiga909.com.ar\/wp-content\/uploads\/2025\/01\/wp-header-logo-209-300x169.png",300,169,true],"medium_large":["https:\/\/fmamiga909.com.ar\/wp-content\/uploads\/2025\/01\/wp-header-logo-209.png",960,540,false],"large":["https:\/\/fmamiga909.com.ar\/wp-content\/uploads\/2025\/01\/wp-header-logo-209.png",640,360,false],"1536x1536":["https:\/\/fmamiga909.com.ar\/wp-content\/uploads\/2025\/01\/wp-header-logo-209.png",960,540,false],"2048x2048":["https:\/\/fmamiga909.com.ar\/wp-content\/uploads\/2025\/01\/wp-header-logo-209.png",960,540,false],"newsium-slider-full":["https:\/\/fmamiga909.com.ar\/wp-content\/uploads\/2025\/01\/wp-header-logo-209.png",960,540,false],"newsium-featured":["https:\/\/fmamiga909.com.ar\/wp-content\/uploads\/2025\/01\/wp-header-logo-209.png",960,540,false],"newsium-medium":["https:\/\/fmamiga909.com.ar\/wp-content\/uploads\/2025\/01\/wp-header-logo-209-720x475.png",720,475,true]},"author_info":{"display_name":"Fredy Giuliano","author_link":"https:\/\/fmamiga909.com.ar\/?author=3"},"category_info":"<a href=\"https:\/\/fmamiga909.com.ar\/?cat=21\" rel=\"category\">Deportes<\/a>","tag_info":"Deportes","comment_count":"0","_links":{"self":[{"href":"https:\/\/fmamiga909.com.ar\/index.php?rest_route=\/wp\/v2\/posts\/17962","targetHints":{"allow":["GET"]}}],"collection":[{"href":"https:\/\/fmamiga909.com.ar\/index.php?rest_route=\/wp\/v2\/posts"}],"about":[{"href":"https:\/\/fmamiga909.com.ar\/index.php?rest_route=\/wp\/v2\/types\/post"}],"author":[{"embeddable":true,"href":"https:\/\/fmamiga909.com.ar\/index.php?rest_route=\/wp\/v2\/users\/3"}],"replies":[{"embeddable":true,"href":"https:\/\/fmamiga909.com.ar\/index.php?rest_route=%2Fwp%2Fv2%2Fcomments&post=17962"}],"version-history":[{"count":0,"href":"https:\/\/fmamiga909.com.ar\/index.php?rest_route=\/wp\/v2\/posts\/17962\/revisions"}],"wp:featuredmedia":[{"embeddable":true,"href":"https:\/\/fmamiga909.com.ar\/index.php?rest_route=\/wp\/v2\/media\/17963"}],"wp:attachment":[{"href":"https:\/\/fmamiga909.com.ar\/index.php?rest_route=%2Fwp%2Fv2%2Fmedia&parent=17962"}],"wp:term":[{"taxonomy":"category","embeddable":true,"href":"https:\/\/fmamiga909.com.ar\/index.php?rest_route=%2Fwp%2Fv2%2Fcategories&post=17962"},{"taxonomy":"post_tag","embeddable":true,"href":"https:\/\/fmamiga909.com.ar\/index.php?rest_route=%2Fwp%2Fv2%2Ftags&post=17962"}],"curies":[{"name":"wp","href":"https:\/\/api.w.org\/{rel}","templated":true}]}}