{"id":17966,"date":"2025-01-20T20:26:35","date_gmt":"2025-01-20T20:26:35","guid":{"rendered":"https:\/\/fmamiga909.com.ar\/?p=17966"},"modified":"2025-01-20T20:26:35","modified_gmt":"2025-01-20T20:26:35","slug":"newells-sorprendio-con-la-contratacion-de-keylor-navas","status":"publish","type":"post","link":"https:\/\/fmamiga909.com.ar\/?p=17966","title":{"rendered":"Newell&#039;s sorprendi\u00f3 con la contrataci\u00f3n de Keylor Navas"},"content":{"rendered":"<div><!-- Body --><\/p>\n<p>Newell&#8217;s sorprendi\u00f3 al mercado de pases al llegar a un acuerdo con el destacado arquero costarricense Keylor Navas, tricampe\u00f3n de Europa y del Mundo con el Real Madrid de Espa\u00f1a, para que se convierta en el cuarto refuerzo del equipo.<\/p>\n<p>   Tras un 2024 para el olvido habiendo terminado 25 de 28 en la Liga Profesional, sin clasificar a la Copa Sudamericana, eliminado en octavos de final de la Copa Argentina y habiendo perdido los dos cl\u00e1sicos del a\u00f1o ante Central, la dirigencia de la Newell&#8217;s\u00a0 y el entrenador Mariano Soso buscan revertir la imagen dejada el a\u00f1o pasado y sumar para no pensar en la lucha por la permanencia.<\/p>\n<p>Para ello trabaj\u00f3 en silencio por la llegada de Keylor Navas, que a sus 38 a\u00f1os tambi\u00e9n figur\u00f3 en los planes de San Lorenzo. Surgido en Saprissa de su pa\u00eds y figura en su selecci\u00f3n, Navas se destac\u00f3 en la Liga espa\u00f1ola, primero en Albacete y luego en Levante, desde donde salt\u00f3 al Real Madrid, donde brill\u00f3 durante cinco temporadas y celebr\u00f3 12 t\u00edtulos, entre ellos dos Ligas, tres Champions y tres Mundiales de Clubes. Luego se march\u00f3 al Paris Saint Germain, equipo en el que tambi\u00e9n festej\u00f3 10 t\u00edtulos locales. En la \u00faltima temporada s\u00f3lo disput\u00f3 seis partidos, afectado por diversas lesiones.<\/p>\n<p><!-- Live Blog Post --><\/div>\n<p><a href=\"https:\/\/www.pagina12.com.ar\/798165-newells-sorprendio-con-la-contratacion-de-keylor-navas\">source<\/a><\/p>\n","protected":false},"excerpt":{"rendered":"<p>Newell&#8217;s sorprendi\u00f3 al mercado de pases al llegar a un acuerdo con el destacado arquero&#8230;<\/p>\n","protected":false},"author":3,"featured_media":17967,"comment_status":"closed","ping_status":"closed","sticky":false,"template":"","format":"standard","meta":{"footnotes":""},"categories":[21],"tags":[],"class_list":["post-17966","post","type-post","status-publish","format-standard","has-post-thumbnail","hentry","category-deportes"],"featured_image_urls":{"full":["https:\/\/fmamiga909.com.ar\/wp-content\/uploads\/2025\/01\/wp-header-logo-211.png",960,540,false],"thumbnail":["https:\/\/fmamiga909.com.ar\/wp-content\/uploads\/2025\/01\/wp-header-logo-211-150x150.png",150,150,true],"medium":["https:\/\/fmamiga909.com.ar\/wp-content\/uploads\/2025\/01\/wp-header-logo-211-300x169.png",300,169,true],"medium_large":["https:\/\/fmamiga909.com.ar\/wp-content\/uploads\/2025\/01\/wp-header-logo-211.png",960,540,false],"large":["https:\/\/fmamiga909.com.ar\/wp-content\/uploads\/2025\/01\/wp-header-logo-211.png",640,360,false],"1536x1536":["https:\/\/fmamiga909.com.ar\/wp-content\/uploads\/2025\/01\/wp-header-logo-211.png",960,540,false],"2048x2048":["https:\/\/fmamiga909.com.ar\/wp-content\/uploads\/2025\/01\/wp-header-logo-211.png",960,540,false],"newsium-slider-full":["https:\/\/fmamiga909.com.ar\/wp-content\/uploads\/2025\/01\/wp-header-logo-211.png",960,540,false],"newsium-featured":["https:\/\/fmamiga909.com.ar\/wp-content\/uploads\/2025\/01\/wp-header-logo-211.png",960,540,false],"newsium-medium":["https:\/\/fmamiga909.com.ar\/wp-content\/uploads\/2025\/01\/wp-header-logo-211-720x475.png",720,475,true]},"author_info":{"display_name":"Fredy Giuliano","author_link":"https:\/\/fmamiga909.com.ar\/?author=3"},"category_info":"<a href=\"https:\/\/fmamiga909.com.ar\/?cat=21\" rel=\"category\">Deportes<\/a>","tag_info":"Deportes","comment_count":"0","_links":{"self":[{"href":"https:\/\/fmamiga909.com.ar\/index.php?rest_route=\/wp\/v2\/posts\/17966","targetHints":{"allow":["GET"]}}],"collection":[{"href":"https:\/\/fmamiga909.com.ar\/index.php?rest_route=\/wp\/v2\/posts"}],"about":[{"href":"https:\/\/fmamiga909.com.ar\/index.php?rest_route=\/wp\/v2\/types\/post"}],"author":[{"embeddable":true,"href":"https:\/\/fmamiga909.com.ar\/index.php?rest_route=\/wp\/v2\/users\/3"}],"replies":[{"embeddable":true,"href":"https:\/\/fmamiga909.com.ar\/index.php?rest_route=%2Fwp%2Fv2%2Fcomments&post=17966"}],"version-history":[{"count":0,"href":"https:\/\/fmamiga909.com.ar\/index.php?rest_route=\/wp\/v2\/posts\/17966\/revisions"}],"wp:featuredmedia":[{"embeddable":true,"href":"https:\/\/fmamiga909.com.ar\/index.php?rest_route=\/wp\/v2\/media\/17967"}],"wp:attachment":[{"href":"https:\/\/fmamiga909.com.ar\/index.php?rest_route=%2Fwp%2Fv2%2Fmedia&parent=17966"}],"wp:term":[{"taxonomy":"category","embeddable":true,"href":"https:\/\/fmamiga909.com.ar\/index.php?rest_route=%2Fwp%2Fv2%2Fcategories&post=17966"},{"taxonomy":"post_tag","embeddable":true,"href":"https:\/\/fmamiga909.com.ar\/index.php?rest_route=%2Fwp%2Fv2%2Ftags&post=17966"}],"curies":[{"name":"wp","href":"https:\/\/api.w.org\/{rel}","templated":true}]}}