{"id":17972,"date":"2025-01-20T22:51:38","date_gmt":"2025-01-20T22:51:38","guid":{"rendered":"https:\/\/fmamiga909.com.ar\/?p=17972"},"modified":"2025-01-20T22:51:38","modified_gmt":"2025-01-20T22:51:38","slug":"todo-este-apoyo-me-esta-ayudando-mucho-remarco-matias-abaldo","status":"publish","type":"post","link":"https:\/\/fmamiga909.com.ar\/?p=17972","title":{"rendered":"&quot;Todo este apoyo me est\u00e1 ayudando mucho&quot;, remarc\u00f3 Mat\u00edas Abaldo\u00a0"},"content":{"rendered":"<div><!-- Body --><\/p>\n<p>El delantero Mat\u00edas Abaldo rompi\u00f3 el silencio luego del anuncio de Gimnasia La Plata de que fue licenciado por un tiempo indeterminado debido a que atraviesa un delicado momento de salud.<\/p>\n<p>El presidente del Lobo, Mariano Cowen, se mostr\u00f3 muy preocupado por la situaci\u00f3n del uruguayo y cont\u00f3 a Radio Splendid lo sucedido: \u00abAbaldo es un chico de 21 a\u00f1os y hay que prestarle mucha atenci\u00f3n a estos temas. El club est\u00e1 muy alerta. Me impactaron las declaraciones del representante de Mat\u00edas y por eso lo primero que hacemos es ponernos a disposici\u00f3n, acompa\u00f1ar desde el lugar que nos toca\u00bb, se sincer\u00f3.<\/p>\n<p>El manager de Abaldo, Edgardo Lasalvia hab\u00eda declarado hace unos d\u00edas lo que le suced\u00eda al futbolista: \u00abYa tenemos turno con el psiquiatra. Es un tema muy de fondo. La distancia, las lesiones, todo fue empeorando su situaci\u00f3n d\u00eda a d\u00eda. Pero no queremos que le pase lo del &#8216;Morro&#8217; Garc\u00eda, que por alguna situaci\u00f3n que no pueda manejar se ponga una soga al cuello. La salud mental es fundamental. El dinero va y viene, yo quiero que Mat\u00edas no se lastime, quiero verlo feliz\u00bb.<\/p>\n<p>Luego fue el propio delantero quien sali\u00f3 a romper el silencio, en di\u00e1logo con <i>Punto Penal<\/i>, y asegur\u00f3 que se siente \u00abmejor\u00bb: \u00abAgradezco a toda la gente que me escribi\u00f3, desde vecinos del barrio hasta Edi Cavani y Luis Su\u00e1rez. Todo este apoyo me est\u00e1 ayudando mucho\u00bb.<\/p>\n<p>A su vez, habl\u00f3 de su posible salida de Gimnasia para volver al club que lo vio nacer: \u00abJugar en Defensor Sporting es lo ideal, porque es mi casa. Y es donde quiero estar\u00bb.<\/p>\n<p>Por otro lado, el club platense hizo opci\u00f3n de compra del pase del uruguayo, por lo que el futbolista extendi\u00f3 su v\u00ednculo hasta diciembre de 2027 con una mejora salarial.<\/p>\n<p>Aun as\u00ed, Lasalvia dio la posibilidad de que la llegada de Abaldo a Defensor Sporting sea s\u00f3lo por un semestre, para que el jugador pueda continuar con su tratamiento en su pa\u00eds y con su familia.<\/p>\n<h2>El 2024 de Abaldo en Gimnasia<\/h2>\n<p>Abaldo lleva 24 partidos jugados en Gimnasia La Plata, entre Liga Profesional (14), Copa de la Liga (7) y Copa Argentina (3).<\/p>\n<p>Durante ese per\u00edodo meti\u00f3 3 goles y dio otras tantas asistencias en el conjunto que conduce su compatriota Marcelo M\u00e9ndez.<\/p>\n<p><!-- Live Blog Post --><\/div>\n<p><a href=\"https:\/\/www.pagina12.com.ar\/798199-todo-este-apoyo-me-esta-ayudando-mucho-remarco-matias-abaldo\">source<\/a><\/p>\n","protected":false},"excerpt":{"rendered":"<p>El delantero Mat\u00edas Abaldo rompi\u00f3 el silencio luego del anuncio de Gimnasia La Plata de&#8230;<\/p>\n","protected":false},"author":3,"featured_media":17973,"comment_status":"closed","ping_status":"closed","sticky":false,"template":"","format":"standard","meta":{"footnotes":""},"categories":[21],"tags":[],"class_list":["post-17972","post","type-post","status-publish","format-standard","has-post-thumbnail","hentry","category-deportes"],"featured_image_urls":{"full":["https:\/\/fmamiga909.com.ar\/wp-content\/uploads\/2025\/01\/wp-header-logo-214.png",960,540,false],"thumbnail":["https:\/\/fmamiga909.com.ar\/wp-content\/uploads\/2025\/01\/wp-header-logo-214-150x150.png",150,150,true],"medium":["https:\/\/fmamiga909.com.ar\/wp-content\/uploads\/2025\/01\/wp-header-logo-214-300x169.png",300,169,true],"medium_large":["https:\/\/fmamiga909.com.ar\/wp-content\/uploads\/2025\/01\/wp-header-logo-214.png",960,540,false],"large":["https:\/\/fmamiga909.com.ar\/wp-content\/uploads\/2025\/01\/wp-header-logo-214.png",640,360,false],"1536x1536":["https:\/\/fmamiga909.com.ar\/wp-content\/uploads\/2025\/01\/wp-header-logo-214.png",960,540,false],"2048x2048":["https:\/\/fmamiga909.com.ar\/wp-content\/uploads\/2025\/01\/wp-header-logo-214.png",960,540,false],"newsium-slider-full":["https:\/\/fmamiga909.com.ar\/wp-content\/uploads\/2025\/01\/wp-header-logo-214.png",960,540,false],"newsium-featured":["https:\/\/fmamiga909.com.ar\/wp-content\/uploads\/2025\/01\/wp-header-logo-214.png",960,540,false],"newsium-medium":["https:\/\/fmamiga909.com.ar\/wp-content\/uploads\/2025\/01\/wp-header-logo-214-720x475.png",720,475,true]},"author_info":{"display_name":"Fredy Giuliano","author_link":"https:\/\/fmamiga909.com.ar\/?author=3"},"category_info":"<a href=\"https:\/\/fmamiga909.com.ar\/?cat=21\" rel=\"category\">Deportes<\/a>","tag_info":"Deportes","comment_count":"0","_links":{"self":[{"href":"https:\/\/fmamiga909.com.ar\/index.php?rest_route=\/wp\/v2\/posts\/17972","targetHints":{"allow":["GET"]}}],"collection":[{"href":"https:\/\/fmamiga909.com.ar\/index.php?rest_route=\/wp\/v2\/posts"}],"about":[{"href":"https:\/\/fmamiga909.com.ar\/index.php?rest_route=\/wp\/v2\/types\/post"}],"author":[{"embeddable":true,"href":"https:\/\/fmamiga909.com.ar\/index.php?rest_route=\/wp\/v2\/users\/3"}],"replies":[{"embeddable":true,"href":"https:\/\/fmamiga909.com.ar\/index.php?rest_route=%2Fwp%2Fv2%2Fcomments&post=17972"}],"version-history":[{"count":0,"href":"https:\/\/fmamiga909.com.ar\/index.php?rest_route=\/wp\/v2\/posts\/17972\/revisions"}],"wp:featuredmedia":[{"embeddable":true,"href":"https:\/\/fmamiga909.com.ar\/index.php?rest_route=\/wp\/v2\/media\/17973"}],"wp:attachment":[{"href":"https:\/\/fmamiga909.com.ar\/index.php?rest_route=%2Fwp%2Fv2%2Fmedia&parent=17972"}],"wp:term":[{"taxonomy":"category","embeddable":true,"href":"https:\/\/fmamiga909.com.ar\/index.php?rest_route=%2Fwp%2Fv2%2Fcategories&post=17972"},{"taxonomy":"post_tag","embeddable":true,"href":"https:\/\/fmamiga909.com.ar\/index.php?rest_route=%2Fwp%2Fv2%2Ftags&post=17972"}],"curies":[{"name":"wp","href":"https:\/\/api.w.org\/{rel}","templated":true}]}}