{"id":18012,"date":"2025-01-22T16:16:12","date_gmt":"2025-01-22T16:16:12","guid":{"rendered":"https:\/\/fmamiga909.com.ar\/?p=18012"},"modified":"2025-01-22T16:16:12","modified_gmt":"2025-01-22T16:16:12","slug":"hamilton-probo-por-primera-vez-una-ferrari","status":"publish","type":"post","link":"https:\/\/fmamiga909.com.ar\/?p=18012","title":{"rendered":"Hamilton prob\u00f3 por primera vez una Ferrari"},"content":{"rendered":"<div><!-- Body --><\/p>\n<p>Lewis Hamilton sigue cumpliendo su sue\u00f1o: este mi\u00e9rcoles, el piloto brit\u00e1nico prob\u00f3 una Ferrari por primera vez en el circuito privado de Fiorano y gener\u00f3 el delirio del p\u00fablico.<\/p>\n<p>   Hamilton, que lleg\u00f3 a la escuder\u00eda de Maranello luego de 12 temporadas en Mercedes, recorri\u00f3 un total de 90 kil\u00f3metros en las 30 vueltas que dio en el circuito que la escuder\u00eda italiana utiliza para probar sus monoplazas.<\/p>\n<div class=\"iframely-embed medium-embedded-content\" data-html=\"Jmx0O2Jsb2NrcXVvdGUgY2xhc3M9InR3aXR0ZXItdHdlZXQiIGRhdGEtZG50PSJ0cnVlIiBhbGlnbj0iY2VudGVyIiZndDsmbHQ7cCBsYW5nPSJlbiIgZGlyPSJsdHIiJmd0O1N0ZXBwaW5nIGludG8gYSBuZXcgZXJhIPCfkYogJmx0O2JyJmd0OyZsdDticiZndDtMZXdpcyBIYW1pbHRvbiB0YWtlcyBoaXMgZmlyc3QgbGFwIGluIGEgRmVycmFyaSEgJmx0O2EgaHJlZj0iaHR0cHM6Ly90LmNvL0xDT3dzMmhhU24iJmd0O3BpYy50d2l0dGVyLmNvbS9MQ093czJoYVNuJmx0Oy9hJmd0OyZsdDsvcCZndDsmYW1wO21kYXNoOyBTY3VkZXJpYSBGZXJyYXJpIEhQIChAU2N1ZGVyaWFGZXJyYXJpKSAmbHQ7YSBocmVmPSJodHRwczovL3R3aXR0ZXIuY29tL1NjdWRlcmlhRmVycmFyaS9zdGF0dXMvMTg4MjAwMDk1MDE1Nzg0NDcwMT9yZWZfc3JjPXR3c3JjJTVFdGZ3IiZndDtKYW51YXJ5IDIyLCAyMDI1Jmx0Oy9hJmd0OyZsdDsvYmxvY2txdW90ZSZndDsKJmx0O3NjcmlwdCBhc3luYyBzcmM9Imh0dHBzOi8vcGxhdGZvcm0udHdpdHRlci5jb20vd2lkZ2V0cy5qcyIgY2hhcnNldD0idXRmLTgiJmd0OyZsdDsvc2NyaXB0Jmd0OwoKJmx0O2RpdiBjbGFzcz0ibWVkaXVtLWluc2VydC1lbWJlZHMtbWV0YSImZ3Q7Jmx0O3NjcmlwdCB0eXBlPSJ0ZXh0L2pzb24iJmd0O3sidXJsIjoiaHR0cHM6Ly90d2l0dGVyLmNvbS9TY3VkZXJpYUZlcnJhcmkvc3RhdHVzLzE4ODIwMDA5NTAxNTc4NDQ3MDEiLCJ0eXBlIjoicmljaCIsInZlcnNpb24iOiIxLjAiLCJ0aXRsZSI6IlNjdWRlcmlhIEZlcnJhcmkgSFAgb24gVHdpdHRlciAvIFgiLCJhdXRob3IiOiJTY3VkZXJpYSBGZXJyYXJpIEhQIiwiYXV0aG9yX3VybCI6Imh0dHBzOi8vdHdpdHRlci5jb20vU2N1ZGVyaWFGZXJyYXJpIiwicHJvdmlkZXJfbmFtZSI6IlR3aXR0ZXIiLCJkZXNjcmlwdGlvbiI6IlN0ZXBwaW5nIGludG8gYSBuZXcgZXJhIPCfkYogTGV3aXMgSGFtaWx0b24gdGFrZXMgaGlzIGZpcnN0IGxhcCBpbiBhIEZlcnJhcmkhIHBpYy50d2l0dGVyLmNvbS9MQ093czJoYVNu4oCUIFNjdWRlcmlhIEZlcnJhcmkgSFAgKEBTY3VkZXJpYUZlcnJhcmkpIEphbnVhcnkgMjIsIDIwMjVcblxuXG4iLCJ0aHVtYm5haWxfdXJsIjoiaHR0cHM6Ly9wYnMudHdpbWcuY29tL2FtcGxpZnlfdmlkZW9fdGh1bWIvMTg4MjAwMDg3NjgyODU3Nzc5Mi9pbWcvRFZXRXA0UHBIR3lDd1V0ai5qcGc6bGFyZ2UiLCJ0aHVtYm5haWxfd2lkdGgiOjEyODAsInRodW1ibmFpbF9oZWlnaHQiOjcyMCwiY2FjaGVfYWdlIjo4NjQwMCwib3B0aW9ucyI6eyJfaGlkZV9tZWRpYSI6eyJsYWJlbCI6IkhpZGUgcGhvdG9zLCB2aWRlb3MsIGFuZCBjYXJkcyIsInZhbHVlIjpmYWxzZX0sIl90aGVtZSI6eyJ2YWx1ZSI6IiIsInZhbHVlcyI6eyJkYXJrIjoiVXNlIGRhcmsgdGhlbWUifX0sIl9tYXh3aWR0aCI6eyJ2YWx1ZSI6IiIsImxhYmVsIjoiQWRqdXN0IHdpZHRoIiwicGxhY2Vob2xkZXIiOiIyMjAtNTUwLCBpbiBweCJ9fX0mbHQ7L3NjcmlwdCZndDsmbHQ7L2RpdiZndDs=\">\n                <a data-iframely-url=\"\" href=\"https:\/\/twitter.com\/ScuderiaFerrari\/status\/1882000950157844701\">https:\/\/twitter.com\/ScuderiaFerrari\/status\/1882000950157844701<\/a>\n              <\/div>\n<p>Al nuevo piloto de Ferrari se lo pudo ver por primera vez vestido completamente con la ropa de la escuder\u00eda y con su caracter\u00edstico casco N\u00b044 amarillo, el mismo que us\u00f3 en su estreno en la F\u00f3rmula 1 con McLaren. El monoplaza utilizado por Hamilton fue el modelo SF-23, que es el que utilizaron durante la temporada 2023 (el m\u00e1s nuevo que se les permite utilizar para este tipo de pruebas).<\/p>\n<p>   Se espera que el brit\u00e1nico pueda seguir probando esta Ferrari en el Circuit de Catalunya para llegar de la mejor manera las pruebas de pretemporada de tres d\u00edas en Bahr\u00e9in, que ser\u00e1n el 26 de febrero, una semana despu\u00e9s de que presenten el monoplaza del 2025 junto a su compa\u00f1ero, el monegasco Charles Leclerc.\u00a0\u00abNo puedo estar m\u00e1s feliz de hacer realidad este sue\u00f1o\u00bb, dijo el lunes, cuando asisti\u00f3 por primera vez a la f\u00e1brica de Maranello. \u00abHay D\u00edas que sab\u00e9s que recordar\u00e1s para siempre y hoy, el primero como piloto de Ferrari, es uno de ellos. En mi carrera tuve la suerte de alcanzar metas que nunca hubiera cre\u00eddo posibles, pero en parte siempre me aferr\u00e9 al sue\u00f1o de correr vestido de rojo\u00bb, public\u00f3 en sus redes sociales.\u00a0<\/p>\n<p>   Hamilton, de 40 a\u00f1os, afrontar\u00e1 su decimonovena temporada en la F\u00f3rmula 1, categor\u00eda en la que es el m\u00e1s ganador junto al alem\u00e1n Michael Schumacher gracias a los siete t\u00edtulos obtenidos en 2008, 2014, 2015, 2017, 2018, 2019 y 2020. Ferrari ser\u00e1 el tercer equipo en la carrera de Hamilton, que represent\u00f3 a McLaren entre 2007 y 2012 y a Mercedes entre 2013 y 2024.<\/p>\n<p>   La temporada 2025 de la F\u00f3rmula 1 comenzar\u00e1 a mediados de marzo, cuando se lleve a cabo el Gran Premio de Australia entre el viernes 14 y el domingo 16.<\/p>\n<p><!-- Live Blog Post --><\/div>\n<p><script async src=\"\/\/platform.twitter.com\/widgets.js\" charset=\"utf-8\"><\/script><br \/><a href=\"https:\/\/www.pagina12.com.ar\/798673-hamilton-probo-por-primera-vez-una-ferrari\">source<\/a><\/p>\n","protected":false},"excerpt":{"rendered":"<p>Lewis Hamilton sigue cumpliendo su sue\u00f1o: este mi\u00e9rcoles, el piloto brit\u00e1nico prob\u00f3 una Ferrari por&#8230;<\/p>\n","protected":false},"author":3,"featured_media":18013,"comment_status":"closed","ping_status":"closed","sticky":false,"template":"","format":"standard","meta":{"footnotes":""},"categories":[21],"tags":[],"class_list":["post-18012","post","type-post","status-publish","format-standard","has-post-thumbnail","hentry","category-deportes"],"featured_image_urls":{"full":["https:\/\/fmamiga909.com.ar\/wp-content\/uploads\/2025\/01\/wp-header-logo-234.png",960,540,false],"thumbnail":["https:\/\/fmamiga909.com.ar\/wp-content\/uploads\/2025\/01\/wp-header-logo-234-150x150.png",150,150,true],"medium":["https:\/\/fmamiga909.com.ar\/wp-content\/uploads\/2025\/01\/wp-header-logo-234-300x169.png",300,169,true],"medium_large":["https:\/\/fmamiga909.com.ar\/wp-content\/uploads\/2025\/01\/wp-header-logo-234.png",960,540,false],"large":["https:\/\/fmamiga909.com.ar\/wp-content\/uploads\/2025\/01\/wp-header-logo-234.png",640,360,false],"1536x1536":["https:\/\/fmamiga909.com.ar\/wp-content\/uploads\/2025\/01\/wp-header-logo-234.png",960,540,false],"2048x2048":["https:\/\/fmamiga909.com.ar\/wp-content\/uploads\/2025\/01\/wp-header-logo-234.png",960,540,false],"newsium-slider-full":["https:\/\/fmamiga909.com.ar\/wp-content\/uploads\/2025\/01\/wp-header-logo-234.png",960,540,false],"newsium-featured":["https:\/\/fmamiga909.com.ar\/wp-content\/uploads\/2025\/01\/wp-header-logo-234.png",960,540,false],"newsium-medium":["https:\/\/fmamiga909.com.ar\/wp-content\/uploads\/2025\/01\/wp-header-logo-234-720x475.png",720,475,true]},"author_info":{"display_name":"Fredy Giuliano","author_link":"https:\/\/fmamiga909.com.ar\/?author=3"},"category_info":"<a href=\"https:\/\/fmamiga909.com.ar\/?cat=21\" rel=\"category\">Deportes<\/a>","tag_info":"Deportes","comment_count":"0","_links":{"self":[{"href":"https:\/\/fmamiga909.com.ar\/index.php?rest_route=\/wp\/v2\/posts\/18012","targetHints":{"allow":["GET"]}}],"collection":[{"href":"https:\/\/fmamiga909.com.ar\/index.php?rest_route=\/wp\/v2\/posts"}],"about":[{"href":"https:\/\/fmamiga909.com.ar\/index.php?rest_route=\/wp\/v2\/types\/post"}],"author":[{"embeddable":true,"href":"https:\/\/fmamiga909.com.ar\/index.php?rest_route=\/wp\/v2\/users\/3"}],"replies":[{"embeddable":true,"href":"https:\/\/fmamiga909.com.ar\/index.php?rest_route=%2Fwp%2Fv2%2Fcomments&post=18012"}],"version-history":[{"count":0,"href":"https:\/\/fmamiga909.com.ar\/index.php?rest_route=\/wp\/v2\/posts\/18012\/revisions"}],"wp:featuredmedia":[{"embeddable":true,"href":"https:\/\/fmamiga909.com.ar\/index.php?rest_route=\/wp\/v2\/media\/18013"}],"wp:attachment":[{"href":"https:\/\/fmamiga909.com.ar\/index.php?rest_route=%2Fwp%2Fv2%2Fmedia&parent=18012"}],"wp:term":[{"taxonomy":"category","embeddable":true,"href":"https:\/\/fmamiga909.com.ar\/index.php?rest_route=%2Fwp%2Fv2%2Fcategories&post=18012"},{"taxonomy":"post_tag","embeddable":true,"href":"https:\/\/fmamiga909.com.ar\/index.php?rest_route=%2Fwp%2Fv2%2Ftags&post=18012"}],"curies":[{"name":"wp","href":"https:\/\/api.w.org\/{rel}","templated":true}]}}