{"id":18054,"date":"2025-01-23T22:43:37","date_gmt":"2025-01-23T22:43:37","guid":{"rendered":"https:\/\/fmamiga909.com.ar\/?p=18054"},"modified":"2025-01-23T22:43:37","modified_gmt":"2025-01-23T22:43:37","slug":"el-inter-de-porto-alegre-presento-al-colombiano-johan-carbonero","status":"publish","type":"post","link":"https:\/\/fmamiga909.com.ar\/?p=18054","title":{"rendered":"El Inter de Porto Alegre present\u00f3 al colombiano Johan Carbonero"},"content":{"rendered":"<div><!-- Body --><\/p>\n<p>\u00abRetrocede al ataque. Carbonero es el nuevo jugador de Colorado. Bienvenido\u00bb, escribi\u00f3 la cuenta oficial del Inter de Brasil en la descripci\u00f3n de su publicaci\u00f3n de redes sociales. El mensaje estuvo acompa\u00f1ado por cinco emoticones: una cara con estrellas en sus ojos, una flama, dos manos de distintos colores y la bandera de Colombia.<\/p>\n<p>   Adem\u00e1s, el conjunto sudamericano realiz\u00f3 un video con las mejores jugadas de Johan Carbonero. \u00abNotado por su velocidad y driblas, el colombiano llega para reforzar el club del ataque del pueblo \u00ab, manifest\u00f3 el perfil verificado del Inter de Porto Alegre en la descripci\u00f3n de su reel de Instagram..<\/p>\n<p>   El delantero colombiano Roger Mart\u00ednez no se qued\u00f3 atr\u00e1s y dej\u00f3 su comentario en el posteo de presentaci\u00f3n. \u00abVamos mi negro\u00bb, expres\u00f3 Roger Mart\u00ednez en la misma publicaci\u00f3n. El mensaje del futbolista estuvo acompa\u00f1ado por dos emoticones: una cara resoplando y una cara con corazones en sus ojos.<\/p>\n<h3>\u00bfC\u00f3mo le fue al colombiano en Racing?<\/h3>\n<p>Carbonero integr\u00f3 el plantel profesional de la Academia durante tres a\u00f1os. En sus inicios, era considerado como jugador que ten\u00eda la capacidad de explotar al m\u00e1ximo su rendimiento deportivo que estuvo acompa\u00f1ado por una velocidad descomunal.<\/p>\n<p>   Sin embargo, debido a las lesiones que sufri\u00f3, no pudo demostrar todo el potencial que le pod\u00eda brindar a Racing. Termin\u00f3 en un rol de rotaci\u00f3n, dentro del banco de suplentes, con actuaciones regulares que lo llevaron a la dura situaci\u00f3n de disputar su convocatoria al banco de relevos.<\/p>\n<p>   En sus tres a\u00f1os en Racing, Carbonero disput\u00f3 56 encuentros, anot\u00f3 8 goles y reparti\u00f3 4 asistencias.<\/p>\n<p><!-- Live Blog Post --><\/div>\n<p><a href=\"https:\/\/www.pagina12.com.ar\/799042-el-inter-de-porto-alegre-presento-al-colombiano-johan-carbon\">source<\/a><\/p>\n","protected":false},"excerpt":{"rendered":"<p>\u00abRetrocede al ataque. Carbonero es el nuevo jugador de Colorado. Bienvenido\u00bb, escribi\u00f3 la cuenta oficial&#8230;<\/p>\n","protected":false},"author":3,"featured_media":18055,"comment_status":"closed","ping_status":"closed","sticky":false,"template":"","format":"standard","meta":{"footnotes":""},"categories":[21],"tags":[],"class_list":["post-18054","post","type-post","status-publish","format-standard","has-post-thumbnail","hentry","category-deportes"],"featured_image_urls":{"full":["https:\/\/fmamiga909.com.ar\/wp-content\/uploads\/2025\/01\/wp-header-logo-255.png",960,540,false],"thumbnail":["https:\/\/fmamiga909.com.ar\/wp-content\/uploads\/2025\/01\/wp-header-logo-255-150x150.png",150,150,true],"medium":["https:\/\/fmamiga909.com.ar\/wp-content\/uploads\/2025\/01\/wp-header-logo-255-300x169.png",300,169,true],"medium_large":["https:\/\/fmamiga909.com.ar\/wp-content\/uploads\/2025\/01\/wp-header-logo-255.png",960,540,false],"large":["https:\/\/fmamiga909.com.ar\/wp-content\/uploads\/2025\/01\/wp-header-logo-255.png",640,360,false],"1536x1536":["https:\/\/fmamiga909.com.ar\/wp-content\/uploads\/2025\/01\/wp-header-logo-255.png",960,540,false],"2048x2048":["https:\/\/fmamiga909.com.ar\/wp-content\/uploads\/2025\/01\/wp-header-logo-255.png",960,540,false],"newsium-slider-full":["https:\/\/fmamiga909.com.ar\/wp-content\/uploads\/2025\/01\/wp-header-logo-255.png",960,540,false],"newsium-featured":["https:\/\/fmamiga909.com.ar\/wp-content\/uploads\/2025\/01\/wp-header-logo-255.png",960,540,false],"newsium-medium":["https:\/\/fmamiga909.com.ar\/wp-content\/uploads\/2025\/01\/wp-header-logo-255-720x475.png",720,475,true]},"author_info":{"display_name":"Fredy Giuliano","author_link":"https:\/\/fmamiga909.com.ar\/?author=3"},"category_info":"<a href=\"https:\/\/fmamiga909.com.ar\/?cat=21\" rel=\"category\">Deportes<\/a>","tag_info":"Deportes","comment_count":"0","_links":{"self":[{"href":"https:\/\/fmamiga909.com.ar\/index.php?rest_route=\/wp\/v2\/posts\/18054","targetHints":{"allow":["GET"]}}],"collection":[{"href":"https:\/\/fmamiga909.com.ar\/index.php?rest_route=\/wp\/v2\/posts"}],"about":[{"href":"https:\/\/fmamiga909.com.ar\/index.php?rest_route=\/wp\/v2\/types\/post"}],"author":[{"embeddable":true,"href":"https:\/\/fmamiga909.com.ar\/index.php?rest_route=\/wp\/v2\/users\/3"}],"replies":[{"embeddable":true,"href":"https:\/\/fmamiga909.com.ar\/index.php?rest_route=%2Fwp%2Fv2%2Fcomments&post=18054"}],"version-history":[{"count":0,"href":"https:\/\/fmamiga909.com.ar\/index.php?rest_route=\/wp\/v2\/posts\/18054\/revisions"}],"wp:featuredmedia":[{"embeddable":true,"href":"https:\/\/fmamiga909.com.ar\/index.php?rest_route=\/wp\/v2\/media\/18055"}],"wp:attachment":[{"href":"https:\/\/fmamiga909.com.ar\/index.php?rest_route=%2Fwp%2Fv2%2Fmedia&parent=18054"}],"wp:term":[{"taxonomy":"category","embeddable":true,"href":"https:\/\/fmamiga909.com.ar\/index.php?rest_route=%2Fwp%2Fv2%2Fcategories&post=18054"},{"taxonomy":"post_tag","embeddable":true,"href":"https:\/\/fmamiga909.com.ar\/index.php?rest_route=%2Fwp%2Fv2%2Ftags&post=18054"}],"curies":[{"name":"wp","href":"https:\/\/api.w.org\/{rel}","templated":true}]}}