{"id":18064,"date":"2025-01-24T14:59:24","date_gmt":"2025-01-24T14:59:24","guid":{"rendered":"https:\/\/fmamiga909.com.ar\/?p=18064"},"modified":"2025-01-24T14:59:24","modified_gmt":"2025-01-24T14:59:24","slug":"baez-sosa-el-negro-de-mierda-y-el-odio-de-clase-de-trump-y-milei","status":"publish","type":"post","link":"https:\/\/fmamiga909.com.ar\/?p=18064","title":{"rendered":"B\u00e1ez Sosa, el &quot;Negro de mierda&quot;, y el odio de clase de Trump y Milei"},"content":{"rendered":"<div><!-- Body --><\/p>\n<p>El rostro del diferente define el comienzo de la \u00e9tica. No hay ejercicio m\u00e1s dif\u00edcil \u2013y quiz\u00e1s, m\u00e1s esencialmente humano\u2013 que preguntarse por las necesidades y emociones del otro. <b>Se acaban de cumplir cinco a\u00f1os del crimen de Fernando B\u00e1ez Sosa.<\/b> Ocho rugbiers fueron sentenciados \u2013por primera vez en el pa\u00eds\u2013 con el agravante de delito de odio. Est\u00e1n a la espera de la resoluci\u00f3n de la Suprema Corte bonaerense.<\/p>\n<p>Existe un odio de clase que idolatra la violencia extrema y sus placeres coercitivos.<b> \u00abA este negro de mierda me lo llevo de trofeo\u00bb,<\/b> se escuch\u00f3 \u2013seg\u00fan testigos\u2013 en la paliza a B\u00e1ez Sosa. Esa violencia tan ligera de piel y huesos: un golpe, una patada, un insulto. Todo normal, naturalizado.<\/p>\n<p><b>La violencia sobre el \u00abnegro\u00bb de clase fue siempre una obsesi\u00f3n concreta de la estructura econ\u00f3mica dominante<\/b> y jer\u00e1rquicamente explotadora de nuestro pa\u00eds. Hoy goza de muy buena salud. El gobierno de Milei se ha convertido en una inquietante m\u00e1quina de multiplicar el odio, de promover la cultura de la deshumanizaci\u00f3n del otro, de propagar la violencia, de inferiorizar para dominar, de colocar a las personas contra las personas. <b>Para que la cultura del odio progrese es necesario mentir, distorsionar los hechos, atacar la solidaridad, declarar los derechos humanos como una amenaza, alimentar el odio racista, xen\u00f3fobo, sexista, hom\u00f3fobo<\/b>, que desembocan en pr\u00e1cticas de violencia obscena, irracional, como soporte inestimable de una opresi\u00f3n concreta.<\/p>\n<p>La verdadera compasi\u00f3n por el otro solo puede ser incondicional y, precisamente, en tanto incondicional, solo puede darse como acto po\u00e9tico.  <b>M\u00e1ximo Thomsen, uno de los condenados a cadena perpetua, decidi\u00f3 contratar a Francisco Oneto, ex candidato a vicegobernador bonaerense por la Libertad Avanza.<\/b> Se entiende. Contar con un dirigente de extrema derecha para defender un caso de violencia extrema es de lo m\u00e1s consecuente. Las manzanas siempre caen cerca del \u00e1rbol.<\/p>\n<p>Desde siempre, la actividad normal de los poderes econ\u00f3micos ha consistido en influir sobre el poder pol\u00edtico institucional con el fin de potenciar sus intereses. Pero nunca como hoy.<b> La victoria de Trump se presenta como una especie de \u00abreaganismo 2.0\u00bb, pero el cambio es cualitativo: ya no se trata de que los poderes f\u00e1cticos influyan o presionen sobre el poder pol\u00edtico, sino que se incorporen a \u00e9l. <\/b>Normalizamos que los nuevos oligarcas tecnol\u00f3gicos se exhiban y dicten sus propias condiciones a los mercados.<b> Pr\u00edncipes medievales que intentan hacerte creer que es bueno para todos lo que es bueno para ellos:<\/b> garantizar su riqueza y vaciar de poder cualquier autoridad p\u00fablica.<\/p>\n<p> Admit\u00e1moslo. <b>Fernando B\u00e1ez Sosa sufri\u00f3 las consecuencias de unos matones con ideolog\u00eda de odio por ser un \u00abnegro de mierda\u00bb.<\/b> La justicia lo entendi\u00f3 as\u00ed. Cabe preguntarse, \u00bfa cu\u00e1nto cotiza hoy el kilo de odio en nuestro pa\u00eds?   <\/p>\n<p>(*) Periodista, ex jugador de V\u00e9lez, clubes de Espa\u00f1a y campe\u00f3n mundial 1979.<\/p>\n<p><!-- Live Blog Post --><\/div>\n<p><a href=\"https:\/\/www.pagina12.com.ar\/799211-baez-sosa-el-negro-de-mierda-y-el-odio-de-clase-de-trump-y-m\">source<\/a><\/p>\n","protected":false},"excerpt":{"rendered":"<p>El rostro del diferente define el comienzo de la \u00e9tica. No hay ejercicio m\u00e1s dif\u00edcil&#8230;<\/p>\n","protected":false},"author":3,"featured_media":18065,"comment_status":"closed","ping_status":"closed","sticky":false,"template":"","format":"standard","meta":{"footnotes":""},"categories":[21],"tags":[],"class_list":["post-18064","post","type-post","status-publish","format-standard","has-post-thumbnail","hentry","category-deportes"],"featured_image_urls":{"full":["https:\/\/fmamiga909.com.ar\/wp-content\/uploads\/2025\/01\/wp-header-logo-260.png",960,540,false],"thumbnail":["https:\/\/fmamiga909.com.ar\/wp-content\/uploads\/2025\/01\/wp-header-logo-260-150x150.png",150,150,true],"medium":["https:\/\/fmamiga909.com.ar\/wp-content\/uploads\/2025\/01\/wp-header-logo-260-300x169.png",300,169,true],"medium_large":["https:\/\/fmamiga909.com.ar\/wp-content\/uploads\/2025\/01\/wp-header-logo-260.png",960,540,false],"large":["https:\/\/fmamiga909.com.ar\/wp-content\/uploads\/2025\/01\/wp-header-logo-260.png",640,360,false],"1536x1536":["https:\/\/fmamiga909.com.ar\/wp-content\/uploads\/2025\/01\/wp-header-logo-260.png",960,540,false],"2048x2048":["https:\/\/fmamiga909.com.ar\/wp-content\/uploads\/2025\/01\/wp-header-logo-260.png",960,540,false],"newsium-slider-full":["https:\/\/fmamiga909.com.ar\/wp-content\/uploads\/2025\/01\/wp-header-logo-260.png",960,540,false],"newsium-featured":["https:\/\/fmamiga909.com.ar\/wp-content\/uploads\/2025\/01\/wp-header-logo-260.png",960,540,false],"newsium-medium":["https:\/\/fmamiga909.com.ar\/wp-content\/uploads\/2025\/01\/wp-header-logo-260-720x475.png",720,475,true]},"author_info":{"display_name":"Fredy Giuliano","author_link":"https:\/\/fmamiga909.com.ar\/?author=3"},"category_info":"<a href=\"https:\/\/fmamiga909.com.ar\/?cat=21\" rel=\"category\">Deportes<\/a>","tag_info":"Deportes","comment_count":"0","_links":{"self":[{"href":"https:\/\/fmamiga909.com.ar\/index.php?rest_route=\/wp\/v2\/posts\/18064","targetHints":{"allow":["GET"]}}],"collection":[{"href":"https:\/\/fmamiga909.com.ar\/index.php?rest_route=\/wp\/v2\/posts"}],"about":[{"href":"https:\/\/fmamiga909.com.ar\/index.php?rest_route=\/wp\/v2\/types\/post"}],"author":[{"embeddable":true,"href":"https:\/\/fmamiga909.com.ar\/index.php?rest_route=\/wp\/v2\/users\/3"}],"replies":[{"embeddable":true,"href":"https:\/\/fmamiga909.com.ar\/index.php?rest_route=%2Fwp%2Fv2%2Fcomments&post=18064"}],"version-history":[{"count":0,"href":"https:\/\/fmamiga909.com.ar\/index.php?rest_route=\/wp\/v2\/posts\/18064\/revisions"}],"wp:featuredmedia":[{"embeddable":true,"href":"https:\/\/fmamiga909.com.ar\/index.php?rest_route=\/wp\/v2\/media\/18065"}],"wp:attachment":[{"href":"https:\/\/fmamiga909.com.ar\/index.php?rest_route=%2Fwp%2Fv2%2Fmedia&parent=18064"}],"wp:term":[{"taxonomy":"category","embeddable":true,"href":"https:\/\/fmamiga909.com.ar\/index.php?rest_route=%2Fwp%2Fv2%2Fcategories&post=18064"},{"taxonomy":"post_tag","embeddable":true,"href":"https:\/\/fmamiga909.com.ar\/index.php?rest_route=%2Fwp%2Fv2%2Ftags&post=18064"}],"curies":[{"name":"wp","href":"https:\/\/api.w.org\/{rel}","templated":true}]}}