{"id":18078,"date":"2025-01-24T22:39:56","date_gmt":"2025-01-24T22:39:56","guid":{"rendered":"https:\/\/fmamiga909.com.ar\/?p=18078"},"modified":"2025-01-24T22:39:56","modified_gmt":"2025-01-24T22:39:56","slug":"queria-cumplir-el-sueno-afirmo-ander-herrera","status":"publish","type":"post","link":"https:\/\/fmamiga909.com.ar\/?p=18078","title":{"rendered":"&quot;Quer\u00eda cumplir el sue\u00f1o&quot;, afirm\u00f3\u00a0Ander Herrera"},"content":{"rendered":"<div><!-- Body --><\/p>\n<p><b>Luego de su debut en el 5-0 ante Argentino de Monte Ma\u00edz<\/b> por Copa Argentina,<b>\u00a0Ander Herrera fue presentado oficialmente <\/b>este viernes y sostuvo:\u00a0<b>\u00abQuer\u00eda cumplir este sue\u00f1o\u00bb.<\/b><\/p>\n<p>Una vez que finaliz\u00f3 la jornada de trabajo en vistas al debut de este domingo en la Liga Profesional frente a Argentinos Juniors, el vasco se sent\u00f3 en la sala de conferencia junto al presidente <b>Juan Rom\u00e1n Riquelme<\/b>, que <b>arranc\u00f3 diciendo:\u00a0\u00abEstamos muy contentos de que un jugador como Ander elija nuestro club. <\/b>Sin su deseo hubiera sido imposible. <b>Nos da mucha felicidad decir que sos un bostero m\u00e1s\u00bb<\/b>, fue la frase de bienvenida al refuerzo europeo.<\/p>\n<p>Luego, <b>Herrera tom\u00f3 la palabra y confes\u00f3: \u00abLlega un momento en el que uno piensa que el final no est\u00e1 lejos<\/b> y hay oportunidades que no se pueden dejar pasar. <b>Ya cumpl\u00ed algunos sue\u00f1os, como jugar en grandes clubes y en la Selecci\u00f3n, pero llegar al m\u00e1s grande de Sudam\u00e9rica y uno de los m\u00e1s grandes del mundo era otro de ellos.<\/b> Quer\u00eda cumplirlo. Dije que si sal\u00eda esta opci\u00f3n no lo iba a dudar, y le di para adelante. Lo contractual fue lo de menos, <b>cuando termine mi carrera quer\u00eda decir que jugu\u00e9 en Boca\u00bb.<\/b><\/p>\n<p><iframe style=\"border: 0px; position: absolute; top: 0px; left: 0px; height: 100%;\" allowfullscreen=\"\" frameborder=\"0\" src=\"https:\/\/www.youtube.com\/embed\/b8EFE9OIhNg\"><\/iframe><\/p>\n<p><b>Adem\u00e1s de remarcar sus ganas de debutar en La Bombonera<\/b>, \u00abalgo que he imaginado muchas veces\u00bb, <b>Herrera hizo \u00e9nfasis en que el estilo de Gago le sienta bien: \u00abLos centrocampistas vamos a estar en contacto con el bal\u00f3n<\/b> y para m\u00ed es fuerte que un DT quiera eso\u00bb.<\/p>\n<p>Al ser consultado, <b>afirm\u00f3 que estuvo en contacto con Leandro Paredes: \u00abMe habl\u00f3 y me felicit\u00f3 por venir a Boca.<\/b> Me dijo lo importante que es jugar en esta instituci\u00f3n\u00bb.<\/p>\n<p>Asimismo, asegur\u00f3:<b>\u00a0<\/b>\u00ab<b>Camilo (Rey Domenech)<\/b> <b>es un chico especial. <\/b>Lo vi en San Nicol\u00e1s y <b>uno se da cuenta <\/b>de que tiene algo especial.<b> Hay que cuidarlo y no ponerle m\u00e1s presi\u00f3n. <\/b>Los de experiencia tenemos la responsabilidad de que los chicos disfruten. <b>No me sorprendi\u00f3 ninguno porque los conozco, a Zeballos lo ten\u00eda visto, y Aguirre y Velasco tienen buenas cosas\u00bb<\/b>, respondi\u00f3 sobre sus nuevos compa\u00f1eros.<\/p>\n<p><!-- Live Blog Post --><\/div>\n<p><a href=\"https:\/\/www.pagina12.com.ar\/799289-queria-cumplir-el-sueno-afirmo-ander-herrera\">source<\/a><\/p>\n","protected":false},"excerpt":{"rendered":"<p>Luego de su debut en el 5-0 ante Argentino de Monte Ma\u00edz por Copa Argentina,\u00a0Ander&#8230;<\/p>\n","protected":false},"author":3,"featured_media":18079,"comment_status":"closed","ping_status":"closed","sticky":false,"template":"","format":"standard","meta":{"footnotes":""},"categories":[21],"tags":[],"class_list":["post-18078","post","type-post","status-publish","format-standard","has-post-thumbnail","hentry","category-deportes"],"featured_image_urls":{"full":["https:\/\/fmamiga909.com.ar\/wp-content\/uploads\/2025\/01\/wp-header-logo-267.png",960,540,false],"thumbnail":["https:\/\/fmamiga909.com.ar\/wp-content\/uploads\/2025\/01\/wp-header-logo-267-150x150.png",150,150,true],"medium":["https:\/\/fmamiga909.com.ar\/wp-content\/uploads\/2025\/01\/wp-header-logo-267-300x169.png",300,169,true],"medium_large":["https:\/\/fmamiga909.com.ar\/wp-content\/uploads\/2025\/01\/wp-header-logo-267.png",960,540,false],"large":["https:\/\/fmamiga909.com.ar\/wp-content\/uploads\/2025\/01\/wp-header-logo-267.png",640,360,false],"1536x1536":["https:\/\/fmamiga909.com.ar\/wp-content\/uploads\/2025\/01\/wp-header-logo-267.png",960,540,false],"2048x2048":["https:\/\/fmamiga909.com.ar\/wp-content\/uploads\/2025\/01\/wp-header-logo-267.png",960,540,false],"newsium-slider-full":["https:\/\/fmamiga909.com.ar\/wp-content\/uploads\/2025\/01\/wp-header-logo-267.png",960,540,false],"newsium-featured":["https:\/\/fmamiga909.com.ar\/wp-content\/uploads\/2025\/01\/wp-header-logo-267.png",960,540,false],"newsium-medium":["https:\/\/fmamiga909.com.ar\/wp-content\/uploads\/2025\/01\/wp-header-logo-267-720x475.png",720,475,true]},"author_info":{"display_name":"Fredy Giuliano","author_link":"https:\/\/fmamiga909.com.ar\/?author=3"},"category_info":"<a href=\"https:\/\/fmamiga909.com.ar\/?cat=21\" rel=\"category\">Deportes<\/a>","tag_info":"Deportes","comment_count":"0","_links":{"self":[{"href":"https:\/\/fmamiga909.com.ar\/index.php?rest_route=\/wp\/v2\/posts\/18078","targetHints":{"allow":["GET"]}}],"collection":[{"href":"https:\/\/fmamiga909.com.ar\/index.php?rest_route=\/wp\/v2\/posts"}],"about":[{"href":"https:\/\/fmamiga909.com.ar\/index.php?rest_route=\/wp\/v2\/types\/post"}],"author":[{"embeddable":true,"href":"https:\/\/fmamiga909.com.ar\/index.php?rest_route=\/wp\/v2\/users\/3"}],"replies":[{"embeddable":true,"href":"https:\/\/fmamiga909.com.ar\/index.php?rest_route=%2Fwp%2Fv2%2Fcomments&post=18078"}],"version-history":[{"count":0,"href":"https:\/\/fmamiga909.com.ar\/index.php?rest_route=\/wp\/v2\/posts\/18078\/revisions"}],"wp:featuredmedia":[{"embeddable":true,"href":"https:\/\/fmamiga909.com.ar\/index.php?rest_route=\/wp\/v2\/media\/18079"}],"wp:attachment":[{"href":"https:\/\/fmamiga909.com.ar\/index.php?rest_route=%2Fwp%2Fv2%2Fmedia&parent=18078"}],"wp:term":[{"taxonomy":"category","embeddable":true,"href":"https:\/\/fmamiga909.com.ar\/index.php?rest_route=%2Fwp%2Fv2%2Fcategories&post=18078"},{"taxonomy":"post_tag","embeddable":true,"href":"https:\/\/fmamiga909.com.ar\/index.php?rest_route=%2Fwp%2Fv2%2Ftags&post=18078"}],"curies":[{"name":"wp","href":"https:\/\/api.w.org\/{rel}","templated":true}]}}