{"id":18082,"date":"2025-01-24T23:39:27","date_gmt":"2025-01-24T23:39:27","guid":{"rendered":"https:\/\/fmamiga909.com.ar\/?p=18082"},"modified":"2025-01-24T23:39:27","modified_gmt":"2025-01-24T23:39:27","slug":"javier-frana-hombre-de-procesos-queremos-ganar-no-hay-dudas-pero-nadie-va-a-morir","status":"publish","type":"post","link":"https:\/\/fmamiga909.com.ar\/?p=18082","title":{"rendered":"Javier Frana, hombre de procesos: &quot;Queremos ganar, no hay dudas, pero nadie va a morir&quot;"},"content":{"rendered":"<div><!-- Body --><\/p>\n<p><b><a href=\"https:\/\/www.pagina12.com.ar\/788474-javier-frana-el-capitan-pacificador-aviso-que-hablara-con-ze\">Javier Frana<\/a><\/b>\u00a0lleg\u00f3 a la capitan\u00eda de la <b><a href=\"https:\/\/www.pagina12.com.ar\/tags\/1344-copa-davis\">Copa Davis<\/a><\/b>\u00a0con dos mensajes claros: <b>promover la unidad, <\/b>en un ecosistema en el que prevalecieron las internas, y <b>esquivar el dramatismo, un sentimiento que suele apoderarse del presente emocional<\/b> de los jugadores que representan a su pa\u00eds.<\/p>\n<p>De elocuente perfil pacificador, hasta en su manera de moldear las palabras, <b>el flamante conductor sabe que tendr\u00e1, en t\u00e9rminos deportivos, una parada muy dif\u00edcil<\/b> para su estreno en la silla, con el formato mano a mano y al mejor de cinco puntos, cuatro singles y el doble: <b>Noruega, de visitante, del 30 al 31 de enero,\u00a0<\/b>en el Fjellhamar Arena -2.000 espectadores- <b>sobre superficie r\u00e1pida bajo techo, en la ciudad de Fjellhamar<\/b>, situada en las afueras de Oslo.<\/p>\n<p>Los locales contar\u00e1n con el n\u00famero seis mundial\u00a0<b><a href=\"https:\/\/www.pagina12.com.ar\/tags\/40135-casper-ruud\">Casper Ruud<\/a>\u00a0<\/b>y Argentina llegar\u00e1 sin sus mejores armas, sobre todo luego de <b><a href=\"https:\/\/www.pagina12.com.ar\/798718-baja-sensible-para-javier-frana-francisco-cerundolo-no-jugar\">la sensible baja de Francisco Cer\u00fandolo<\/a>, lesionado en el tal\u00f3n de aquiles. <\/b>El equipo nacional, en caso de avanzar, <b>se medir\u00e1 ante Pa\u00edses Bajos, tambi\u00e9n fuera de casa, en una serie de octavos de final.<\/b><\/p>\n<p>Con la filosof\u00eda personal a flor de piel, con un mensaje que desdramatiza el resultado negativo,\u00a0<b>Frana condujo el \u00faltimo entrenamiento en el Tenis Club Argentino y partir\u00e1 este s\u00e1bado rumbo a Noruega <\/b>para su primera experiencia en la nueva etapa de su vida: \u00ab<b>Esto es un proceso: no est\u00e1 atado al resultado. <\/b>Obviamente queremos ganar y vamos a estar en todos los detalles,<b> pero lo importante es que todas las vivencias nos dejen un aprendizaje. <\/b>El resultado no lo podemos manejar; <b>no sabemos si Ruud va a estar inspirado o si va a jugar mal.\u00a0<\/b>Queremos ganar, no hay dudas, pero <b>nadie va a morir\u00bb.<\/b><\/p>\n<p><b><a href=\"https:\/\/www.pagina12.com.ar\/795026-copa-davis-frana-dio-el-equipo-con-un-regreso-muy-esperado\">Sin el n\u00famero uno nacional Sebasti\u00e1n B\u00e1ez<\/a><\/b> desde un principio, el capit\u00e1n perdi\u00f3 a su mejor carta d\u00edas antes del viaje, pero sabe que son situaciones que debe resolver:\u00a0<b>\u00abLo de Fran (Cer\u00fandolo) fue lamentable, sobre todo para \u00e9l que mor\u00eda por estar<\/b> y que hizo todo lo posible. Pero es parte del juego. No puedo pretender que todo sea f\u00e1cil\u00bb. El reemplazante fue <b><a href=\"https:\/\/www.pagina12.com.ar\/712815-argentina-open-diaz-acosta-dio-el-batacazo-en-el-lawn-tennis\">Facundo D\u00edaz Acosta, 73\u00b0 y campe\u00f3n defensor del Argentina Open.<\/a>\u00a0<\/b>El plantel tambi\u00e9n estar\u00e1 compuesto por\u00a0<strong>Tom\u00e1s Etcheverry<\/strong><b> (38\u00b0), Mariano Navone (47\u00b0) <\/b>\u2013otro debutante\u2013 y los doblistas <b><a href=\"https:\/\/www.pagina12.com.ar\/794515-cronica-de-un-regreso-y-una-herida-a-punto-de-sanar-horacio-\">Horacio Zeballos (4\u00b0, ex 1\u00b0), en su regreso estelar tras el conflicto con el ex capit\u00e1n Guillermo Coria<\/a><\/b>, y Andr\u00e9s Molteni (19\u00b0). <b>\u00abHay buen clima: somos tres debutantes, dos jugadores y yo\u00bb, <\/b>sonri\u00f3 Frana.<\/p>\n<p>Desde su asunci\u00f3n exhibi\u00f3<b> una mirada conciliadora en busca de la unidad <\/b>y, por eso, encar\u00f3 la resoluci\u00f3n del conflicto con <b><a href=\"https:\/\/www.pagina12.com.ar\/794515-cronica-de-un-regreso-y-una-herida-a-punto-de-sanar-horacio-\">Zeballos, n\u00famero uno del mundo durante 15 semanas en 2024 y marginado de los Juegos Ol\u00edmpicos<\/a><\/b> por Coria. \u00abNo hubo que convencer a nadie. Nadie me puso condicionamientos, jam\u00e1s.\u00a0<b>Horacio ten\u00eda ganas, estaba ilusionado;<\/b> cuando le pregunt\u00e9 y me junt\u00e9 con \u00e9l para ver c\u00f3mo estaba <b>me dijo que quer\u00eda tener una nueva experiencia\u00bb, <\/b>sostuvo el rafaelino de 58 a\u00f1os, ex doblista de calibre -medallista ol\u00edmpico en Barcelona 1992 y 14\u00b0 del mundo-.<\/p>\n<p><b>De v\u00ednculo inherente con la Davis,<\/b> certamen que jug\u00f3 durante toda su carrera entre 1986 y 1997, Frana sabe que Argentina siempre tendr\u00e1 un potencial de riesgo, incluso pese a las bajas:<b>\u00a0\u00abLo que tiene Argentina es esto: la capacidad de tener muchos jugadores. <\/b>Uno te da por ac\u00e1, el otro te da por all\u00e1. Si el de enfrente mira el equipo, lo que hoy somos,<b> no creo que vean que estamos diezmados, sino que nos ven como un equipo dur\u00edsimo.<\/b> Nos hacemos fuertes\u00bb.<\/p>\n<div class=\"medium-insert-embeds\">\n<figure>\n<div class=\"medium-insert-embed\">\n<div align=\"center\">\n<figure role=\"group\" class=\"caption caption-div embedded-entity\"><figcaption>Frana, con Navone y Molteni, en la \u00faltima pr\u00e1ctica antes de partir. Imagen: Alejandro Leiva.<\/figcaption><\/figure>\n<\/div><\/div>\n<\/figure>\n<\/div>\n<p>M\u00e1s all\u00e1 de que el capit\u00e1n habr\u00eda pedido una comitiva corta para el viaje de este s\u00e1bado, <b>se sabe que habr\u00e1 dos llamativas ausencias: <\/b>como en algunos compromisos previos de visitante, <b>no estar\u00e1n ni Agust\u00edn Calleri, el presidente de la Asociaci\u00f3n Argentina de Tenis (AAT), ni Mariano Zabaleta,<\/b> el vicepresidente, dos puestos que ser\u00e1n reemplazados por el del tesorero Ignacio Uzquiza &#8211;<b><a href=\"https:\/\/www.pagina12.com.ar\/521334-copa-davis-argentina-cayo-ante-finlandia-y-sufrio-otra-decep\">ya viaj\u00f3 como jefe de delegaci\u00f3n dos a\u00f1os atr\u00e1s ante Finlandia<\/a><\/b>\u00a0y el del encargado de marketing\u00a0Lucas Shedden. En pocas palabras: <b>Argentina ir\u00e1 a Noruega sin integrantes de la primera c\u00fapula dirigencial.<\/b><\/p>\n<p>Adem\u00e1s de las bajas de jugadores y dirigentes, <b>el foco estar\u00e1 puesto en dos debutantes: Navone y D\u00edaz Acosta<\/b>, dos piezas de presente estable y de fruct\u00edfera proyecci\u00f3n. Frana tiene claro el valor agregado que pueden a\u00f1adir en el plantel:\u00a0<b>De Mariano ya sabemos qu\u00e9 clase de jugador de tenis es<\/b> y cu\u00e1l fue el crecimiento que tuvo. Sigue en plena evoluci\u00f3n en todas las superficies. <b>Con Facu no descubro nada<\/b> y tenemos un aporte m\u00e1s: <b>es zurdo y, por lo menos en singles, nos puede dar la posibilidad de modificar algunas cosas. <\/b>Hay que entender que para ambos <b>es un sue\u00f1o cumplido y no se puede transformar en una pesadilla cuando lo viv\u00eds<\/b>, porque ser\u00eda equivocado\u00bb.<\/p>\n<h3\/>\n<h2>Qu\u00e9 tiene Noruega<\/h2>\n<p>N\u00famero seis del mundo (ex2\u00b0), <b>dos veces finalista de Roland Garros y una en el US Open<\/b>, Ruud es el mejor tenista de la historia de Noruega. El jugador de 26 a\u00f1os no estar\u00e1 solo, m\u00e1s all\u00e1 de que <b>los complementos no tendr\u00edan un peso propio aparente.<\/b><\/p>\n<p>En la \u00faltima serie de septiembre, por la primera ronda del Grupo I, <b>Noruega super\u00f3 3-1 a Portugal<\/b> y, adem\u00e1s de Ruud, jug\u00f3 un n\u00famero uno mundial que tambi\u00e9n estar\u00e1 contra Argentina: <b>Nicolai Budkov Kjaer, de 18 a\u00f1os y actual 506\u00b0 de ATP, pero l\u00edder del ranking internacional de la ITF en juniors durante 2024 <\/b>y campe\u00f3n de Wimbledon en la categor\u00eda sub 18.<\/p>\n<p>En la n\u00f3mina de los locales adem\u00e1s fueron designados <b>Viktor Durasovic (289\u00b0), Leyton Rivera (1299\u00b0 en singles y 1562 en dobles) y Lukas Hellum Lilleengen (500\u00b0 en dobles).<\/b><\/p>\n<p><a href=\"\/cdn-cgi\/l\/email-protection\" class=\"__cf_email__\" data-cfemail=\"97e7f6faf6fbf1fee3f6f9f8d7e7f6f0fef9f6a6a5b9f4f8fab9f6e5\">[email\u00a0protected]<\/a><\/p>\n<p><!-- Live Blog Post --><\/div>\n<p><a href=\"https:\/\/www.pagina12.com.ar\/799314-javier-frana-hombre-de-procesos-queremos-ganar-no-hay-dudas-\">source<\/a><\/p>\n","protected":false},"excerpt":{"rendered":"<p>Javier Frana\u00a0lleg\u00f3 a la capitan\u00eda de la Copa Davis\u00a0con dos mensajes claros: promover la unidad,&#8230;<\/p>\n","protected":false},"author":3,"featured_media":18083,"comment_status":"closed","ping_status":"closed","sticky":false,"template":"","format":"standard","meta":{"footnotes":""},"categories":[21],"tags":[],"class_list":["post-18082","post","type-post","status-publish","format-standard","has-post-thumbnail","hentry","category-deportes"],"featured_image_urls":{"full":["https:\/\/fmamiga909.com.ar\/wp-content\/uploads\/2025\/01\/wp-header-logo-269.png",960,540,false],"thumbnail":["https:\/\/fmamiga909.com.ar\/wp-content\/uploads\/2025\/01\/wp-header-logo-269-150x150.png",150,150,true],"medium":["https:\/\/fmamiga909.com.ar\/wp-content\/uploads\/2025\/01\/wp-header-logo-269-300x169.png",300,169,true],"medium_large":["https:\/\/fmamiga909.com.ar\/wp-content\/uploads\/2025\/01\/wp-header-logo-269.png",960,540,false],"large":["https:\/\/fmamiga909.com.ar\/wp-content\/uploads\/2025\/01\/wp-header-logo-269.png",640,360,false],"1536x1536":["https:\/\/fmamiga909.com.ar\/wp-content\/uploads\/2025\/01\/wp-header-logo-269.png",960,540,false],"2048x2048":["https:\/\/fmamiga909.com.ar\/wp-content\/uploads\/2025\/01\/wp-header-logo-269.png",960,540,false],"newsium-slider-full":["https:\/\/fmamiga909.com.ar\/wp-content\/uploads\/2025\/01\/wp-header-logo-269.png",960,540,false],"newsium-featured":["https:\/\/fmamiga909.com.ar\/wp-content\/uploads\/2025\/01\/wp-header-logo-269.png",960,540,false],"newsium-medium":["https:\/\/fmamiga909.com.ar\/wp-content\/uploads\/2025\/01\/wp-header-logo-269-720x475.png",720,475,true]},"author_info":{"display_name":"Fredy Giuliano","author_link":"https:\/\/fmamiga909.com.ar\/?author=3"},"category_info":"<a href=\"https:\/\/fmamiga909.com.ar\/?cat=21\" rel=\"category\">Deportes<\/a>","tag_info":"Deportes","comment_count":"0","_links":{"self":[{"href":"https:\/\/fmamiga909.com.ar\/index.php?rest_route=\/wp\/v2\/posts\/18082","targetHints":{"allow":["GET"]}}],"collection":[{"href":"https:\/\/fmamiga909.com.ar\/index.php?rest_route=\/wp\/v2\/posts"}],"about":[{"href":"https:\/\/fmamiga909.com.ar\/index.php?rest_route=\/wp\/v2\/types\/post"}],"author":[{"embeddable":true,"href":"https:\/\/fmamiga909.com.ar\/index.php?rest_route=\/wp\/v2\/users\/3"}],"replies":[{"embeddable":true,"href":"https:\/\/fmamiga909.com.ar\/index.php?rest_route=%2Fwp%2Fv2%2Fcomments&post=18082"}],"version-history":[{"count":0,"href":"https:\/\/fmamiga909.com.ar\/index.php?rest_route=\/wp\/v2\/posts\/18082\/revisions"}],"wp:featuredmedia":[{"embeddable":true,"href":"https:\/\/fmamiga909.com.ar\/index.php?rest_route=\/wp\/v2\/media\/18083"}],"wp:attachment":[{"href":"https:\/\/fmamiga909.com.ar\/index.php?rest_route=%2Fwp%2Fv2%2Fmedia&parent=18082"}],"wp:term":[{"taxonomy":"category","embeddable":true,"href":"https:\/\/fmamiga909.com.ar\/index.php?rest_route=%2Fwp%2Fv2%2Fcategories&post=18082"},{"taxonomy":"post_tag","embeddable":true,"href":"https:\/\/fmamiga909.com.ar\/index.php?rest_route=%2Fwp%2Fv2%2Ftags&post=18082"}],"curies":[{"name":"wp","href":"https:\/\/api.w.org\/{rel}","templated":true}]}}