{"id":18098,"date":"2025-01-25T22:11:38","date_gmt":"2025-01-25T22:11:38","guid":{"rendered":"https:\/\/fmamiga909.com.ar\/?p=18098"},"modified":"2025-01-25T22:11:38","modified_gmt":"2025-01-25T22:11:38","slug":"argentina-espera-a-colombia-tras-la-paliza-a-brasil-en-el-sudamericano-sub-20","status":"publish","type":"post","link":"https:\/\/fmamiga909.com.ar\/?p=18098","title":{"rendered":"Argentina espera a Colombia tras la paliza a Brasil en el Sudamericano Sub-20"},"content":{"rendered":"<div><!-- Body --><\/p>\n<p><b>Luego del hist\u00f3rico 6-0<\/b> que sell\u00f3\u00a0el resultado m\u00e1s abultado en la historia del cl\u00e1sico <b>ante Brasil<\/b>,\u00a0<b>la Selecci\u00f3n Argentina se enfrentar\u00e1 este domingo con Colombia<\/b>, en Venezuela, <b>en busca de <\/b>obtener<b> su segundo triunfo<\/b> consecutivo en la fase de grupos <b>del Grupo B del Sudamericano Sub-20<\/b>. <b>La Verdeamarela tendr\u00e1 la chance de recuperarse desde las 18.30<\/b> (DSports) <b>ante<\/b> su par de <b>Bolivia.<\/b><\/p>\n<p>Argentina llega dulce a este duelo con los cafeteros <b>tras el contundente 6-0 en el primer partido<\/b> del certamen clasificatorio al pr\u00f3ximo Mundial, que no s\u00f3lo fue tomado como <b>una se\u00f1al de que el conjunto dirigido por Diego Placente es cosa seria<\/b>\u00a0sino, tambi\u00e9n, como una <b>humillaci\u00f3n para la Canarinha<\/b>, sobre todo por la prensa de su pa\u00eds.\u00a0<\/p>\n<p><iframe style=\"border: 0px; position: absolute; top: 0px; left: 0px; height: 100%;\" allowfullscreen=\"\" frameborder=\"0\" src=\"https:\/\/www.youtube.com\/embed\/ccMqGPK_v-Y\"><\/iframe><\/p>\n<p><b>Los portales brasile\u00f1os amanecieron<\/b> con titulares de los m\u00e1s variados, pero todos <b>con el foco puesto en la \u00abhumillaci\u00f3n\u00bb y lo \u00abinadmisible\u00bb de la dur\u00edsima derrota ante la Albiceleste.<\/b> Otros portales, como <i>O Globo<\/i>, calificaron la derrota como <b>\u00abla peor en la historia de la competici\u00f3n\u00bb.\u00a0<\/b><\/p>\n<p><b>El foco, adem\u00e1s, qued\u00f3 puesto en Ram\u00f3n Menezes, entrenador <\/b>del equipo, y Ednaldo Rodrigues, presidente de la Confederaci\u00f3n Brasile\u00f1a de F\u00fatbol.<\/p>\n<div class=\"iframely-embed medium-embedded-content\" data-html=\"Jmx0O2RpdiBjbGFzcz0iaWZyYW1lbHktZW1iZWQiJmd0OyZsdDtkaXYgY2xhc3M9ImlmcmFtZWx5LXJlc3BvbnNpdmUiIHN0eWxlPSJwYWRkaW5nLWJvdHRvbTogNDYuNSU7IHBhZGRpbmctdG9wOiAxMjBweDsiJmd0OyZsdDthIGhyZWY9Imh0dHBzOi8vd3d3Lm11bmRvZGVwb3J0aXZvLmNvbS9mdXRib2wvaW50ZXJuYWNpb25hbC8yMDI1MDEyNS8xMDAyMzk0MDEyL2FzaS1yZWFjY2lvbmEtYnJhc2lsLTYtMC12ZXJndWVlbnphLWh1bWlsbGFjaW9uLmh0bWwiIGRhdGEtaWZyYW1lbHktdXJsPSJodHRwczovL2lmcmFtZWx5LnBhZ2luYTEyLmNvbS5hci9hcGkvaWZyYW1lP3VybD1odHRwcyUzQSUyRiUyRnd3dy5tdW5kb2RlcG9ydGl2by5jb20lMkZmdXRib2wlMkZpbnRlcm5hY2lvbmFsJTJGMjAyNTAxMjUlMkYxMDAyMzk0MDEyJTJGYXNpLXJlYWNjaW9uYS1icmFzaWwtNi0wLXZlcmd1ZWVuemEtaHVtaWxsYWNpb24uaHRtbCZhbXA7a2V5PTQ2NzZiNWZkYzA4MzI1N2VhODdmNzE2MDhjNzRlOWZlIiZndDsmbHQ7L2EmZ3Q7Jmx0Oy9kaXYmZ3Q7Jmx0Oy9kaXYmZ3Q7Jmx0O3NjcmlwdCBhc3luYyBzcmM9Imh0dHBzOi8vaWZyYW1lbHkucGFnaW5hMTIuY29tLmFyL2VtYmVkLmpzIiBjaGFyc2V0PSJ1dGYtOCImZ3Q7Jmx0Oy9zY3JpcHQmZ3Q7Jmx0O2RpdiBjbGFzcz0ibWVkaXVtLWluc2VydC1lbWJlZHMtbWV0YSImZ3Q7Jmx0O3NjcmlwdCB0eXBlPSJ0ZXh0L2pzb24iJmd0O3sidXJsIjoiaHR0cHM6Ly93d3cubXVuZG9kZXBvcnRpdm8uY29tL2Z1dGJvbC9pbnRlcm5hY2lvbmFsLzIwMjUwMTI1LzEwMDIzOTQwMTIvYXNpLXJlYWNjaW9uYS1icmFzaWwtNi0wLXZlcmd1ZWVuemEtaHVtaWxsYWNpb24uaHRtbCIsInR5cGUiOiJyaWNoIiwidmVyc2lvbiI6IjEuMCIsInRpdGxlIjoiQXPDrSByZWFjY2lvbmEgQnJhc2lsIGEgdW4gNi0wOiBcIlZlcmfDvGVuemEgeSBodW1pbGxhY2nDs25cIiIsInByb3ZpZGVyX25hbWUiOiJNdW5kbyBEZXBvcnRpdm8iLCJkZXNjcmlwdGlvbiI6IkJyYXNpbCBoYSByZWFjY2lvbmFkbyBjb24gdmlydWxlbmNpYSBhIGxhIHRyZW1lbmRhIGdvbGVhZGEgKDYtMCkgcXVlIGhhIGVuY2FqYWRvIGxhIGNhbmFyaW5oYSBxdWUgbGEgbWFkcnVnYWRhIGRlIGVzdGUgc8OhYmFkbyBoYSBkZWJ1dGFkbyBlbiBlbCBTdWRhbWVyaWNhbm8gc3ViLTIwIiwidGh1bWJuYWlsX3VybCI6Imh0dHBzOi8vd3d3Lm11bmRvZGVwb3J0aXZvLmNvbS9maWxlcy9vZ190aHVtYm5haWwvZmlsZXMvZnAvdXBsb2Fkcy8yMDI1LzAxLzI1LzY3OTRiNDkyMGM2MWMucl9kLjMyNTAtMjE2Ni0xODQ2LmpwZWciLCJ0aHVtYm5haWxfd2lkdGgiOjEyMDAsInRodW1ibmFpbF9oZWlnaHQiOjU1OCwiY2FjaGVfYWdlIjo4NjQwMCwib3B0aW9ucyI6eyJjYXJkIjp7InZhbHVlIjoiIiwidmFsdWVzIjp7InNtYWxsIjoiTWFrZSBpdCBhIHNtYWxsIGNhcmQifX19fSZsdDsvc2NyaXB0Jmd0OyZsdDsvZGl2Jmd0Ow==\">\n                <a data-iframely-url=\"\" href=\"https:\/\/www.mundodeportivo.com\/futbol\/internacional\/20250125\/1002394012\/asi-reacciona-brasil-6-0-vergueenza-humillacion.html\">https:\/\/www.mundodeportivo.com\/futbol\/internacional\/20250125\/1002394012\/asi-reacciona-brasil-6-0-vergueenza-humillacion.html<\/a>\n              <\/div>\n<p>Asimismo, <b>algunos portales europeos<\/b>, como <i>As<\/i> en Espa\u00f1a, <b>destacaron\u00a0la gran actuaci\u00f3n de Claudio Echeverri<\/b>, flamante refuerzo de Manchester City y autor de un doblete, <b>con un t\u00edtulo que jugaba con el apodo del ex futbolista de River: \u00abGuardiola tiene un Diablo\u00bb.<\/b><\/p>\n<p>No obstante, <b>Placente tuvo palabras de cautela<\/b> a la hora de analizar el resultado en el debut.\u00a0<b>\u00abEs algo hist\u00f3rico; estoy contento por haber ganado y por la diferencia obtenida.<\/b> Es un grupo dif\u00edcil y con esto podemos sacar un poco de ventaja. <b>Pero lo que hay que saber es que a veces esto te puede marear, as\u00ed que hay que bajar decibeles.<\/b> <b>Es un grupo dif\u00edcil<\/b>, te descuid\u00e1s y puede ser peligroso\u00bb, <b>sostuvo el seleccionador <\/b>en la conferencia de prensa posterior al encuentro.<\/p>\n<p>Por su parte, <b>el seleccionado cafetero debutar\u00e1 en el Sudamericano 2025<\/b>, porque la fase de grupos est\u00e1 integrada por cinco selecciones diferentes y debi\u00f3 esperar una fecha.<\/p>\n<p><b>Los tres primeros de cada grupo pasar\u00e1n al hexagonal final, que dar\u00e1 a los cuatro mejores el pasaje al Mundial<\/b>, que, como se jugar\u00e1 en Chile, el pa\u00eds trasandino ya est\u00e1 clasificado y liberar\u00e1 un cupo en caso de estar entre los mejores del torneo.<\/p>\n<p><b>El encuentro entre argentinos y colombianos se disputar\u00e1 desde las 20.30<\/b>  (DSports) nuevamente en el estadio Polideportivo Misael Delgado, situado <b>en la ciudad de Valencia (Venezuela)<\/b>, con el arbitraje del chileno Jos\u00e9 Cabero.\u00a0<\/p>\n<p><!-- Live Blog Post --><\/div>\n<p><a href=\"https:\/\/www.pagina12.com.ar\/799479-argentina-espera-a-colombia-tras-la-paliza-a-brasil-en-el-su\">source<\/a><\/p>\n","protected":false},"excerpt":{"rendered":"<p>Luego del hist\u00f3rico 6-0 que sell\u00f3\u00a0el resultado m\u00e1s abultado en la historia del cl\u00e1sico ante&#8230;<\/p>\n","protected":false},"author":3,"featured_media":18099,"comment_status":"closed","ping_status":"closed","sticky":false,"template":"","format":"standard","meta":{"footnotes":""},"categories":[21],"tags":[],"class_list":["post-18098","post","type-post","status-publish","format-standard","has-post-thumbnail","hentry","category-deportes"],"featured_image_urls":{"full":["https:\/\/fmamiga909.com.ar\/wp-content\/uploads\/2025\/01\/wp-header-logo-277.png",960,540,false],"thumbnail":["https:\/\/fmamiga909.com.ar\/wp-content\/uploads\/2025\/01\/wp-header-logo-277-150x150.png",150,150,true],"medium":["https:\/\/fmamiga909.com.ar\/wp-content\/uploads\/2025\/01\/wp-header-logo-277-300x169.png",300,169,true],"medium_large":["https:\/\/fmamiga909.com.ar\/wp-content\/uploads\/2025\/01\/wp-header-logo-277.png",960,540,false],"large":["https:\/\/fmamiga909.com.ar\/wp-content\/uploads\/2025\/01\/wp-header-logo-277.png",640,360,false],"1536x1536":["https:\/\/fmamiga909.com.ar\/wp-content\/uploads\/2025\/01\/wp-header-logo-277.png",960,540,false],"2048x2048":["https:\/\/fmamiga909.com.ar\/wp-content\/uploads\/2025\/01\/wp-header-logo-277.png",960,540,false],"newsium-slider-full":["https:\/\/fmamiga909.com.ar\/wp-content\/uploads\/2025\/01\/wp-header-logo-277.png",960,540,false],"newsium-featured":["https:\/\/fmamiga909.com.ar\/wp-content\/uploads\/2025\/01\/wp-header-logo-277.png",960,540,false],"newsium-medium":["https:\/\/fmamiga909.com.ar\/wp-content\/uploads\/2025\/01\/wp-header-logo-277-720x475.png",720,475,true]},"author_info":{"display_name":"Fredy Giuliano","author_link":"https:\/\/fmamiga909.com.ar\/?author=3"},"category_info":"<a href=\"https:\/\/fmamiga909.com.ar\/?cat=21\" rel=\"category\">Deportes<\/a>","tag_info":"Deportes","comment_count":"0","_links":{"self":[{"href":"https:\/\/fmamiga909.com.ar\/index.php?rest_route=\/wp\/v2\/posts\/18098","targetHints":{"allow":["GET"]}}],"collection":[{"href":"https:\/\/fmamiga909.com.ar\/index.php?rest_route=\/wp\/v2\/posts"}],"about":[{"href":"https:\/\/fmamiga909.com.ar\/index.php?rest_route=\/wp\/v2\/types\/post"}],"author":[{"embeddable":true,"href":"https:\/\/fmamiga909.com.ar\/index.php?rest_route=\/wp\/v2\/users\/3"}],"replies":[{"embeddable":true,"href":"https:\/\/fmamiga909.com.ar\/index.php?rest_route=%2Fwp%2Fv2%2Fcomments&post=18098"}],"version-history":[{"count":0,"href":"https:\/\/fmamiga909.com.ar\/index.php?rest_route=\/wp\/v2\/posts\/18098\/revisions"}],"wp:featuredmedia":[{"embeddable":true,"href":"https:\/\/fmamiga909.com.ar\/index.php?rest_route=\/wp\/v2\/media\/18099"}],"wp:attachment":[{"href":"https:\/\/fmamiga909.com.ar\/index.php?rest_route=%2Fwp%2Fv2%2Fmedia&parent=18098"}],"wp:term":[{"taxonomy":"category","embeddable":true,"href":"https:\/\/fmamiga909.com.ar\/index.php?rest_route=%2Fwp%2Fv2%2Fcategories&post=18098"},{"taxonomy":"post_tag","embeddable":true,"href":"https:\/\/fmamiga909.com.ar\/index.php?rest_route=%2Fwp%2Fv2%2Ftags&post=18098"}],"curies":[{"name":"wp","href":"https:\/\/api.w.org\/{rel}","templated":true}]}}