{"id":18512,"date":"2025-02-14T23:21:12","date_gmt":"2025-02-14T23:21:12","guid":{"rendered":"https:\/\/fmamiga909.com.ar\/?p=18512"},"modified":"2025-02-14T23:21:12","modified_gmt":"2025-02-14T23:21:12","slug":"racing-sebastian-saja-respaldo-la-actuacion-del-arbitro-ante-boca","status":"publish","type":"post","link":"https:\/\/fmamiga909.com.ar\/?p=18512","title":{"rendered":"Racing: Sebasti\u00e1n Saja respald\u00f3 la actuaci\u00f3n del \u00e1rbitro ante Boca"},"content":{"rendered":"<div><!-- Body --><\/p>\n<p><b>El director deportivo de Racing, Sebasti\u00e1n Saja, respald\u00f3<\/b> este viernes <b>el trabajo del \u00e1rbitro Yael Falc\u00f3n P\u00e9rez en el triunfo ante Boca <\/b>y minimiz\u00f3 los reclamos de los dirigentes xeneizes, que se sintieron \u00abrobados\u00bb por el juez en esa ocasi\u00f3n.<\/p>\n<p>Racing venci\u00f3 2-0 a Boca en el Cilindro en un partido correspondiente a la cuarta fecha de la Zona A del Torneo Apertura de la Liga Profesional. <b>Tras el encuentro se desataron pol\u00e9micas por algunas jugadas que generaron reclamos en el Xeneize<\/b>, especialmente por las declaraciones de <b>Ra\u00fal Cascini<\/b>.<\/p>\n<p>El integrante del Consejo del F\u00fatbol de Boca <b>afirm\u00f3 que \u00absiempre nos roban en esta cancha\u00bb<\/b>, haciendo alusi\u00f3n a un supuesto perjuicio arbitral. Ante esta acusaci\u00f3n, <b>Saja sali\u00f3 a responder<\/b> y respald\u00f3 el desempe\u00f1o del \u00e1rbitro Falc\u00f3n P\u00e9rez.<\/p>\n<p>En una entrevista televisiva, Saja sostuvo: <b>\u00abHabr\u00e1 partidos que nos tocar\u00e1 alguna a favor y otra en contra, creo que el \u00e1rbitro en el partido con Boca dirigi\u00f3 muy bien, tuvo una gran personalidad\u00bb.<\/b><\/p>\n<p><b>Adem\u00e1s destac\u00f3 la intenci\u00f3n de Racing de mantener buenas relaciones dentro del f\u00fatbol argentino<\/b>: \u00abAcabamos de llegar, estamos queriendo entablar buenas relaciones con todos, con los clubes, \u00e1rbitros, con la AFA; por supuesto que siempre defendiendo los intereses de Racing, pero no creo que as\u00ed sea\u00bb, agreg\u00f3.<\/p>\n<p>En relaci\u00f3n con <b>la jugada m\u00e1s pol\u00e9mica del partido, un supuesto penal por mano de Juan Ignacio Nardoni<\/b>, el ex arquero minimiz\u00f3 las quejas de Boca: \u00abCreo que no era penal, por suerte el VAR no le quita la picard\u00eda a este deporte.<b> Gracias a Dios la tecnolog\u00eda no ha matado la picard\u00eda, hacer una falta r\u00e1pido o un lateral<\/b>; <b>para m\u00ed el \u00e1rbitro dirigi\u00f3 muy bien\u00bb<\/b>, opin\u00f3.<\/p>\n<p>Por \u00faltimo, Saja reiter\u00f3 su respaldo al equipo arbitral y elogi\u00f3 el rendimiento de Racing. \u00abYo creo que la picard\u00eda forma parte del deporte. Para m\u00ed el \u00e1rbitro dirigi\u00f3 muy bien, los cuatro \u00e1rbitros tuvieron una gran personalidad y <b>nosotros felices porque el equipo<\/b> hizo un gran partido y <b>pudo superar a un buen rival como es Boca\u00bb<\/b>, concluy\u00f3.<\/p>\n<p><!-- Live Blog Post --><\/div>\n<p><a href=\"https:\/\/www.pagina12.com.ar\/804080-racing-sebastian-saja-respaldo-la-actuacion-del-arbitro-ante\">source<\/a><\/p>\n","protected":false},"excerpt":{"rendered":"<p>El director deportivo de Racing, Sebasti\u00e1n Saja, respald\u00f3 este viernes el trabajo del \u00e1rbitro Yael&#8230;<\/p>\n","protected":false},"author":3,"featured_media":18513,"comment_status":"closed","ping_status":"closed","sticky":false,"template":"","format":"standard","meta":{"footnotes":""},"categories":[21],"tags":[],"class_list":["post-18512","post","type-post","status-publish","format-standard","has-post-thumbnail","hentry","category-deportes"],"featured_image_urls":{"full":["https:\/\/fmamiga909.com.ar\/wp-content\/uploads\/2025\/02\/wp-header-logo-128.png",960,540,false],"thumbnail":["https:\/\/fmamiga909.com.ar\/wp-content\/uploads\/2025\/02\/wp-header-logo-128-150x150.png",150,150,true],"medium":["https:\/\/fmamiga909.com.ar\/wp-content\/uploads\/2025\/02\/wp-header-logo-128-300x169.png",300,169,true],"medium_large":["https:\/\/fmamiga909.com.ar\/wp-content\/uploads\/2025\/02\/wp-header-logo-128.png",960,540,false],"large":["https:\/\/fmamiga909.com.ar\/wp-content\/uploads\/2025\/02\/wp-header-logo-128.png",640,360,false],"1536x1536":["https:\/\/fmamiga909.com.ar\/wp-content\/uploads\/2025\/02\/wp-header-logo-128.png",960,540,false],"2048x2048":["https:\/\/fmamiga909.com.ar\/wp-content\/uploads\/2025\/02\/wp-header-logo-128.png",960,540,false],"newsium-slider-full":["https:\/\/fmamiga909.com.ar\/wp-content\/uploads\/2025\/02\/wp-header-logo-128.png",960,540,false],"newsium-featured":["https:\/\/fmamiga909.com.ar\/wp-content\/uploads\/2025\/02\/wp-header-logo-128.png",960,540,false],"newsium-medium":["https:\/\/fmamiga909.com.ar\/wp-content\/uploads\/2025\/02\/wp-header-logo-128-720x475.png",720,475,true]},"author_info":{"display_name":"Fredy Giuliano","author_link":"https:\/\/fmamiga909.com.ar\/?author=3"},"category_info":"<a href=\"https:\/\/fmamiga909.com.ar\/?cat=21\" rel=\"category\">Deportes<\/a>","tag_info":"Deportes","comment_count":"0","_links":{"self":[{"href":"https:\/\/fmamiga909.com.ar\/index.php?rest_route=\/wp\/v2\/posts\/18512","targetHints":{"allow":["GET"]}}],"collection":[{"href":"https:\/\/fmamiga909.com.ar\/index.php?rest_route=\/wp\/v2\/posts"}],"about":[{"href":"https:\/\/fmamiga909.com.ar\/index.php?rest_route=\/wp\/v2\/types\/post"}],"author":[{"embeddable":true,"href":"https:\/\/fmamiga909.com.ar\/index.php?rest_route=\/wp\/v2\/users\/3"}],"replies":[{"embeddable":true,"href":"https:\/\/fmamiga909.com.ar\/index.php?rest_route=%2Fwp%2Fv2%2Fcomments&post=18512"}],"version-history":[{"count":0,"href":"https:\/\/fmamiga909.com.ar\/index.php?rest_route=\/wp\/v2\/posts\/18512\/revisions"}],"wp:featuredmedia":[{"embeddable":true,"href":"https:\/\/fmamiga909.com.ar\/index.php?rest_route=\/wp\/v2\/media\/18513"}],"wp:attachment":[{"href":"https:\/\/fmamiga909.com.ar\/index.php?rest_route=%2Fwp%2Fv2%2Fmedia&parent=18512"}],"wp:term":[{"taxonomy":"category","embeddable":true,"href":"https:\/\/fmamiga909.com.ar\/index.php?rest_route=%2Fwp%2Fv2%2Fcategories&post=18512"},{"taxonomy":"post_tag","embeddable":true,"href":"https:\/\/fmamiga909.com.ar\/index.php?rest_route=%2Fwp%2Fv2%2Ftags&post=18512"}],"curies":[{"name":"wp","href":"https:\/\/api.w.org\/{rel}","templated":true}]}}