{"id":18548,"date":"2025-02-16T16:35:17","date_gmt":"2025-02-16T16:35:17","guid":{"rendered":"https:\/\/fmamiga909.com.ar\/?p=18548"},"modified":"2025-02-16T16:35:17","modified_gmt":"2025-02-16T16:35:17","slug":"gustavo-costas-confien-en-este-equipo-porque-ya-lo-demostro","status":"publish","type":"post","link":"https:\/\/fmamiga909.com.ar\/?p=18548","title":{"rendered":"Gustavo Costas: &quot;Conf\u00eden en este equipo, porque ya lo demostr\u00f3&quot;"},"content":{"rendered":"<div><!-- Body --><\/p>\n<p>El director t\u00e9cnico de Racing, <b>Gustavo Costas, les pidi\u00f3 a los hinchas del club que \u00abconf\u00eden en el equipo\u00bb, luego de la derrota ante Argentinos Juniors<\/b> por la sexta fecha del Torneo Apertura de la Liga Profesional de F\u00fatbol (LPF) y <b>de cara al partido de ida frente a Botafogo de Brasil, en Avellaneda, por la Recopa Sudamericana<\/b>.<\/p>\n<p>   En la conferencia de prensa posterior a la ca\u00edda por 3-2 ante el \u00abBicho\u00bb, <b>el entrenador de La Academia palpit\u00f3 el clave duelo frente a Botafogo del pr\u00f3ximo jueves<\/b> y afirm\u00f3 que el equipo ya est\u00e1 enfocado en ese encuentro. \u00abA veces es dif\u00edcil meterse en esta clase de partidos. No es una excusa, pero es l\u00f3gico. <b>Nos duele perder porque quer\u00edamos ganar y llegar bien. Conf\u00eden en este equipo, porque ya lo demostr\u00f3<\/b>. Queremos sumar otra copa internacional al club\u00bb, revel\u00f3 el DT.<\/p>\n<p>   El <b>resultado adverso ante los de La Paternal deriv\u00f3 en la segunda derrota consecutiva para Racing<\/b> (cay\u00f3 1-0 ante Tigre en la quinta jornada) y llegar\u00e1 al primer partido de la serie ante el \u00abFogao\u00bb con un duro golpe en lo an\u00edmico.<\/p>\n<p>   Por su parte, <b>el elenco brasile\u00f1o igual\u00f3 1-1 frente a Boavista por la d\u00e9cima fecha del Torneo Carioca y acumul\u00f3 tres partidos sin sumar de a tres<\/b>, por lo que tampoco atraviesa un gran presente para afrontar el cotejo por la Recopa Sudamericana.<\/p>\n<p><b>   El elenco brasile\u00f1o aterrizar\u00e1 el mi\u00e9rcoles en el pa\u00eds para disputar el encuentro de ida ante Racing el jueves 20 de febrero desde las 21:30<\/b>, con el objetivo de llevarse un buen resultado a Brasil y sentenciar el t\u00edtulo de local, cotejo que se llevar\u00e1 a cabo el 27 del mismo mes.<\/p>\n<p><b>   Racing accede a disputar este trofeo tras obtener la Copa Sudamericana 2024<\/b>, gracias al triunfo frente a Cruzeiro de Brasil por 3 a 1 en Asunci\u00f3n, <b>mientras que Botafogo lo hace por lograr la Copa Libertadores de Am\u00e9rica<\/b>, tras vencer en la final, disputada en el estadio Monumental de N\u00fa\u00f1ez, por 3 a 1 a Atl\u00e9tico Mineiro de Brasil.<\/p>\n<p><!-- Live Blog Post --><\/div>\n<p><a href=\"https:\/\/www.pagina12.com.ar\/804387-gustavo-costas-confien-en-este-equipo-porque-ya-lo-demostro\">source<\/a><\/p>\n","protected":false},"excerpt":{"rendered":"<p>El director t\u00e9cnico de Racing, Gustavo Costas, les pidi\u00f3 a los hinchas del club que&#8230;<\/p>\n","protected":false},"author":3,"featured_media":18549,"comment_status":"closed","ping_status":"closed","sticky":false,"template":"","format":"standard","meta":{"footnotes":""},"categories":[21],"tags":[],"class_list":["post-18548","post","type-post","status-publish","format-standard","has-post-thumbnail","hentry","category-deportes"],"featured_image_urls":{"full":["https:\/\/fmamiga909.com.ar\/wp-content\/uploads\/2025\/02\/wp-header-logo-146.png",960,540,false],"thumbnail":["https:\/\/fmamiga909.com.ar\/wp-content\/uploads\/2025\/02\/wp-header-logo-146-150x150.png",150,150,true],"medium":["https:\/\/fmamiga909.com.ar\/wp-content\/uploads\/2025\/02\/wp-header-logo-146-300x169.png",300,169,true],"medium_large":["https:\/\/fmamiga909.com.ar\/wp-content\/uploads\/2025\/02\/wp-header-logo-146.png",960,540,false],"large":["https:\/\/fmamiga909.com.ar\/wp-content\/uploads\/2025\/02\/wp-header-logo-146.png",640,360,false],"1536x1536":["https:\/\/fmamiga909.com.ar\/wp-content\/uploads\/2025\/02\/wp-header-logo-146.png",960,540,false],"2048x2048":["https:\/\/fmamiga909.com.ar\/wp-content\/uploads\/2025\/02\/wp-header-logo-146.png",960,540,false],"newsium-slider-full":["https:\/\/fmamiga909.com.ar\/wp-content\/uploads\/2025\/02\/wp-header-logo-146.png",960,540,false],"newsium-featured":["https:\/\/fmamiga909.com.ar\/wp-content\/uploads\/2025\/02\/wp-header-logo-146.png",960,540,false],"newsium-medium":["https:\/\/fmamiga909.com.ar\/wp-content\/uploads\/2025\/02\/wp-header-logo-146-720x475.png",720,475,true]},"author_info":{"display_name":"Fredy Giuliano","author_link":"https:\/\/fmamiga909.com.ar\/?author=3"},"category_info":"<a href=\"https:\/\/fmamiga909.com.ar\/?cat=21\" rel=\"category\">Deportes<\/a>","tag_info":"Deportes","comment_count":"0","_links":{"self":[{"href":"https:\/\/fmamiga909.com.ar\/index.php?rest_route=\/wp\/v2\/posts\/18548","targetHints":{"allow":["GET"]}}],"collection":[{"href":"https:\/\/fmamiga909.com.ar\/index.php?rest_route=\/wp\/v2\/posts"}],"about":[{"href":"https:\/\/fmamiga909.com.ar\/index.php?rest_route=\/wp\/v2\/types\/post"}],"author":[{"embeddable":true,"href":"https:\/\/fmamiga909.com.ar\/index.php?rest_route=\/wp\/v2\/users\/3"}],"replies":[{"embeddable":true,"href":"https:\/\/fmamiga909.com.ar\/index.php?rest_route=%2Fwp%2Fv2%2Fcomments&post=18548"}],"version-history":[{"count":0,"href":"https:\/\/fmamiga909.com.ar\/index.php?rest_route=\/wp\/v2\/posts\/18548\/revisions"}],"wp:featuredmedia":[{"embeddable":true,"href":"https:\/\/fmamiga909.com.ar\/index.php?rest_route=\/wp\/v2\/media\/18549"}],"wp:attachment":[{"href":"https:\/\/fmamiga909.com.ar\/index.php?rest_route=%2Fwp%2Fv2%2Fmedia&parent=18548"}],"wp:term":[{"taxonomy":"category","embeddable":true,"href":"https:\/\/fmamiga909.com.ar\/index.php?rest_route=%2Fwp%2Fv2%2Fcategories&post=18548"},{"taxonomy":"post_tag","embeddable":true,"href":"https:\/\/fmamiga909.com.ar\/index.php?rest_route=%2Fwp%2Fv2%2Ftags&post=18548"}],"curies":[{"name":"wp","href":"https:\/\/api.w.org\/{rel}","templated":true}]}}