{"id":19315,"date":"2025-03-18T19:52:21","date_gmt":"2025-03-18T19:52:21","guid":{"rendered":"https:\/\/fmamiga909.com.ar\/?p=19315"},"modified":"2025-03-18T19:52:21","modified_gmt":"2025-03-18T19:52:21","slug":"alejandro-dominguez-pidio-disculpas-por-su-exabrupto","status":"publish","type":"post","link":"https:\/\/fmamiga909.com.ar\/?p=19315","title":{"rendered":"Alejandro Dom\u00ednguez pidi\u00f3 disculpas por su exabrupto"},"content":{"rendered":"<div><!-- Body --><\/p>\n<p>El presidente de la Conmebol, el paraguayo Alejandro Dom\u00ednguez, public\u00f3 un mensaje disculp\u00e1ndose luego de su desafortunada comparaci\u00f3n entre Brasil y la mona Chita de Tarz\u00e1n. La pol\u00e9mica surgi\u00f3 cuando Dom\u00ednguez fue consultado sobre la posibilidad de que la Confederaci\u00f3n Brasilera de F\u00fatbol se vaya de la Conmebol para arribar a la Concacaf (ente que agrupa a los pa\u00edses de Am\u00e9rica Central y Norteam\u00e9rica), lo que implicar\u00eda que sus equipos dejen de jugar la tanto la Copa Libertadores como la Sudamericana. Ante esta pregunta, Dom\u00ednguez dijo que \u00abser\u00eda como Tarz\u00e1n sin Chita, imposible\u00bb.<\/p>\n<p>   Su respuesta r\u00e1pidamente se viraliz\u00f3 y gener\u00f3 indignaci\u00f3n entre los brasile\u00f1os, por lo que el paraguayo public\u00f3 un mensaje disculp\u00e1ndose: \u00abEn relaci\u00f3n con mis recientes declaraciones, quiero expresar mis disculpas. La expresi\u00f3n que utilic\u00e9 es una frase popular y jam\u00e1s tuve la intenci\u00f3n de menospreciar ni descalificar a nadie. La Conmebol Libertadores es impensable sin la participaci\u00f3n de clubes de los 10 pa\u00edses miembros\u00bb.<\/p>\n<p>   Y continu\u00f3: \u00abSiempre he promovido el respeto y la inclusi\u00f3n en el f\u00fatbol y en la sociedad, valores fundamentales para la Conmebol. Reafirmo mi compromiso de seguir trabajando por un f\u00fatbol m\u00e1s justo, unido y libre de discriminaci\u00f3n\u00bb.<\/p>\n<p>La curiosa declaraci\u00f3n se dio en la previa del sorteo de la fase de grupos de la Copa Libertadores y en medio de la pol\u00e9mica con los equipos brasile\u00f1os, que acusan al resto de que los discriminan.<\/p>\n<p>   El caso que gener\u00f3 el detonante se dio durante un partido de la Copa Libertadores Sub 20 entre Cerro Porte\u00f1o de Paraguay y Palmeiras de Brasil, en el que el futbolista Luighi sali\u00f3 provocando a la hinchada rival y termin\u00f3 llorando por recibir insultos racistas.<\/p>\n<p>   Todo esto provoc\u00f3 un gran enojo en la presidenta del Palmeiras, Leila Pereira (a quien parece no molestarle los constantes ataques de los brasile\u00f1os cada vez que un equipo de otro pa\u00eds juega all\u00ed), quien propuso que Brasil deje de formar parte de la Conmebol para que se pase a Concacaf, el ente que regula a los pa\u00edses de Am\u00e9rica Central y Norteam\u00e9rica.<\/p>\n<p><!-- Live Blog Post --><\/div>\n<p><a href=\"https:\/\/www.pagina12.com.ar\/811625-alejandro-dominguez-pidio-disculpas-por-su-exabrupto\">source<\/a><\/p>\n","protected":false},"excerpt":{"rendered":"<p>El presidente de la Conmebol, el paraguayo Alejandro Dom\u00ednguez, public\u00f3 un mensaje disculp\u00e1ndose luego de&#8230;<\/p>\n","protected":false},"author":3,"featured_media":19316,"comment_status":"closed","ping_status":"closed","sticky":false,"template":"","format":"standard","meta":{"footnotes":""},"categories":[21],"tags":[],"class_list":["post-19315","post","type-post","status-publish","format-standard","has-post-thumbnail","hentry","category-deportes"],"featured_image_urls":{"full":["https:\/\/fmamiga909.com.ar\/wp-content\/uploads\/2025\/03\/wp-header-logo-211.png",960,540,false],"thumbnail":["https:\/\/fmamiga909.com.ar\/wp-content\/uploads\/2025\/03\/wp-header-logo-211-150x150.png",150,150,true],"medium":["https:\/\/fmamiga909.com.ar\/wp-content\/uploads\/2025\/03\/wp-header-logo-211-300x169.png",300,169,true],"medium_large":["https:\/\/fmamiga909.com.ar\/wp-content\/uploads\/2025\/03\/wp-header-logo-211.png",960,540,false],"large":["https:\/\/fmamiga909.com.ar\/wp-content\/uploads\/2025\/03\/wp-header-logo-211.png",640,360,false],"1536x1536":["https:\/\/fmamiga909.com.ar\/wp-content\/uploads\/2025\/03\/wp-header-logo-211.png",960,540,false],"2048x2048":["https:\/\/fmamiga909.com.ar\/wp-content\/uploads\/2025\/03\/wp-header-logo-211.png",960,540,false],"newsium-slider-full":["https:\/\/fmamiga909.com.ar\/wp-content\/uploads\/2025\/03\/wp-header-logo-211.png",960,540,false],"newsium-featured":["https:\/\/fmamiga909.com.ar\/wp-content\/uploads\/2025\/03\/wp-header-logo-211.png",960,540,false],"newsium-medium":["https:\/\/fmamiga909.com.ar\/wp-content\/uploads\/2025\/03\/wp-header-logo-211-720x475.png",720,475,true]},"author_info":{"display_name":"Fredy Giuliano","author_link":"https:\/\/fmamiga909.com.ar\/?author=3"},"category_info":"<a href=\"https:\/\/fmamiga909.com.ar\/?cat=21\" rel=\"category\">Deportes<\/a>","tag_info":"Deportes","comment_count":"0","_links":{"self":[{"href":"https:\/\/fmamiga909.com.ar\/index.php?rest_route=\/wp\/v2\/posts\/19315","targetHints":{"allow":["GET"]}}],"collection":[{"href":"https:\/\/fmamiga909.com.ar\/index.php?rest_route=\/wp\/v2\/posts"}],"about":[{"href":"https:\/\/fmamiga909.com.ar\/index.php?rest_route=\/wp\/v2\/types\/post"}],"author":[{"embeddable":true,"href":"https:\/\/fmamiga909.com.ar\/index.php?rest_route=\/wp\/v2\/users\/3"}],"replies":[{"embeddable":true,"href":"https:\/\/fmamiga909.com.ar\/index.php?rest_route=%2Fwp%2Fv2%2Fcomments&post=19315"}],"version-history":[{"count":0,"href":"https:\/\/fmamiga909.com.ar\/index.php?rest_route=\/wp\/v2\/posts\/19315\/revisions"}],"wp:featuredmedia":[{"embeddable":true,"href":"https:\/\/fmamiga909.com.ar\/index.php?rest_route=\/wp\/v2\/media\/19316"}],"wp:attachment":[{"href":"https:\/\/fmamiga909.com.ar\/index.php?rest_route=%2Fwp%2Fv2%2Fmedia&parent=19315"}],"wp:term":[{"taxonomy":"category","embeddable":true,"href":"https:\/\/fmamiga909.com.ar\/index.php?rest_route=%2Fwp%2Fv2%2Fcategories&post=19315"},{"taxonomy":"post_tag","embeddable":true,"href":"https:\/\/fmamiga909.com.ar\/index.php?rest_route=%2Fwp%2Fv2%2Ftags&post=19315"}],"curies":[{"name":"wp","href":"https:\/\/api.w.org\/{rel}","templated":true}]}}